{"id":106386,"date":"2025-12-03T07:09:08","date_gmt":"2025-12-03T07:09:08","guid":{"rendered":"https:\/\/www.europesays.com\/fi\/106386\/"},"modified":"2025-12-03T07:09:08","modified_gmt":"2025-12-03T07:09:08","slug":"kysely-kolme-neljasta-suomalaisesta-kannattaa-miljonaariveroa","status":"publish","type":"post","link":"https:\/\/www.europesays.com\/fi\/106386\/","title":{"rendered":"Kysely: Kolme nelj\u00e4st\u00e4 suomalaisesta kannattaa miljon\u00e4\u00e4riveroa"},"content":{"rendered":"<p><strong class=\"typography-bold\">Puolet kyselyn vastaajista oli sit\u00e4 mielt\u00e4, ett\u00e4 miljon\u00e4\u00e4rivero pit\u00e4isi ehdottomasti ottaa k\u00e4ytt\u00f6\u00f6n.<\/strong><\/p>\n<p>Kolme nelj\u00e4st\u00e4 suomalaisesta kannattaa niin sanottua miljon\u00e4\u00e4riveroa sosiaali- ja terveyspalveluiden rahoituksen turvaamiseksi, k\u00e4y ilmi vasemmistoliiton teett\u00e4m\u00e4st\u00e4 kyselyst\u00e4.<\/p>\n<p>Puolet kyselyn vastaajista oli sit\u00e4 mielt\u00e4, ett\u00e4 miljon\u00e4\u00e4rivero pit\u00e4isi ehdottomasti ottaa k\u00e4ytt\u00f6\u00f6n, ja joka nelj\u00e4s sanoi, ett\u00e4 vero todenn\u00e4k\u00f6isesti pit\u00e4isi ottaa k\u00e4ytt\u00f6\u00f6n.<\/p>\n<p>Vasemmistoliiton mallissa miljon\u00e4\u00e4rivero kohdistuisi yli miljoonan euron nettovarallisuuteen, johon ei lasketa mukaan omaa asuntoa.<\/p>\n<p>\u2013\u2009Tulos osoittaa, ett\u00e4 suomalaiset haluaisivat mieluummin verottaa suuria varallisuuksia kuin p\u00e4\u00e4st\u00e4\u00e4 elint\u00e4rke\u00e4t palvelut kriisiytym\u00e4\u00e4n, vasemmistoliiton puheenjohtaja <strong class=\"typography-bold\">Minja Koskela<\/strong><strong class=\"typography-bold\"> <\/strong>sanoo tiedotteessa.<\/p>\n<p>Lue my\u00f6s: <a class=\"underline\" data-testid=\"internal-link\" role=\"link\" data-sentry-element=\"Link\" data-sentry-component=\"InternalLink\" data-sentry-source-file=\"InternalLink.tsx\" href=\"https:\/\/www.mtvuutiset.fi\/artikkeli\/heita-on-suurin-kiittaminen-verotuloista\/9264320\" rel=\"nofollow noopener\" target=\"_blank\">Heit\u00e4 on suurin kiitt\u00e4minen verotuloista<\/a><\/p>\n<p>Verianin toteuttama kysely tehtiin t\u00e4n\u00e4 syksyn\u00e4 puoluebarometrin yhteydess\u00e4. Kysymykseen vastasi vajaat 1\u2009300 suomalaista.<\/p>\n<p>Kyselyn mukaan miljon\u00e4\u00e4riverolla on laajaa kannatusta my\u00f6s hallituspuolueiden \u00e4\u00e4nest\u00e4jien keskuudessa. Esimerkiksi kokoomuksen ja perussuomalaisten \u00e4\u00e4nest\u00e4jist\u00e4 yli puolet pit\u00e4\u00e4 veroa joko ehdottomasti tai todenn\u00e4k\u00f6isesti tarpeellisena.<\/p>\n<p>Vankinta miljon\u00e4\u00e4riveron kannatus on vasemmistoliiton \u00e4\u00e4nest\u00e4jien keskuudessa. Heist\u00e4 yli 90 prosenttia on veron k\u00e4ytt\u00f6\u00f6noton puolella.<\/p>\n","protected":false},"excerpt":{"rendered":"Puolet kyselyn vastaajista oli sit\u00e4 mielt\u00e4, ett\u00e4 miljon\u00e4\u00e4rivero pit\u00e4isi ehdottomasti ottaa k\u00e4ytt\u00f6\u00f6n. Kolme nelj\u00e4st\u00e4 suomalaisesta kannattaa niin sanottua&hellip;\n","protected":false},"author":2,"featured_media":87866,"comment_status":"","ping_status":"","sticky":false,"template":"","format":"standard","meta":{"footnotes":""},"categories":[5],"tags":[22,23,26,27,33,31,30,17,24,25,28,29,15,18,21,32,19,20,16],"class_list":{"0":"post-106386","1":"post","2":"type-post","3":"status-publish","4":"format-standard","5":"has-post-thumbnail","7":"category-otsikot","8":"tag-breaking-news","9":"tag-breakingnews","10":"tag-featured-news","11":"tag-featurednews","12":"tag-fi","13":"tag-finland","14":"tag-finnish","15":"tag-headlines","16":"tag-latest-news","17":"tag-latestnews","18":"tag-main-news","19":"tag-mainnews","20":"tag-news","21":"tag-otsikot","22":"tag-paauutiset","23":"tag-suomi","24":"tag-top-stories","25":"tag-topstories","26":"tag-uutiset"},"share_on_mastodon":{"url":"https:\/\/pubeurope.com\/@fi\/115654384909335136","error":""},"_links":{"self":[{"href":"https:\/\/www.europesays.com\/fi\/wp-json\/wp\/v2\/posts\/106386","targetHints":{"allow":["GET"]}}],"collection":[{"href":"https:\/\/www.europesays.com\/fi\/wp-json\/wp\/v2\/posts"}],"about":[{"href":"https:\/\/www.europesays.com\/fi\/wp-json\/wp\/v2\/types\/post"}],"author":[{"embeddable":true,"href":"https:\/\/www.europesays.com\/fi\/wp-json\/wp\/v2\/users\/2"}],"replies":[{"embeddable":true,"href":"https:\/\/www.europesays.com\/fi\/wp-json\/wp\/v2\/comments?post=106386"}],"version-history":[{"count":0,"href":"https:\/\/www.europesays.com\/fi\/wp-json\/wp\/v2\/posts\/106386\/revisions"}],"wp:featuredmedia":[{"embeddable":true,"href":"https:\/\/www.europesays.com\/fi\/wp-json\/wp\/v2\/media\/87866"}],"wp:attachment":[{"href":"https:\/\/www.europesays.com\/fi\/wp-json\/wp\/v2\/media?parent=106386"}],"wp:term":[{"taxonomy":"category","embeddable":true,"href":"https:\/\/www.europesays.com\/fi\/wp-json\/wp\/v2\/categories?post=106386"},{"taxonomy":"post_tag","embeddable":true,"href":"https:\/\/www.europesays.com\/fi\/wp-json\/wp\/v2\/tags?post=106386"}],"curies":[{"name":"wp","href":"https:\/\/api.w.org\/{rel}","templated":true}]}}