{"id":106389,"date":"2025-12-03T07:26:07","date_gmt":"2025-12-03T07:26:07","guid":{"rendered":"https:\/\/www.europesays.com\/fi\/106389\/"},"modified":"2025-12-03T07:26:07","modified_gmt":"2025-12-03T07:26:07","slug":"jason-stathamin-liukuhihna-rullaa-uusi-shelter-toimintaelokuva-on-nahty-jo-sata-kertaa","status":"publish","type":"post","link":"https:\/\/www.europesays.com\/fi\/106389\/","title":{"rendered":"Jason Stathamin liukuhihna rullaa &#8211; uusi Shelter-toimintaelokuva on n\u00e4hty jo sata kertaa"},"content":{"rendered":"<p>Tammikuun lopussa ensi-iltansa saava Greenland-ohjaajan Shelter ei omaper\u00e4isyydell\u00e4 juhli.<\/p>\n<p>Black Bear Pictures on julkaissut ensimm\u00e4isen trailerin ja julisteen Shelter-toimintatrillerist\u00e4, jonka p\u00e4\u00e4osassa n\u00e4hd\u00e4\u00e4n <a href=\"https:\/\/muropaketti.com\/avainsana\/jason-statham\/\" rel=\"nofollow noopener\" target=\"_blank\">Jason Statham<\/a>. J\u00e4nn\u00e4rirymistely saapuu Yhdysvalloissa valkokankaille 30. tammikuuta.<\/p>\n<p>Muun muassa Greenland-leffasta tutun Ric Roman Waughin ohjaaman Shelterin on k\u00e4sikirjoittanut Ward Parry. Leffan synopsis kertoo alkuper\u00e4iskielell\u00e4 seuraavaa:<\/p>\n<p>\u201dOn a remote coastal island, a reclusive man named Michael Mason rescues a young girl from a deadly storm, drawing them both into danger. Forced out of isolation, he must confront his turbulent past while protecting her, sending them on a tense journey of survival and redemption.\u201d<\/p>\n<p>Kyseess\u00e4 vaikuttaa olevan siis perinteisen liukuhihnamainen Statham-toimintaj\u00e4nn\u00e4ri.<\/p>\n<p>Shelter-leffassa n\u00e4hd\u00e4\u00e4n my\u00f6s muun muassa Bodhi Rae Breathnach (Hamnet), Naomi Ackie (Blink Twice), Bill Nighy (Living), Harriet Walter (Sense and Sensibility), Daniel Mays (The Bank Job), Bronson Webb (Ted Lasso), Anna Crilly (The Sixth Commandment) ja Steven Blades (The Devil\u2019s Hour).<\/p>\n<p>Jason Statham toimii my\u00f6s yhten\u00e4 elokuvansa vastaavista tuottajista. Shelterin mahdollisesta Suomen teatteriensi-illasta ei ole viel\u00e4 tietoa.<\/p>\n<blockquote class=\"instagram-media\" data-instgrm-captioned=\"\" data-instgrm-permalink=\"https:\/\/www.instagram.com\/p\/DRuZOrJDdzL\/?utm_source=ig_embed&amp;utm_campaign=loading\" data-instgrm-version=\"14\" style=\" background:#FFF; border:0; border-radius:3px; box-shadow:0 0 1px 0 rgba(0,0,0,0.5),0 1px 10px 0 rgba(0,0,0,0.15); margin: 1px; max-width:540px; min-width:326px; padding:0; width:99.375%; width:-webkit-calc(100% - 2px); width:calc(100% - 2px);\"\/>\n<p><script async src=\"\/\/www.instagram.com\/embed.js\"><\/script><\/p>\n","protected":false},"excerpt":{"rendered":"Tammikuun lopussa ensi-iltansa saava Greenland-ohjaajan Shelter ei omaper\u00e4isyydell\u00e4 juhli. Black Bear Pictures on julkaissut ensimm\u00e4isen trailerin ja julisteen&hellip;\n","protected":false},"author":2,"featured_media":106390,"comment_status":"","ping_status":"","sticky":false,"template":"","format":"standard","meta":{"footnotes":""},"categories":[131],"tags":[155,137,33,173,31,30,1831,172,20035,32,109],"class_list":{"0":"post-106389","1":"post","2":"type-post","3":"status-publish","4":"format-standard","5":"has-post-thumbnail","7":"category-elokuvat","8":"tag-elokuvat","9":"tag-entertainment","10":"tag-fi","11":"tag-film","12":"tag-finland","13":"tag-finnish","14":"tag-jason-statham","15":"tag-movies","16":"tag-ric-roman-waugh","17":"tag-suomi","18":"tag-viihde"},"share_on_mastodon":{"url":"https:\/\/pubeurope.com\/@fi\/115654451726438612","error":""},"_links":{"self":[{"href":"https:\/\/www.europesays.com\/fi\/wp-json\/wp\/v2\/posts\/106389","targetHints":{"allow":["GET"]}}],"collection":[{"href":"https:\/\/www.europesays.com\/fi\/wp-json\/wp\/v2\/posts"}],"about":[{"href":"https:\/\/www.europesays.com\/fi\/wp-json\/wp\/v2\/types\/post"}],"author":[{"embeddable":true,"href":"https:\/\/www.europesays.com\/fi\/wp-json\/wp\/v2\/users\/2"}],"replies":[{"embeddable":true,"href":"https:\/\/www.europesays.com\/fi\/wp-json\/wp\/v2\/comments?post=106389"}],"version-history":[{"count":0,"href":"https:\/\/www.europesays.com\/fi\/wp-json\/wp\/v2\/posts\/106389\/revisions"}],"wp:featuredmedia":[{"embeddable":true,"href":"https:\/\/www.europesays.com\/fi\/wp-json\/wp\/v2\/media\/106390"}],"wp:attachment":[{"href":"https:\/\/www.europesays.com\/fi\/wp-json\/wp\/v2\/media?parent=106389"}],"wp:term":[{"taxonomy":"category","embeddable":true,"href":"https:\/\/www.europesays.com\/fi\/wp-json\/wp\/v2\/categories?post=106389"},{"taxonomy":"post_tag","embeddable":true,"href":"https:\/\/www.europesays.com\/fi\/wp-json\/wp\/v2\/tags?post=106389"}],"curies":[{"name":"wp","href":"https:\/\/api.w.org\/{rel}","templated":true}]}}