{"id":106406,"date":"2025-12-03T07:50:09","date_gmt":"2025-12-03T07:50:09","guid":{"rendered":"https:\/\/www.europesays.com\/fi\/106406\/"},"modified":"2025-12-03T07:50:09","modified_gmt":"2025-12-03T07:50:09","slug":"sara-sieppi-amazing-race-suomi-paljastaa-uuden-puolen-katsojille","status":"publish","type":"post","link":"https:\/\/www.europesays.com\/fi\/106406\/","title":{"rendered":"Sara Sieppi: Amazing Race Suomi paljastaa uuden puolen katsojille"},"content":{"rendered":"<p>            Sanoma\n        <\/p>\n<p class=\"subtitle \">Amazing Race Suomen katsojat ovat kommentoineet ahkerasti tv-ruuduilla n\u00e4kem\u00e4\u00e4ns\u00e4 seikkailua.<\/p>\n<p class=\"article-content article-content-width !bg-background\">Nelosen Amazing Race Suomi -sarja on ehtinyt televisiossa kolmanteen jaksoon ja Ruutu+:ssa nelj\u00e4nteen jaksoon.\u00a0<\/p>\n<p class=\"font-weight-bold m-font-weight-bold article-content article-content-width !bg-background\">Video: Amazing Race -kisaajien pakkausvinkit.<\/p>\n<p class=\"article-content article-content-width !bg-background\">Esimerkiksi Jodelissa erityisen paljon tunteita ovat her\u00e4tt\u00e4neet sisarusten muodostamat parit. Jodlaajat kommentoivat erityisesti  ja -veljens\u00e4 kommelluksia.\u00a0<\/p>\n<p class=\"article-content article-content-width !bg-background\">\u2013\u00a0Sara Sieppi on yll\u00e4tt\u00e4ny mut t\u00e4ss\u00e4 ohjelmassa. Vaikuttaa silt\u00e4 et on jalat maassa ja oma itsens\u00e4. Ihana ett\u00e4 t\u00e4\u00e4 ohjelma muuttaa mielipiteit\u00e4 julkkiksista, yksi kommentoija ihastelee.<\/p>\n<p class=\"article-content article-content-width !bg-background\">\u2013\u00a0Joo en ois kyll\u00e4 aatellu mut Sara ja Artturi on ihan lemppareita, toinen jatkaa.<\/p>\n<p>        <a itemprop=\"url\" href=\"https:\/\/www.seiska.fi\/katso\/katsojat-huolestuivat-amazing-race-kisaajien-terveydesta\/2009400\" rel=\"nofollow noopener\" target=\"_blank\"><\/p>\n<p>\nAmazing Race\n<\/p>\n<p class=\"section-date\">\n        <strong class=\"article-section\" data-section=\"katso\"><br \/>\n            katso<br \/>\n        <\/strong><br \/>\n        2.12. 16:15\n    <\/p>\n<p>Katsojat huolestuivat Amazing Race -kisaajien terveydest\u00e4\n    <\/p>\n<p itemprop=\"description\" class=\"subtitle \">\n    Usean kilpailijan sairastuminen her\u00e4tt\u00e4\u00e4 my\u00f6s \u00e4rtymyst\u00e4 ja paheksuntaa.\n<\/p>\n<p>        <\/a><\/p>\n<p class=\"article-content article-content-width !bg-background\">\u2013\u00a0Sama homma! Sain Iholla-sarjasta erilaisen kuvan, niin t\u00e4m\u00e4 on kyl muuttanu sit\u00e4. Todella symppis ja jalat maassa. H\u00e4nest\u00e4 tulee hyv\u00e4 \u00e4iti.<\/p>\n<p class=\"article-content article-content-width !bg-background\">\u2013\u00a0Artturi on niiin ihana. Ja tykk\u00e4\u00e4n kyl Sarasta my\u00f6s. Hyv\u00e4 ja viihdytt\u00e4v\u00e4 duo.<\/p>\n<p>                <img loading=\"lazy\" decoding=\"async\" src=\"https:\/\/www.europesays.com\/fi\/wp-content\/uploads\/2025\/12\/2009894.webp\" width=\"576\" height=\"322\" title=\"Sara ja Artturi Sieppi her\u00e4tt\u00e4v\u00e4t ihastusta monissa katsojissa.\" alt=\"Sara Sieppi katsoo, kun Artturi Sieppi tasapainottelee kuppeja k\u00e4siens\u00e4 ja p\u00e4\u00e4ns\u00e4 p\u00e4\u00e4ll\u00e4.\" \/>            <\/p>\n<p>\n            Sara ja Artturi Sieppi her\u00e4tt\u00e4v\u00e4t ihastusta monissa katsojissa.<br \/>\n            Sanoma\n        <\/p>\n<p>        <a itemprop=\"url\" href=\"https:\/\/www.seiska.fi\/katso\/amazing-race-suomi-tuotanto-paljastaa-tiukat-saannot\/2006343\" rel=\"nofollow noopener\" target=\"_blank\"><\/p>\n<p>\nAmazing Race Suomi\n<\/p>\n<p class=\"section-date\">\n        <strong class=\"article-section\" data-section=\"katso\"><br \/>\n            katso<br \/>\n        <\/strong><br \/>\n        28.11. 11:15\n    <\/p>\n<p>Amazing Race Suomi: Tuotanto paljastaa tiukat s\u00e4\u00e4nn\u00f6t\n    <\/p>\n<p itemprop=\"description\" class=\"subtitle \">\n    Mit\u00e4 tapahtuu Amazing Race Suomessa jaetuille rahoille? Ent\u00e4 saavatko kilpailijat k\u00e4ytt\u00e4\u00e4 puhelimiaan vapaa-ajallaan?\n<\/p>\n<p>        <\/a><\/p>\n<p class=\"article-content article-content-width !bg-background\">\u2013\u00a0Ihana veli, joka kantoi Saran rinkankin portaita yl\u00f6s!<\/p>\n<p class=\"article-content article-content-width !bg-background\">\u2013\u00a0Toi oli niin velijuttu. Munki veli just tollanen. Sara ja Artturi on kyll\u00e4 mun lempparitiimi!<\/p>\n<p class=\"article-content article-content-width !bg-background\">\u2013\u00a0Sara on jotenki hauska tyyppi, en uskonut h\u00e4nen olevan noin ihana ja nauravainen.<\/p>\n<p class=\"article-content article-content-width !bg-background\">Amazing Race Suomen <a href=\"https:\/\/www.instagram.com\/reel\/DRw4NPnDlM8\/?igsh=MTkxZm9wZWg5YmZxOQ==\" target=\"_blank\" rel=\"nofollow noopener\">Instagram-tilill\u00e4<\/a> on julkaistu katkelma tulevasta jaksosta, jossa Saran ja Artturin l\u00e4mpimist\u00e4 v\u00e4leist\u00e4 saadaan uusi n\u00e4yte.<\/p>\n<p>Saran k\u00e4yt\u00f6st\u00e4 tulkitaan ristiriitaisesti<\/p>\n<p class=\"article-content article-content-width !bg-background\">Jonkin verran erimielisyytt\u00e4 Jodelin keskusteluissa her\u00e4tt\u00e4\u00e4 se, miten Saran k\u00e4yt\u00f6st\u00e4 velje\u00e4\u00e4n kohtaan pit\u00e4is tulkita.<\/p>\n<p class=\"article-content article-content-width !bg-background\">\u2013\u00a0Veli on tosi ihanan olonen, mutta hitto ett\u00e4 Sara on \u00e4rsytt\u00e4v\u00e4, tylytt\u00e4\u00e4 er\u00e4s kommentoija.<\/p>\n<p>        <a itemprop=\"url\" href=\"https:\/\/www.seiska.fi\/katso\/nina-tapio-amazing-race-tuotanto-mohli-paatepisteella\/2007904\" rel=\"nofollow noopener\" target=\"_blank\"><\/p>\n<p>\nAmazing Race Suomi\n<\/p>\n<p class=\"section-date\">\n        <strong class=\"article-section\" data-section=\"katso\"><br \/>\n            katso<br \/>\n        <\/strong><br \/>\n        2.12. 06:15\n    <\/p>\n<p>Nina Tapio: Amazing Race -tuotanto m\u00f6hli p\u00e4\u00e4tepisteell\u00e4\n    <\/p>\n<p itemprop=\"description\" class=\"subtitle \">\n    Amazing Race Suomen kulisseissa sattui ja tapahtui.\n<\/p>\n<p>        <\/a><\/p>\n<p class=\"article-content article-content-width !bg-background\">\u2013\u00a0Ja \u00e4rsytt\u00e4\u00e4 ehk\u00e4 enemm\u00e4n Sara\/sen jatkuva ylimielinen (?) h\u00f6p\u00f6tys siit\u00e4, et ai s\u00e4k\u00f6 et ole t\u00e4t\u00e4k\u00e4\u00e4n tehny, t\u00e4\u00e4ll\u00e4k\u00e4\u00e4n k\u00e4yny, tuotakaan n\u00e4hny, hihhih. Ja et nytp\u00e4 p\u00e4\u00e4set ulkomaille ekaa kertaa jne. Ihan kuin itse ois kokenu jo kaiken, toinen t\u00e4ydent\u00e4\u00e4.<\/p>\n<p class=\"article-content article-content-width !bg-background\">\u2013\u00a0Ai! Mun mielest\u00e4 se ei kuulosta ylimieliselt\u00e4. Enemm\u00e4nki innoissaan, kun veli p\u00e4\u00e4see kokee uusia juttuja. Mut n\u00e4in me koetaa asiat eri tavalla, kummastelee yksi katsoja erilaista tulkintaa.<\/p>\n<p class=\"article-content article-content-width !bg-background\">\u2013\u00a0Musta se on sellasta sisarusten v\u00e4list\u00e4 jonka ne osaa ottaa hyv\u00e4ll\u00e4 huumorilla. Artturi varsinki vaikuttaa tosi rauhalliselta. Mut mielenkiintoista n\u00e4hd\u00e4 mihin kehittyy. Kaksosilla taas voi pinna kiristy\u00e4 entisest\u00e4\u00e4n.<\/p>\n<p class=\"italic m-italic article-content article-content-width !bg-background\">Amazing Race Suomen seuraava jakso esitet\u00e4\u00e4n poikkeuksellisesti Nelosella jo perjantaina 5.12. kello 19.30. Jaksot julkaistaan Ruutu+:ssa viikko ennen tv-esityst\u00e4.<\/p>\n<p>        <a itemprop=\"url\" href=\"https:\/\/www.seiska.fi\/katso\/vakava-tilanne-amazing-racessa-yksi-kilpailijoista-ulos-ohjelmasta\/2005168\" rel=\"nofollow noopener\" target=\"_blank\"><\/p>\n<p>\nAmazing Racessa shokkitilanne:\n<\/p>\n<p class=\"section-date\">\n        <strong class=\"article-section\" data-section=\"katso\"><br \/>\n            katso<br \/>\n        <\/strong><br \/>\n        29.11. 06:15\n    <\/p>\n<p>Vakava tilanne Amazing Racessa: Yksi kilpailijoista ulos ohjelmasta\n    <\/p>\n<p itemprop=\"description\" class=\"subtitle \">\n    Amazing Race Suomi -ohjelman kolmannessa jaksossa n\u00e4hd\u00e4\u00e4n vakava tilanne, kun yksi kilpailijoista joutuu tiputukseen. Sis\u00e4lt\u00e4\u00e4 juonipaljastuksia.\n<\/p>\n<p>        <\/a><\/p>\n<p><script async src=\"\/\/www.instagram.com\/embed.js\"><\/script><\/p>\n","protected":false},"excerpt":{"rendered":"Sanoma Amazing Race Suomen katsojat ovat kommentoineet ahkerasti tv-ruuduilla n\u00e4kem\u00e4\u00e4ns\u00e4 seikkailua. Nelosen Amazing Race Suomi -sarja on ehtinyt&hellip;\n","protected":false},"author":2,"featured_media":106407,"comment_status":"","ping_status":"","sticky":false,"template":"","format":"standard","meta":{"footnotes":""},"categories":[133],"tags":[3177,16073,137,33,31,30,9635,15286,1758,2838,2158,3423,32,206,16079,156,109],"class_list":{"0":"post-106406","1":"post","2":"type-post","3":"status-publish","4":"format-standard","5":"has-post-thumbnail","7":"category-televisiot","8":"tag-amazing-race-suomi","9":"tag-artturi-sieppi","10":"tag-entertainment","11":"tag-fi","12":"tag-finland","13":"tag-finnish","14":"tag-jodel","15":"tag-maria-guzenina","16":"tag-nelonen","17":"tag-paula-noronen","18":"tag-ruutu","19":"tag-sara-sieppi","20":"tag-suomi","21":"tag-televisiot","22":"tag-tuomas-peltomaki","23":"tag-tv","24":"tag-viihde"},"share_on_mastodon":{"url":"https:\/\/pubeurope.com\/@fi\/115654546233367118","error":""},"_links":{"self":[{"href":"https:\/\/www.europesays.com\/fi\/wp-json\/wp\/v2\/posts\/106406","targetHints":{"allow":["GET"]}}],"collection":[{"href":"https:\/\/www.europesays.com\/fi\/wp-json\/wp\/v2\/posts"}],"about":[{"href":"https:\/\/www.europesays.com\/fi\/wp-json\/wp\/v2\/types\/post"}],"author":[{"embeddable":true,"href":"https:\/\/www.europesays.com\/fi\/wp-json\/wp\/v2\/users\/2"}],"replies":[{"embeddable":true,"href":"https:\/\/www.europesays.com\/fi\/wp-json\/wp\/v2\/comments?post=106406"}],"version-history":[{"count":0,"href":"https:\/\/www.europesays.com\/fi\/wp-json\/wp\/v2\/posts\/106406\/revisions"}],"wp:featuredmedia":[{"embeddable":true,"href":"https:\/\/www.europesays.com\/fi\/wp-json\/wp\/v2\/media\/106407"}],"wp:attachment":[{"href":"https:\/\/www.europesays.com\/fi\/wp-json\/wp\/v2\/media?parent=106406"}],"wp:term":[{"taxonomy":"category","embeddable":true,"href":"https:\/\/www.europesays.com\/fi\/wp-json\/wp\/v2\/categories?post=106406"},{"taxonomy":"post_tag","embeddable":true,"href":"https:\/\/www.europesays.com\/fi\/wp-json\/wp\/v2\/tags?post=106406"}],"curies":[{"name":"wp","href":"https:\/\/api.w.org\/{rel}","templated":true}]}}