{"id":106408,"date":"2025-12-03T07:52:07","date_gmt":"2025-12-03T07:52:07","guid":{"rendered":"https:\/\/www.europesays.com\/fi\/106408\/"},"modified":"2025-12-03T07:52:07","modified_gmt":"2025-12-03T07:52:07","slug":"harry-potterin-uusi-nayttelija-sekosi-saatuaan-daniel-radcliffelta-kirjeen","status":"publish","type":"post","link":"https:\/\/www.europesays.com\/fi\/106408\/","title":{"rendered":"Harry Potterin uusi n\u00e4yttelij\u00e4 sekosi saatuaan Daniel Radcliffelta kirjeen"},"content":{"rendered":"<p>HBO:n uusi Harry Potter -sarja alkaa vasta vuonna 2027.<\/p>\n<p>HBO tekee uutta <a href=\"https:\/\/muropaketti.com\/avainsana\/harry-potter\/\" rel=\"nofollow noopener\" target=\"_blank\">Harry Potter<\/a> -sarjaa, jonka nimikkoroolissa n\u00e4hd\u00e4\u00e4n Dominic McLaughlin.<\/p>\n<p>Reilu kuukausi sitten kerroimme Daniel Radcliffen l\u00e4hett\u00e4neen nuorelle n\u00e4yttelij\u00e4lle kirjeen, jossa h\u00e4n toivoi Harry Potter -kuvausten olevan McLaughlinille t\u00e4m\u00e4n el\u00e4m\u00e4n parasta aikaa:<\/p>\n<p><a href=\"https:\/\/muropaketti.com\/elokuvat\/elokuvauutiset\/daniel-radcliffe-paljasti-millaisen-viestin-han-lahetti-uudelle-harry-potterille\" target=\"_blank\" rel=\"noreferrer noopener nofollow\">Daniel Radcliffe paljasti millaisen viestin h\u00e4n l\u00e4hetti uudelle Harry Potterille<\/a><\/p>\n<p>Nyt BBC:n Saturday Mash-Up! Live -ohjelmassa vieraillut McLaughlin kertoo reaktiostaan luettuaan edelt\u00e4j\u00e4lt\u00e4\u00e4n saamansa viestin. H\u00e4n kertoo istuneensa junassa matkalla kotiin Glasgowiin is\u00e4ns\u00e4 annettua kirjeen h\u00e4nen luettavakseen. <\/p>\n<p>\u201dSe oli ihan hullua. Is\u00e4 vain taputti minua olkap\u00e4\u00e4lle ja antoi jonkin kirjeen. Luin sen l\u00e4pi ja lopussa n\u00e4in allekirjoituksen, jossa luki Dan R. Meinasin seota, mutta minun oli pakko pysy\u00e4 rauhallisena junamatkan ajan.\u201d <\/p>\n<blockquote class=\"reddit-embed-bq\" style=\"height:500px\" data-embed-height=\"567\"><p><a href=\"https:\/\/www.reddit.com\/r\/HarryPotteronHBO\/comments\/1pampfs\/dominic_mclaughlin_talks_about_getting_a_letter\/\" rel=\"nofollow noopener\" target=\"_blank\">Dominic McLaughlin talks about getting a letter from Daniel Radcliffe and filming!<\/a><br \/>by<a href=\"https:\/\/www.reddit.com\/user\/dbiwarrior\/\" rel=\"nofollow noopener\" target=\"_blank\">u\/dbiwarrior<\/a> in<a href=\"https:\/\/www.reddit.com\/r\/HarryPotteronHBO\/\" rel=\"nofollow noopener\" target=\"_blank\">HarryPotteronHBO<\/a><\/p><\/blockquote>\n<p>Uusi Harry Potter -sarja alkaa HBO Maxissa vuonna 2027.<\/p>\n<p>McLaughlinin lis\u00e4ksi sarjassa n\u00e4yttelev\u00e4t Arabella Stanton (Hermione Granger) ja Alastair Stout (Ron Weasley). Muihin rooleihin on kiinnitetty John Lithgow (Albus Dumbledore), Janet McTeer (Minerva McGonagall), Paapa Essiedu (Severus Snape), Nick Frost (Rubeus Hagrid), Luke Thallon (Quirinus Quirrell), Paul Whitehouse (Argus Filch), Katherine Parkinson (Molly Weasley), Lox Pratt (Draco Malfoy), Johnny Flynn (Lucius Malfoy), Leo Earley (Seamus Finnigan), Alessia Leoni (Parvati Patil), Sienna Moosah (Lavender Brown), Bel Powley (Petunia Dursley), Daniel Rigby (Vernon Dursley) ja Bertie Carvel (Cornelius Fudge).<\/p>\n","protected":false},"excerpt":{"rendered":"HBO:n uusi Harry Potter -sarja alkaa vasta vuonna 2027. HBO tekee uutta Harry Potter -sarjaa, jonka nimikkoroolissa n\u00e4hd\u00e4\u00e4n&hellip;\n","protected":false},"author":2,"featured_media":18468,"comment_status":"","ping_status":"","sticky":false,"template":"","format":"standard","meta":{"footnotes":""},"categories":[131],"tags":[19417,155,137,33,173,31,30,6341,4207,6730,172,1369,32,109],"class_list":{"0":"post-106408","1":"post","2":"type-post","3":"status-publish","4":"format-standard","5":"has-post-thumbnail","7":"category-elokuvat","8":"tag-daniel-radcliffe","9":"tag-elokuvat","10":"tag-entertainment","11":"tag-fi","12":"tag-film","13":"tag-finland","14":"tag-finnish","15":"tag-harry-potter-sarja","16":"tag-harry-potter","17":"tag-hbo","18":"tag-movies","19":"tag-sarjat","20":"tag-suomi","21":"tag-viihde"},"share_on_mastodon":{"url":"https:\/\/pubeurope.com\/@fi\/115654554093803137","error":""},"_links":{"self":[{"href":"https:\/\/www.europesays.com\/fi\/wp-json\/wp\/v2\/posts\/106408","targetHints":{"allow":["GET"]}}],"collection":[{"href":"https:\/\/www.europesays.com\/fi\/wp-json\/wp\/v2\/posts"}],"about":[{"href":"https:\/\/www.europesays.com\/fi\/wp-json\/wp\/v2\/types\/post"}],"author":[{"embeddable":true,"href":"https:\/\/www.europesays.com\/fi\/wp-json\/wp\/v2\/users\/2"}],"replies":[{"embeddable":true,"href":"https:\/\/www.europesays.com\/fi\/wp-json\/wp\/v2\/comments?post=106408"}],"version-history":[{"count":0,"href":"https:\/\/www.europesays.com\/fi\/wp-json\/wp\/v2\/posts\/106408\/revisions"}],"wp:featuredmedia":[{"embeddable":true,"href":"https:\/\/www.europesays.com\/fi\/wp-json\/wp\/v2\/media\/18468"}],"wp:attachment":[{"href":"https:\/\/www.europesays.com\/fi\/wp-json\/wp\/v2\/media?parent=106408"}],"wp:term":[{"taxonomy":"category","embeddable":true,"href":"https:\/\/www.europesays.com\/fi\/wp-json\/wp\/v2\/categories?post=106408"},{"taxonomy":"post_tag","embeddable":true,"href":"https:\/\/www.europesays.com\/fi\/wp-json\/wp\/v2\/tags?post=106408"}],"curies":[{"name":"wp","href":"https:\/\/api.w.org\/{rel}","templated":true}]}}