{"id":106421,"date":"2025-12-03T08:01:11","date_gmt":"2025-12-03T08:01:11","guid":{"rendered":"https:\/\/www.europesays.com\/fi\/106421\/"},"modified":"2025-12-03T08:01:11","modified_gmt":"2025-12-03T08:01:11","slug":"lapissa-useita-ulosajoja-maan-pohjoisosaan-varoitus-huonosta-ajokelista","status":"publish","type":"post","link":"https:\/\/www.europesays.com\/fi\/106421\/","title":{"rendered":"Lapissa useita ulosajoja \u2013 maan pohjoisosaan varoitus huonosta ajokelist\u00e4"},"content":{"rendered":"<p>    <img decoding=\"async\" class=\"responsive-image article__image-image lozad\"   src=\"https:\/\/www.europesays.com\/fi\/wp-content\/uploads\/2025\/12\/bgwMKihnqjVUvSeUEAKORgESo0f3BRAum7rpTMJu5gEgN1o1XgOqDXYEuyby-MdvsCTSZPhWTU26gpC_d1hKHMuvgsqrZ5ZiwSkT.jpeg\" alt=\"Pohjois-Lapissa ajokeli on eritt\u00e4in huono lumisateen ja p\u00f6lly\u00e4v\u00e4n lumen vuoksi, etel\u00e4mm\u00e4ss\u00e4 on hyvin liukasta. Onnettomuusriski on huomattava, kertoo Ilmatieteen laitos.\"\/><\/p>\n<p>\n                Pohjois-Lapissa ajokeli on eritt\u00e4in huono lumisateen ja p\u00f6lly\u00e4v\u00e4n lumen vuoksi, etel\u00e4mm\u00e4ss\u00e4 on hyvin liukasta. Onnettomuusriski on huomattava, kertoo Ilmatieteen laitos.\n              <\/p>\n<p>\n                Kuva: Anssi Jokiranta\n              <\/p>\n<p class=\"article__paragraph\">\n      S\u00e4\u00e4n lauhtumisen my\u00f6t\u00e4 ajokeli on Lapissa todella huono. Se on johtanut useisiin tielt\u00e4 suistumisiin. Maan pohjoisosassa on voimassa varoitus huonosta ajokelist\u00e4.\n    <\/p>\n<p class=\"article__paragraph\">\n      Tiistain ja keskiviikon v\u00e4lisen\u00e4 y\u00f6n\u00e4 Rovaniemen Muurolan kohdalla rekka ajautui ulos tielt\u00e4. Henkil\u00f6vahingoilta v\u00e4ltyttiin, ja rekkakin pysyi renkaillaan.\n    <\/p>\n<p class=\"article__paragraph\">\n      Keskiviikkoaamuna Muoniossa ulkomaalainen rekka oli suistunut ojaan. Tiistaina ulosajoja oli Lapissa nelj\u00e4. Niiss\u00e4 ei aiheutunut henkil\u00f6vahinkoja.\n    <\/p>\n<p class=\"article__paragraph\">\n      \u2013\u202fPaikalliset varmaan ymm\u00e4rt\u00e4v\u00e4t, ett\u00e4 nyt on liukasta. Mutta t\u00e4\u00e4ll\u00e4 v\u00e4h\u00e4n j\u00e4nnitet\u00e4\u00e4n, mihin tilanne muotoutuu, kun turistit l\u00e4htev\u00e4t liikenteeseen vuokra-autoillaan, kertoo p\u00e4ivyst\u00e4v\u00e4 palomestari Jukka Huttunen Lapin pelastuslaitokselta.\n    <\/p>\n<p>      Matkantekoon varattava aikaa<\/p>\n<p class=\"article__paragraph\">\n      Pelastuslaitokselta muistutetaan, ett\u00e4 nyt on t\u00e4rke\u00e4\u00e4 varata reilusti aikaa matkantekoon. Turhat ohitukset tulee j\u00e4tt\u00e4\u00e4 pois ja pit\u00e4\u00e4 hyv\u00e4t turvav\u00e4lit.\n    <\/p>\n<p class=\"article__paragraph\">\n      Huttusen mukaan tiistain ja keskiviikon v\u00e4lisen y\u00f6n teht\u00e4v\u00e4lle ment\u00e4ess\u00e4 Nelostiell\u00e4 oli niin liukasta, ett\u00e4 pelastuslaitoksen yksikk\u00f6 ajoi kohteeseen loppumatkan 20\u201330 kilometrin tuntivauhtia.\n    <\/p>\n<p class=\"article__paragraph\">\n      \u2013\u202fIso auto ei pys\u00e4hdy helposti. Meid\u00e4n t\u00e4ytyy p\u00e4\u00e4st\u00e4 kohteeseen siten, ett\u00e4 renkaat ovat maata vasten.\n    <\/p>\n","protected":false},"excerpt":{"rendered":"Pohjois-Lapissa ajokeli on eritt\u00e4in huono lumisateen ja p\u00f6lly\u00e4v\u00e4n lumen vuoksi, etel\u00e4mm\u00e4ss\u00e4 on hyvin liukasta. Onnettomuusriski on huomattava, kertoo&hellip;\n","protected":false},"author":2,"featured_media":106422,"comment_status":"","ping_status":"","sticky":false,"template":"","format":"standard","meta":{"footnotes":""},"categories":[5],"tags":[22,23,26,27,33,31,30,17,24,25,28,29,15,18,21,32,19,20,16],"class_list":{"0":"post-106421","1":"post","2":"type-post","3":"status-publish","4":"format-standard","5":"has-post-thumbnail","7":"category-otsikot","8":"tag-breaking-news","9":"tag-breakingnews","10":"tag-featured-news","11":"tag-featurednews","12":"tag-fi","13":"tag-finland","14":"tag-finnish","15":"tag-headlines","16":"tag-latest-news","17":"tag-latestnews","18":"tag-main-news","19":"tag-mainnews","20":"tag-news","21":"tag-otsikot","22":"tag-paauutiset","23":"tag-suomi","24":"tag-top-stories","25":"tag-topstories","26":"tag-uutiset"},"share_on_mastodon":{"url":"https:\/\/pubeurope.com\/@fi\/115654589550970113","error":""},"_links":{"self":[{"href":"https:\/\/www.europesays.com\/fi\/wp-json\/wp\/v2\/posts\/106421","targetHints":{"allow":["GET"]}}],"collection":[{"href":"https:\/\/www.europesays.com\/fi\/wp-json\/wp\/v2\/posts"}],"about":[{"href":"https:\/\/www.europesays.com\/fi\/wp-json\/wp\/v2\/types\/post"}],"author":[{"embeddable":true,"href":"https:\/\/www.europesays.com\/fi\/wp-json\/wp\/v2\/users\/2"}],"replies":[{"embeddable":true,"href":"https:\/\/www.europesays.com\/fi\/wp-json\/wp\/v2\/comments?post=106421"}],"version-history":[{"count":0,"href":"https:\/\/www.europesays.com\/fi\/wp-json\/wp\/v2\/posts\/106421\/revisions"}],"wp:featuredmedia":[{"embeddable":true,"href":"https:\/\/www.europesays.com\/fi\/wp-json\/wp\/v2\/media\/106422"}],"wp:attachment":[{"href":"https:\/\/www.europesays.com\/fi\/wp-json\/wp\/v2\/media?parent=106421"}],"wp:term":[{"taxonomy":"category","embeddable":true,"href":"https:\/\/www.europesays.com\/fi\/wp-json\/wp\/v2\/categories?post=106421"},{"taxonomy":"post_tag","embeddable":true,"href":"https:\/\/www.europesays.com\/fi\/wp-json\/wp\/v2\/tags?post=106421"}],"curies":[{"name":"wp","href":"https:\/\/api.w.org\/{rel}","templated":true}]}}