{"id":106425,"date":"2025-12-03T08:17:08","date_gmt":"2025-12-03T08:17:08","guid":{"rendered":"https:\/\/www.europesays.com\/fi\/106425\/"},"modified":"2025-12-03T08:17:08","modified_gmt":"2025-12-03T08:17:08","slug":"unitas-sigma-levylla-15-suomalaisartistia-versioi-rappari-cheekin-kappaleita","status":"publish","type":"post","link":"https:\/\/www.europesays.com\/fi\/106425\/","title":{"rendered":"Unitas Sigma -levyll\u00e4 15 suomalaisartistia versioi r\u00e4pp\u00e4ri Cheekin kappaleita"},"content":{"rendered":"<p>Yll\u00e4tysjulkaisu|Unitas Sigma -levyll\u00e4 on yhteens\u00e4 kymmenen kappaletta Jare Tiihosen uran eri ajoilta. Tiihonen kertoo HS:lle olevansa otettu siit\u00e4, ett\u00e4 suomalaisr\u00e4pp\u00e4rit ovat halunneet versioida h\u00e4nen kappaleitaan.<\/p>\n<p>Lue tiivistelm\u00e4<\/p>\n<p>Tiivistelm\u00e4 on teko\u00e4lyn tekem\u00e4 ja ihmisen tarkistama.<\/p>\n<p class=\"article-body mb-nof-24 px-nof-16 sndp-summary-bullet-point-font\">Perjantaina julkaistaan Unitas Sigma -levy, jolla 15 suomalaisartistia versioi r\u00e4pp\u00e4ri Cheekin kappaleita.<\/p>\n<p class=\"article-body mb-nof-24 px-nof-16 sndp-summary-bullet-point-font\">Mukana ovat muun muassa Ibe, VJ, Sara Bee, Jami Faltin, Etta, JVG, Pete Parkkonen ja Jenni Vartiainen.<\/p>\n<p class=\"article-body mb-nof-24 px-nof-16 sndp-summary-bullet-point-font\">Levy kunnioittaa Cheekin uraa, joka p\u00e4\u00e4ttyi vuonna 2018, ja julkaistaan kymmenen vuotta Alpha Omega -levyn j\u00e4lkeen.<\/p>\n<p class=\"article-body mb-nof-24 px-nof-16 sndp-summary-bullet-point-font\">Cheek kertoo Helsingin Sanomille olevansa otettu siit\u00e4, ett\u00e4 artistit haluavat versioida h\u00e4nen kappaleitaan.<\/p>\n<p class=\"article-body mb-nof-24 px-nof-16\">Perjantaina julkaistaan pitk\u00e4\u00e4n valmisteltu yll\u00e4tysprojekti, jonka ensimm\u00e4iset vihjaukset ilmestyiv\u00e4t sosiaaliseen mediaan maanantaina 1. joulukuuta.<\/p>\n<p class=\"article-body mb-nof-24 px-nof-16\">Unitas Sigma -nimisell\u00e4 albumilla yhteens\u00e4 15 suomalaisartistia versioi uusiksi vuonna 2018 uransa p\u00e4\u00e4tt\u00e4neen r\u00e4pp\u00e4rin Cheekin, oikealta nimelt\u00e4\u00e4n <a class=\"article-personlink\" href=\"https:\/\/www.hs.fi\/haku\/?query=Jare%20Tiihonen\" rel=\"nofollow noopener\" target=\"_blank\">Jare Tiihonen<\/a>, kappaleita.<\/p>\n<p class=\"article-body mb-nof-24 px-nof-16\">Mukana ovat <a class=\"article-personlink\" href=\"https:\/\/www.hs.fi\/haku\/?query=Ibe\" rel=\"nofollow noopener\" target=\"_blank\">Ibe<\/a> (kappaleella Mit\u00e4 t\u00e4nne j\u00e4\u00e4), <a class=\"article-personlink\" href=\"https:\/\/www.hs.fi\/haku\/?query=VJ\" rel=\"nofollow noopener\" target=\"_blank\">VJ<\/a> ja <a class=\"article-personlink\" href=\"https:\/\/www.hs.fi\/haku\/?query=Sara%20Bee\" rel=\"nofollow noopener\" target=\"_blank\">Sara Bee<\/a> (Avaimet mun kiesiin), <a class=\"article-personlink\" href=\"https:\/\/www.hs.fi\/haku\/?query=Jami%20Faltin\" rel=\"nofollow noopener\" target=\"_blank\">Jami Faltin <\/a>(Leveell\u00e4), <a class=\"article-personlink\" href=\"https:\/\/www.hs.fi\/haku\/?query=Etta\" rel=\"nofollow noopener\" target=\"_blank\">Etta<\/a> (Syyp\u00e4\u00e4 sun hymyyn), JVG ja <a class=\"article-personlink\" href=\"https:\/\/www.hs.fi\/haku\/?query=Pete%20Parkkonen\" rel=\"nofollow noopener\" target=\"_blank\">Pete Parkkonen<\/a> (Sillat), M\/\/O (Housut roikkuu), <a class=\"article-personlink\" href=\"https:\/\/www.hs.fi\/haku\/?query=Ares\" rel=\"nofollow noopener\" target=\"_blank\">Ares<\/a> (Niille joil on paha olla), <a class=\"article-personlink\" href=\"https:\/\/www.hs.fi\/haku\/?query=Melo\" rel=\"nofollow noopener\" target=\"_blank\">Melo<\/a> (S\u00e4 huudat), <a class=\"article-personlink\" href=\"https:\/\/www.hs.fi\/haku\/?query=Lukas%20Leon\" rel=\"nofollow noopener\" target=\"_blank\">Lukas Leon<\/a> (Jehu) sek\u00e4 <a class=\"article-personlink\" href=\"https:\/\/www.hs.fi\/haku\/?query=Bizi\" rel=\"nofollow noopener\" target=\"_blank\">Bizi<\/a> ja <a class=\"article-personlink\" href=\"https:\/\/www.hs.fi\/haku\/?query=Jenni%20Vartiainen\" rel=\"nofollow noopener\" target=\"_blank\">Jenni Vartiainen<\/a> (Anna m\u00e4 meen).<\/p>\n<p class=\"article-body mb-nof-24 px-nof-16\">Aiheesta alkoi tihkua tietoa maanantaiaamup\u00e4iv\u00e4n\u00e4, kun yksi kerrallaan artistit julkaisivat sosiaalisen median tileill\u00e4\u00e4n videoita, jotka vihjasivat yhteisest\u00e4 projektista.<\/p>\n<p class=\"article-body mb-nof-24 px-nof-16\">Sosiaalisen median kanavissa, kuten Tiktokissa ja Jodelissa, projektin luonnetta alettiin spekuloida pian, ja monet yhdistiv\u00e4t sen Cheekiin muun muassa julkaisuissa k\u00e4ytetyn kreikkalaisen kirjaimiston sigma-kirjaimen ansiosta.<\/p>\n<p class=\"article-body mb-nof-24 px-nof-16\">Cheek itse hy\u00f6dynsi kreikkalaisen aakkoston ensimm\u00e4ist\u00e4 ja viimeist\u00e4 kirjainta uransa viimeisell\u00e4 levyll\u00e4 Alpha Omega.<\/p>\n<p class=\"article-body mb-nof-24 px-nof-16\">T\u00e4n\u00e4 syksyn\u00e4 tuli t\u00e4yteen kymmenen vuotta Alpha Omega -levyn julkaisusta, mik\u00e4 on ollut levyn julkaisusta vastaavan Sony Musicin mukaan yksi keskeinen syy Unitas Sigma -projektin toteuttamiseen juuri nyt.<\/p>\n<p><img decoding=\"async\" src=\"https:\/\/www.europesays.com\/fi\/wp-content\/uploads\/2025\/12\/1764749828_263_468.jpg\" alt=\"Jare Tiihonen kertoo HS:lle olevansa otettu projektista.\" class=\"_Img_1rerz_1\" style=\"aspect-ratio:1.5\" loading=\"eager\"\/><\/p>\n<p class=\"article-picture-caption\">Jare Tiihonen kertoo HS:lle olevansa otettu projektista. Kuva:\u00a0Tuomas Sel\u00e4nne<\/p>\n<p class=\"article-body mb-nof-24 px-nof-16\">Tiihonen kommentoi uraansa kunnioittavan Unitas Sigma -levyn julkaisua HS:lle tekstiviestitse. H\u00e4n sanoo arvostavansa elett\u00e4 suuresti ja pit\u00e4neens\u00e4 kaikista uusista versioista.<\/p>\n<p class=\"article-body mb-nof-24 px-nof-16\">Tiihonen kertoo, ett\u00e4 h\u00e4nelle on tullut kuluneen vuoden aikana useita kyselyit\u00e4, joissa on pyydetty lupaa samplata h\u00e4nen vanhoja kappaleitaan. Sen vuoksi idea kokonaisesta h\u00e4nen biiseist\u00e4\u00e4n tehtyihin uusiin versioihin keskittyv\u00e4st\u00e4 albumista tuntui Tiihosen mielest\u00e4 hyv\u00e4lt\u00e4.<\/p>\n<p class=\"article-body mb-nof-24 px-nof-16\">\u201dEn ole koskaan ollut takertunut ajatukseen, ett\u00e4 tekem\u00e4ni laulut olisivat jotenkin ainoita oikeita versioita niist\u00e4. Ne ovat sellaisia, mit\u00e4 mun kyn\u00e4st\u00e4ni on kyseisten biisien julkaisuvuonna tullut. Olen otettu, jos joku haluaa versioida ne eri muotoon ja omann\u00e4k\u00f6isikseen\u201d, Tiihonen kirjoittaa.<\/p>\n<p class=\"article-body mb-nof-24 px-nof-16\">Tiihonen my\u00f6nt\u00e4\u00e4, ett\u00e4 h\u00e4nelle itselleenkin her\u00e4si uusia ajatuksia useammastakin kappaleestaan kuultuaan niist\u00e4 tehdyt uudet versiot.<\/p>\n<p class=\"article-body mb-nof-24 px-nof-16\">\u201dEsimerkiksi kun kuulin todella toimivan VJ:n ja Sara Been Avaimet mun kiesiin -version, mietin, ett\u00e4 ehk\u00e4 se orkkiskaan [alkuper\u00e4inen versio] ei lopulta ole p\u00f6ll\u00f6mpi biisi.\u201d<\/p>\n<p class=\"article-body mb-nof-24 px-nof-16\">Avaimet mun kiesiin -kappaleen uuden version toinen esitt\u00e4jist\u00e4 Sara Bee, oikealta nimelt\u00e4\u00e4n <a class=\"article-personlink\" href=\"https:\/\/www.hs.fi\/haku\/?query=Sara%20Beldjerd\" rel=\"nofollow noopener\" target=\"_blank\">Sara Beldjerd<\/a>, kertoo HS:lle, ett\u00e4 levyll\u00e4 mukana olo on h\u00e4nen uransa isoin asia t\u00e4h\u00e4n menness\u00e4.<\/p>\n<p class=\"article-body mb-nof-24 px-nof-16\">26-vuotias Beldjerd julkaisi ensimm\u00e4isen oman kappaleensa vuonna 2022. H\u00e4nen kappaleistaan esimerkiksi Luuleks on ker\u00e4nnyt merkitt\u00e4vi\u00e4 kuuntelum\u00e4\u00e4ri\u00e4 Spotifyssa. Cheekin artistiuran viimeisten vuosien aikana Beldjerd oli teini-ik\u00e4inen.<\/p>\n<p class=\"article-body mb-nof-24 px-nof-16\">\u201dCheek on legendaarinen artisti, kaikkihan h\u00e4nt\u00e4 ovat aikoinaan kuunnelleet. Muistan erityisen hyvin Cheekin musiikkivideot, joissa on vahvasti jenkkimeininki\u00e4.\u201d<\/p>\n<p class=\"article-body mb-nof-24 px-nof-16\">Beldjerd kertoo, ett\u00e4 he l\u00e4htiv\u00e4t yhdess\u00e4 r\u00e4pp\u00e4ri VJ:n, oikealta nimelt\u00e4\u00e4n <a class=\"article-personlink\" href=\"https:\/\/www.hs.fi\/haku\/?query=Kieran%20Richardson\" rel=\"nofollow noopener\" target=\"_blank\">Kieran Richardson<\/a>, kanssa tekem\u00e4\u00e4n tietoisesti p\u00e4ivitetty\u00e4 versiota Avaimet mun kiesiin -kappaleesta. Se ilmestyi vuonna 2004, yli 20 vuotta sitten.<\/p>\n<p class=\"article-body mb-nof-24 px-nof-16\">\u201dAlkuper\u00e4isess\u00e4 biisiss\u00e4 nainen on ollut saalis, mutta t\u00e4ss\u00e4 meid\u00e4n versiossamme l\u00e4hdimme siit\u00e4, ett\u00e4 m\u00e4 olenkin se boss\u201d, Beldjerd kertoo.<\/p>\n<p class=\"article-body mb-nof-24 px-nof-16\">Beldjerd on otettu siit\u00e4, ett\u00e4 saa olla naisr\u00e4pp\u00e4rin\u00e4 mukana Unitas Sigma -levyll\u00e4.<\/p>\n<p class=\"article-body mb-nof-24 px-nof-16\">\u201dCheekin aloittaessa r\u00e4ppibiireiss\u00e4 oli naisia viel\u00e4 paljon v\u00e4hemm\u00e4n biisintekij\u00f6in\u00e4, he olivat useammin laulajina mukana kappaleilla. On hienoa olla naisr\u00e4pp\u00e4rin\u00e4 mukana t\u00e4llaisella puhtaalla r\u00e4ppilevyll\u00e4\u201d, h\u00e4n sanoo.<\/p>\n","protected":false},"excerpt":{"rendered":"Yll\u00e4tysjulkaisu|Unitas Sigma -levyll\u00e4 on yhteens\u00e4 kymmenen kappaletta Jare Tiihosen uran eri ajoilta. Tiihonen kertoo HS:lle olevansa otettu siit\u00e4,&hellip;\n","protected":false},"author":2,"featured_media":106426,"comment_status":"","ping_status":"","sticky":false,"template":"","format":"standard","meta":{"footnotes":""},"categories":[132],"tags":[137,33,31,30,46,195,47,32,109],"class_list":{"0":"post-106425","1":"post","2":"type-post","3":"status-publish","4":"format-standard","5":"has-post-thumbnail","7":"category-musiikki","8":"tag-entertainment","9":"tag-fi","10":"tag-finland","11":"tag-finnish","12":"tag-helsingin-sanomat","13":"tag-music","14":"tag-musiikki","15":"tag-suomi","16":"tag-viihde"},"share_on_mastodon":{"url":"https:\/\/pubeurope.com\/@fi\/115654652533503621","error":""},"_links":{"self":[{"href":"https:\/\/www.europesays.com\/fi\/wp-json\/wp\/v2\/posts\/106425","targetHints":{"allow":["GET"]}}],"collection":[{"href":"https:\/\/www.europesays.com\/fi\/wp-json\/wp\/v2\/posts"}],"about":[{"href":"https:\/\/www.europesays.com\/fi\/wp-json\/wp\/v2\/types\/post"}],"author":[{"embeddable":true,"href":"https:\/\/www.europesays.com\/fi\/wp-json\/wp\/v2\/users\/2"}],"replies":[{"embeddable":true,"href":"https:\/\/www.europesays.com\/fi\/wp-json\/wp\/v2\/comments?post=106425"}],"version-history":[{"count":0,"href":"https:\/\/www.europesays.com\/fi\/wp-json\/wp\/v2\/posts\/106425\/revisions"}],"wp:featuredmedia":[{"embeddable":true,"href":"https:\/\/www.europesays.com\/fi\/wp-json\/wp\/v2\/media\/106426"}],"wp:attachment":[{"href":"https:\/\/www.europesays.com\/fi\/wp-json\/wp\/v2\/media?parent=106425"}],"wp:term":[{"taxonomy":"category","embeddable":true,"href":"https:\/\/www.europesays.com\/fi\/wp-json\/wp\/v2\/categories?post=106425"},{"taxonomy":"post_tag","embeddable":true,"href":"https:\/\/www.europesays.com\/fi\/wp-json\/wp\/v2\/tags?post=106425"}],"curies":[{"name":"wp","href":"https:\/\/api.w.org\/{rel}","templated":true}]}}