{"id":106451,"date":"2025-12-03T08:48:10","date_gmt":"2025-12-03T08:48:10","guid":{"rendered":"https:\/\/www.europesays.com\/fi\/106451\/"},"modified":"2025-12-03T08:48:10","modified_gmt":"2025-12-03T08:48:10","slug":"nyt-suoratoistona-raju-oscar-sotaelokuva-ei-kaunistele-mitaan-raaat-kohtaukset-koettelevat-katsojan-sietokykya","status":"publish","type":"post","link":"https:\/\/www.europesays.com\/fi\/106451\/","title":{"rendered":"Nyt suoratoistona: Raju Oscar-sotaelokuva ei kaunistele mit\u00e4\u00e4n \u2013 raa&#8217;at kohtaukset koettelevat katsojan sietokyky\u00e4"},"content":{"rendered":"<p>Yksi <strong>Charlie Sheenin<\/strong> uran kirkkaimmista suorituksista l\u00f6ytyy <strong>Oliver Stonen<\/strong> ohjaamasta elokuvasta Platoon \u2013 nuoret sotilaat (1984). Nelinkertainen Oscar-voittajaelokuva on nyt katsottavissa Prime Videossa.<\/p>\n<p>Elokuva seuraa Sheenin esitt\u00e4m\u00e4\u00e4 nuorta vapaaehtoista sotilasta, joka joutuu keskelle sodan raakaa todellisuutta. Siin\u00e4 todellisuudessa vihollinen ei ole aina se yksiselitteisin. Elokuva ammentaa paljon Stonen omista kokemuksista Vietnamissa, mik\u00e4 tuo tarinaan aitoutta.<\/p>\n<p><strong>Tom Berenger <\/strong>tekee kylm\u00e4\u00e4v\u00e4n tulkinnan armottomana Barnesina, kun taas <strong>Willem Dafoe<\/strong> esitt\u00e4\u00e4 sotilasta, jonka moraali s\u00e4ilyy kaaoksenkin keskell\u00e4. Mukana vilahtaa my\u00f6s nuori <strong>Johnny Depp <\/strong>uransa alkutaipaleella.<\/p>\n<p>Lue my\u00f6s: <a href=\"https:\/\/www.episodi.fi\/uutiset\/mel-gibson-hylkasi-kaksi-kovaa-leffaa-valitsi-niiden-sijaan-illan-hittielokuvan\/\" title=\"Mel Gibson hylk\u00e4si kaksi kovaa leffaa \u2013 valitsi niiden sijaan illan hittielokuvan\" class=\"underline-custom !font-montserrat !font-bold !underline-offset-4 !decoration-4 !decoration-episodi-blue !text-md\" rel=\"nofollow noopener\" target=\"_blank\">Mel Gibson hylk\u00e4si kaksi kovaa leffaa \u2013 valitsi niiden sijaan illan hittielokuvan<\/a><\/p>\n<p><img loading=\"lazy\" height=\"744\" width=\"1244\" class=\"wp-image-149097 sp-no-webp perfmatters-lazy\" alt=\"\" decoding=\"async\" src=\"https:\/\/www.europesays.com\/fi\/wp-content\/uploads\/2025\/12\/platoon-1-charlie-sheen-3.jpg\"  data-\/> Charlie Sheen.<\/p>\n<p>Kingi\u00e4 esitt\u00e4v\u00e4 n\u00e4yttelij\u00e4 <strong>Keith David<\/strong> pelasti kuvauksissa Charlie Sheenin hengen. Avoimin sivuovin lent\u00e4nyt helikopteri k\u00e4\u00e4ntyi liian jyrk\u00e4sti ja heitti Sheenin kohti avointa ovea. David sai h\u00e4net onneksi kiinni ennen tipahtamista.<\/p>\n<p>Platoon voitti Oscarin muun muassa parhaasta elokuvasta ja parhaasta ohjauksesta. Berenger ja Dafoe olivat molemmat ehdolla parhaasta sivuosasta.<\/p>\n<p>Elokuvan kriitikkomittari Rotten Tomatoesissa on luvussa 89 ja yleis\u00f6mittari luvussa 93. Sivuston konsensusteksti kuuluu seuraavasti:<\/p>\n<p>\u201dOhjaaja Oliver Stonen omiin Vietnam-kokemuksiin pohjautuva Platoon ei sorru yksinkertaiseen saarnaamiseen, vaan n\u00e4ytt\u00e4\u00e4 sodan karuuden suoraan maantasolta. Charlie Sheenin ja Willem Dafoen tinkim\u00e4tt\u00f6m\u00e4t roolisuoritukset vahvistavat kokonaisuutta entisest\u00e4\u00e4n.\u201d<\/p>\n<p>Elokuva on my\u00f6s Yle Areenassa. Alla traileri.<\/p>\n<p>Lue my\u00f6s: <a href=\"https:\/\/www.episodi.fi\/uutiset\/nyt-suoratoistona-unohtumattoman-sotaelokuvan-kuvaukset-keskeytyivat-poliisi-heitti-nayttelijan-putkaan-ja-sakotti-muita\/\" title=\"Nyt suoratoistona: Upean sotaklassikon kuvaukset keskeytyiv\u00e4t nolosti \u2013 poliisi heitti t\u00e4hden putkaan ja sakotti muita\" class=\"underline-custom !font-montserrat !font-bold !underline-offset-4 !decoration-4 !decoration-episodi-blue !text-md\" rel=\"nofollow noopener\" target=\"_blank\">Nyt suoratoistona: Upean sotaklassikon kuvaukset keskeytyiv\u00e4t nolosti \u2013 poliisi heitti t\u00e4hden putkaan ja sakotti muita<\/a><\/p>\n<p>Lue my\u00f6s: <a href=\"https:\/\/www.episodi.fi\/uutiset\/nyt-suoratoistona-nain-rajua-on-moderni-sodankaynti-vuoden-2025-teos-on-paras-sotaelokuva-vuosiin\/\" title=\"Nyt suoratoistona: N\u00e4in rajua on moderni sodank\u00e4ynti! Vuoden 2025 teos on \u201dparas sotaelokuva vuosiin\u201d\" class=\"underline-custom !font-montserrat !font-bold !underline-offset-4 !decoration-4 !decoration-episodi-blue !text-md\" rel=\"nofollow noopener\" target=\"_blank\">Nyt suoratoistona: N\u00e4in rajua on moderni sodank\u00e4ynti! Vuoden 2025 teos on \u201dparas sotaelokuva vuosiin\u201d<\/a><\/p>\n<p>Lue my\u00f6s: <a href=\"https:\/\/www.episodi.fi\/uutiset\/nyt-suoratoistona-kerta-toisensa-jalkeen-naurattava-komedia-paaosan-tahti-luotti-omiin-rentoihin-arkivaatteisiinsa-kuvauksissa\/\" title=\"Nyt suoratoistona: Kerta toisensa j\u00e4lkeen naurattava komedia \u2013 p\u00e4\u00e4osan t\u00e4hti luotti omiin rentoihin arkivaatteisiinsa kuvauksissa\" class=\"underline-custom !font-montserrat !font-bold !underline-offset-4 !decoration-4 !decoration-episodi-blue !text-md\" rel=\"nofollow noopener\" target=\"_blank\">Nyt suoratoistona: Kerta toisensa j\u00e4lkeen naurattava komedia \u2013 p\u00e4\u00e4osan t\u00e4hti luotti omiin rentoihin arkivaatteisiinsa kuvauksissa<\/a><\/p>\n<p><img loading=\"lazy\" decoding=\"async\" alt=\"YouTube video\" width=\"480\" height=\"360\" data-pin-nopin=\"true\" nopin=\"nopin\" class=\"perfmatters-lazy\" src=\"https:\/\/www.europesays.com\/fi\/wp-content\/uploads\/2025\/12\/1764751690_668_hqdefault.jpg\"\/><\/p>\n<p>L\u00e4hde: <a href=\"http:\/\/www.imdb.com\/title\/tt0091763\/?ref_=tttr_tr_tt\" target=\"_blank\" rel=\"noreferrer noopener nofollow\">IMDB<\/a>, <a href=\"https:\/\/www.rottentomatoes.com\/m\/platoon\" target=\"_blank\" rel=\"noreferrer noopener nofollow\">Rotten Tomatoes<\/a><\/p>\n<p>Lue my\u00f6s: <a href=\"https:\/\/www.episodi.fi\/uutiskirje\/?uutiskirjemainos=tekstilinkkimainos\" title=\"Tilaa Episodin uutiskirje ja voit voittaa leffalippuja! Nappaa tv-vinkit suoraan s\u00e4hk\u00f6postiin t\u00e4st\u00e4.\" class=\"underline-custom !font-montserrat !font-bold !underline-offset-4 !decoration-4 !decoration-episodi-blue !text-md\" rel=\"nofollow noopener\" target=\"_blank\">Tilaa Episodin uutiskirje ja voit voittaa leffalippuja! Nappaa katseluvinkit suoraan s\u00e4hk\u00f6postiin t\u00e4st\u00e4.<\/a><\/p>\n<p>\t\t\t<a href=\"https:\/\/www.facebook.com\/sharer\/sharer.php?u=https:\/\/www.episodi.fi\/uutiset\/nyt-suoratoistona-raju-oscar-sotaelokuva-ei-kaunistele-mitaan-raaat-kohtaukset-koettelevat-katsojan-sietokykya\/\" target=\"_blank\" class=\"block px-4 py-2 text-sm text-gray-800 border-b hover:bg-gray-200\" rel=\"nofollow noopener\"><\/p>\n<p>\t\t\t\tFacebook<br \/>\n\t\t\t<\/a><br \/>\n\t\t\t<a href=\"https:\/\/twitter.com\/intent\/tweet?text=https:\/\/www.episodi.fi\/uutiset\/nyt-suoratoistona-raju-oscar-sotaelokuva-ei-kaunistele-mitaan-raaat-kohtaukset-koettelevat-katsojan-sietokykya\/\" target=\"_blank\" class=\"block px-4 py-2 text-sm text-gray-800 border-b hover:bg-gray-200\" rel=\"nofollow noopener\"><\/p>\n<p>\t\t\t\tTwitter<br \/>\n\t\t\t<\/a><br \/>\n\t\t\t<a href=\"mailto:?subject=Nyt suoratoistona: Raju Oscar-sotaelokuva ei kaunistele mit\u00e4\u00e4n \u2013 raa\u2019at kohtaukset koettelevat katsojan sietokyky\u00e4&amp;body=https:\/\/www.episodi.fi\/uutiset\/nyt-suoratoistona-raju-oscar-sotaelokuva-ei-kaunistele-mitaan-raaat-kohtaukset-koettelevat-katsojan-sietokykya\/\" target=\"_blank\" class=\"block px-4 py-2 text-sm text-gray-800 border-b hover:bg-gray-200\"><\/p>\n<p>\t\t\t\tS\u00e4hk\u00f6posti<\/a><\/p>\n<p>\t\t\t\t<script async src=\"https:\/\/platform.twitter.com\/widgets.js\" charset=\"utf-8\"><\/script><\/p>\n","protected":false},"excerpt":{"rendered":"Yksi Charlie Sheenin uran kirkkaimmista suorituksista l\u00f6ytyy Oliver Stonen ohjaamasta elokuvasta Platoon \u2013 nuoret sotilaat (1984). Nelinkertainen Oscar-voittajaelokuva&hellip;\n","protected":false},"author":2,"featured_media":52674,"comment_status":"","ping_status":"","sticky":false,"template":"","format":"standard","meta":{"footnotes":""},"categories":[130],"tags":[137,33,31,30,175,32,109],"class_list":{"0":"post-106451","1":"post","2":"type-post","3":"status-publish","4":"format-standard","5":"has-post-thumbnail","7":"category-viihde","8":"tag-entertainment","9":"tag-fi","10":"tag-finland","11":"tag-finnish","12":"tag-prime-video","13":"tag-suomi","14":"tag-viihde"},"share_on_mastodon":{"url":"https:\/\/pubeurope.com\/@fi\/115654774540808202","error":""},"_links":{"self":[{"href":"https:\/\/www.europesays.com\/fi\/wp-json\/wp\/v2\/posts\/106451","targetHints":{"allow":["GET"]}}],"collection":[{"href":"https:\/\/www.europesays.com\/fi\/wp-json\/wp\/v2\/posts"}],"about":[{"href":"https:\/\/www.europesays.com\/fi\/wp-json\/wp\/v2\/types\/post"}],"author":[{"embeddable":true,"href":"https:\/\/www.europesays.com\/fi\/wp-json\/wp\/v2\/users\/2"}],"replies":[{"embeddable":true,"href":"https:\/\/www.europesays.com\/fi\/wp-json\/wp\/v2\/comments?post=106451"}],"version-history":[{"count":0,"href":"https:\/\/www.europesays.com\/fi\/wp-json\/wp\/v2\/posts\/106451\/revisions"}],"wp:featuredmedia":[{"embeddable":true,"href":"https:\/\/www.europesays.com\/fi\/wp-json\/wp\/v2\/media\/52674"}],"wp:attachment":[{"href":"https:\/\/www.europesays.com\/fi\/wp-json\/wp\/v2\/media?parent=106451"}],"wp:term":[{"taxonomy":"category","embeddable":true,"href":"https:\/\/www.europesays.com\/fi\/wp-json\/wp\/v2\/categories?post=106451"},{"taxonomy":"post_tag","embeddable":true,"href":"https:\/\/www.europesays.com\/fi\/wp-json\/wp\/v2\/tags?post=106451"}],"curies":[{"name":"wp","href":"https:\/\/api.w.org\/{rel}","templated":true}]}}