{"id":106452,"date":"2025-12-03T08:49:10","date_gmt":"2025-12-03T08:49:10","guid":{"rendered":"https:\/\/www.europesays.com\/fi\/106452\/"},"modified":"2025-12-03T08:49:10","modified_gmt":"2025-12-03T08:49:10","slug":"linnunradan-keskustan-valtava-musta-aukko-yllatti-avaruustutkijat-vastaavaa-ilmiota-ei-ole-loytynyt-mistaan-muualta","status":"publish","type":"post","link":"https:\/\/www.europesays.com\/fi\/106452\/","title":{"rendered":"Linnunradan keskustan valtava musta aukko yll\u00e4tti avaruustutkijat &#8211; vastaavaa ilmi\u00f6t\u00e4 ei ole l\u00f6ytynyt mist\u00e4\u00e4n muualta"},"content":{"rendered":"<p>Ensimm\u00e4inen valokuva Sagittarius A* -nimell\u00e4 tunnetusta supermassiivisesta mustasta aukosta, joka sijaitsee kotigalaksimme Linnunradan keskustassa.<\/p>\n<p>Kansainv\u00e4linen tutkijaryhm\u00e4 on havainnut, ett\u00e4 Linnunradan keskell\u00e4 ammottava supermassiivinen musta aukko Sagittarius A* ei olekaan niin tuhovoimainen kuin aiemmin on luultu.<\/p>\n<p class=\"is-style-dropcap\">Tutkijat <a href=\"https:\/\/www.research-in-germany.org\/idw-news\/en_US\/2025\/11\/2025-11-28_Stars_defy_the_black_hole__research_in_Cologne_shows_stable_orbits_around_Sagittarius_A_.html\" rel=\"nofollow noopener\" target=\"_blank\">seurasivat<\/a> Chiless\u00e4 sijaitsevan Very Large Telescope -teleskooppij\u00e4rjestelm\u00e4n laitteiston avulla mustan aukon ymp\u00e4rill\u00e4 kulkevia taivaankappaleita, joista osan tutkijat ovat odottaneet joutuvan mustan aukon sy\u00f6miksi.<\/p>\n<p>K\u00e4vi ilmi, ett\u00e4 monien seurattujen taivaankappaleiden kiertoradat aukon ymp\u00e4ri ovatkin aiemmista tiedoista poiketen vakaita.<\/p>\n<p>Erityisesti G2-niminen taivaankappale kiinnosti tutkijoita uudessa tutkimuksessa.<\/p>\n<p>Tutkijat pitiv\u00e4t sit\u00e4 aiemmin vain tyhj\u00e4n\u00e4 kaasu- ja p\u00f6lypilven\u00e4, ja siit\u00e4 tehdyt havainnot olivat antaneet ymm\u00e4rt\u00e4\u00e4, ett\u00e4 se olisi imeytym\u00e4ss\u00e4 mustaan aukkoon sen pitk\u00e4nomaisesta muodosta p\u00e4\u00e4tellen.<\/p>\n<p>Nyt tehdyt uudet havainnot kertovat, ett\u00e4 pilven sis\u00e4ll\u00e4 on todenn\u00e4k\u00f6isesti t\u00e4hti, eik\u00e4 pilvi ole imeytym\u00e4ss\u00e4 mustaan aukkoon vaan kulkee vakaata kiertorataa pitkin aukon ymp\u00e4ri.<\/p>\n<p>Tutkijoiden suurennuslasin alla oli my\u00f6s kaksoist\u00e4htij\u00e4rjestelm\u00e4 D9, joka sekin n\u00e4ytt\u00e4isi olevan vakaalla radalla aukon ymp\u00e4ri \u2013 ja viel\u00e4 yhten\u00e4 kappaleenakin supermassiivisen mustan aukon \u00e4\u00e4rimm\u00e4isist\u00e4 repivist\u00e4 vuorovesivoimista huolimatta.<\/p>\n<p>T\u00e4htitiede ei tunne toista yht\u00e4 l\u00e4helt\u00e4 mustaa aukkoa kiert\u00e4v\u00e4\u00e4 kaksoist\u00e4htij\u00e4rjestelm\u00e4\u00e4.<\/p>\n<p>G2:n ja D9:n lis\u00e4ksi my\u00f6s X3- ja X7-nimiset taivaankappaleet ovat vakailla kiertoradoilla toisin kuin aiemmin on luultu.<\/p>\n<p>Havaintoraportti <a href=\"https:\/\/www.aanda.org\/articles\/aa\/full_html\/2025\/12\/aa56229-25\/aa56229-25.html\" rel=\"nofollow noopener\" target=\"_blank\">on julkaistu<\/a> Astronomy &amp; Astrophysics -tiedejulkaisussa.<\/p>\n<p>Tilaa Tekniikan Maailman uutiskirjeet<\/p>\n<p class=\"has-text-align-center\">Tilaa TM-uutiskirje, niin pysyt ajan tasalla autoalan, teknologian ja tieteen uutisista! <\/p>\n","protected":false},"excerpt":{"rendered":"Ensimm\u00e4inen valokuva Sagittarius A* -nimell\u00e4 tunnetusta supermassiivisesta mustasta aukosta, joka sijaitsee kotigalaksimme Linnunradan keskustassa. Kansainv\u00e4linen tutkijaryhm\u00e4 on havainnut,&hellip;\n","protected":false},"author":2,"featured_media":106453,"comment_status":"","ping_status":"","sticky":false,"template":"","format":"standard","meta":{"footnotes":""},"categories":[112],"tags":[453,33,31,30,118,32,119],"class_list":{"0":"post-106452","1":"post","2":"type-post","3":"status-publish","4":"format-standard","5":"has-post-thumbnail","7":"category-tiede","8":"tag-avaruus","9":"tag-fi","10":"tag-finland","11":"tag-finnish","12":"tag-science","13":"tag-suomi","14":"tag-tiede"},"share_on_mastodon":{"url":"https:\/\/pubeurope.com\/@fi\/115654778100046588","error":""},"_links":{"self":[{"href":"https:\/\/www.europesays.com\/fi\/wp-json\/wp\/v2\/posts\/106452","targetHints":{"allow":["GET"]}}],"collection":[{"href":"https:\/\/www.europesays.com\/fi\/wp-json\/wp\/v2\/posts"}],"about":[{"href":"https:\/\/www.europesays.com\/fi\/wp-json\/wp\/v2\/types\/post"}],"author":[{"embeddable":true,"href":"https:\/\/www.europesays.com\/fi\/wp-json\/wp\/v2\/users\/2"}],"replies":[{"embeddable":true,"href":"https:\/\/www.europesays.com\/fi\/wp-json\/wp\/v2\/comments?post=106452"}],"version-history":[{"count":0,"href":"https:\/\/www.europesays.com\/fi\/wp-json\/wp\/v2\/posts\/106452\/revisions"}],"wp:featuredmedia":[{"embeddable":true,"href":"https:\/\/www.europesays.com\/fi\/wp-json\/wp\/v2\/media\/106453"}],"wp:attachment":[{"href":"https:\/\/www.europesays.com\/fi\/wp-json\/wp\/v2\/media?parent=106452"}],"wp:term":[{"taxonomy":"category","embeddable":true,"href":"https:\/\/www.europesays.com\/fi\/wp-json\/wp\/v2\/categories?post=106452"},{"taxonomy":"post_tag","embeddable":true,"href":"https:\/\/www.europesays.com\/fi\/wp-json\/wp\/v2\/tags?post=106452"}],"curies":[{"name":"wp","href":"https:\/\/api.w.org\/{rel}","templated":true}]}}