{"id":106456,"date":"2025-12-03T08:52:08","date_gmt":"2025-12-03T08:52:08","guid":{"rendered":"https:\/\/www.europesays.com\/fi\/106456\/"},"modified":"2025-12-03T08:52:08","modified_gmt":"2025-12-03T08:52:08","slug":"nato-lahde-venaja-valtaa-pokrovskin-kaupungin-kokonaan-synkka-tavoite","status":"publish","type":"post","link":"https:\/\/www.europesays.com\/fi\/106456\/","title":{"rendered":"Nato-l\u00e4hde: Ven\u00e4j\u00e4 valtaa Pokrovskin kaupungin kokonaan \u2013 synkk\u00e4 tavoite"},"content":{"rendered":"<p>Naton korkean virkamiesl\u00e4hteen mukaan Ven\u00e4j\u00e4 ei ole edelleenk\u00e4\u00e4n valmis aitoihin my\u00f6nnytyksiin Ukrainan rauhanneuvotteluissa. L\u00e4hde kertoo my\u00f6s uusia tietoja Ven\u00e4j\u00e4n suunnitelmista Ukrainassa.<\/p>\n<p class=\"article-body mb-nof-24 px-nof-16\">Naton korkean virkamiesl\u00e4hteen mukaan Ukrainan rauhanneuvottelujen umpikujan purkamisessa on edistytty, mutta ei ole n\u00e4ht\u00e4viss\u00e4 merkkej\u00e4 siit\u00e4, ett\u00e4 Ven\u00e4j\u00e4 olisi edelleenk\u00e4\u00e4n valmis aitoihin my\u00f6nnytyksiin.<\/p>\n<p class=\"article-body mb-nof-24 px-nof-16\">L\u00e4hteen mukaan <a class=\"article-personlink\" href=\"https:\/\/www.is.fi\/haku\/?query=Vladimir%20Putinin\" rel=\"nofollow noopener\" target=\"_blank\">Vladimir Putinin<\/a> viime viikkojen lausunnot osoittavat, ett\u00e4 Ven\u00e4j\u00e4n aluevaatimukset ja vaatimus Ukrainan \u201dpuolueettomuudesta\u201d pysyv\u00e4t ennallaan: Moskova vaatii edelleen Ukrainan joukkojen t\u00e4ydellist\u00e4 vet\u00e4ytymist\u00e4 kaikilta viidelt\u00e4 alueelta, mukaan lukien alueilta, \u201djoita se ei edes hallitse nyt tai l\u00e4hitulevaisuudessa\u201d.<\/p>\n<p class=\"article-body mb-nof-24 px-nof-16\">Ven\u00e4j\u00e4 pyrkii l\u00e4hteen mukaan heikent\u00e4m\u00e4\u00e4n Ukrainan sotilaallista kyky\u00e4 siin\u00e4 m\u00e4\u00e4rin, ett\u00e4 \u201dtie lis\u00e4aggressiolle olisi avoin\u201d. T\u00e4m\u00e4 sis\u00e4lt\u00e4\u00e4 h\u00e4nen mukaansa vaatimukset l\u00e4nnen tuen lopettamisesta ja siit\u00e4, ett\u00e4 eurooppalaisia joukkoja ei tulisi Ukrainaan. Ven\u00e4j\u00e4 pyrkii my\u00f6s vaihtamaan Ukrainan johdon.<\/p>\n<p class=\"article-body mb-nof-24 px-nof-16\">Viel\u00e4 ei kuitenkaan l\u00e4hteen mukaan tiedet\u00e4 tarkemmin, miten my\u00f6h\u00e4\u00e4n tiistaina p\u00e4\u00e4ttyneet neuvottelut Moskovassa k\u00e4yt\u00e4nn\u00f6ss\u00e4 eteniv\u00e4t.<\/p>\n<p class=\"article-body mb-nof-24 px-nof-16\">Yhdysvaltain presidentin <a class=\"article-personlink\" href=\"https:\/\/www.is.fi\/haku\/?query=Donald%20Trumpin\" rel=\"nofollow noopener\" target=\"_blank\">Donald Trumpin<\/a> erityisl\u00e4hettil\u00e4s <a class=\"article-personlink\" href=\"https:\/\/www.is.fi\/haku\/?query=Steve%20Witkoff\" rel=\"nofollow noopener\" target=\"_blank\">Steve Witkoff <\/a>ja Putin p\u00e4\u00e4ttiv\u00e4t my\u00f6h\u00e4\u00e4n tiistaina l\u00e4hes viisituntisen tapaamisensa. Ven\u00e4l\u00e4isten osallistujien mukaan kompromissia Ukrainan aluekysymyksest\u00e4 ei saavutettu, mutta he kuvailivat tapaamista hedelm\u00e4lliseksi.<\/p>\n<p class=\"article-body mb-nof-24 px-nof-16\">Putinin neuvonantajan <a class=\"article-personlink\" href=\"https:\/\/www.is.fi\/haku\/?query=Juri%20Ushakovin\" rel=\"nofollow noopener\" target=\"_blank\">Juri Ushakovin<\/a> mukaan paljon ty\u00f6t\u00e4 on viel\u00e4 edess\u00e4 Ukrainan tilanteen sovittelemiseksi, mutta osapuolet eiv\u00e4t kuitenkaan et\u00e4\u00e4ntyneet kauemmas rauhasta.<\/p>\n<p class=\"article-body mb-nof-24 px-nof-16\">\u2013\u2009Jotkin Yhdysvaltojen ehdotukset vaikuttavat enemm\u00e4n tai v\u00e4hemm\u00e4n hyv\u00e4ksytt\u00e4vilt\u00e4, mutta niist\u00e4 on viel\u00e4 keskusteltava. Jotkin meille ehdotetut sanamuodot eiv\u00e4t k\u00e4y meille, Ushakov sanoi valtiollisen ven\u00e4l\u00e4isen uutistoimiston <a class=\"article-genericlink\" href=\"https:\/\/tass.ru\/politika\/25797995\" rel=\"nofollow noopener\" target=\"_blank\">Tassin<\/a> mukaan.<\/p>\n<blockquote class=\"citation\">\n<p>\u201d<\/p>\n<p>Jos ja kun Pokrovsk vallataan kokonaan, Ven\u00e4j\u00e4 k\u00e4ytt\u00e4\u00e4 sit\u00e4 todenn\u00e4k\u00f6isesti logistiikkakeskuksena ja l\u00e4ht\u00f6alustana hy\u00f6kk\u00e4yksille muihin Donetskin alueen kaupunkeihin.<\/p>\n<\/blockquote>\n<p class=\"article-body mb-nof-24 px-nof-16\">Lue lis\u00e4\u00e4: <a class=\"article-genericlink\" href=\"https:\/\/www.is.fi\/ulkomaat\/art-2000011664776.html\" rel=\"nofollow noopener\" target=\"_blank\">Putin v\u00e4itti Ven\u00e4j\u00e4n joukkojen vallanneen t\u00e4rke\u00e4n kaupungin \u2013 Ukraina: Kyse oli \u201dlippuselfiest\u00e4\u201d<\/a><\/p>\n<p class=\"article-body mb-nof-24 px-nof-16\">Ven\u00e4j\u00e4n koko Ukrainan Donetskin alueen valtaaminen ei ole Naton korkean virkamiesl\u00e4hteen mukaan realistinen tavoite v\u00e4hint\u00e4\u00e4n vuoteen tai kahteen.<\/p>\n<p class=\"article-body mb-nof-24 px-nof-16\">Kokonaisuudessaan Ven\u00e4j\u00e4 on h\u00e4nen mukaansa vallannut marraskuussa noin 500 neli\u00f6kilometri\u00e4 aluetta Ukrainassa.<\/p>\n<p class=\"article-body mb-nof-24 px-nof-16\">\u2013\u2009T\u00e4m\u00e4 vastaa suurin piirtein viime kuukausien tahtia, l\u00e4hde sanoo.<\/p>\n<p class=\"article-body mb-nof-24 px-nof-16\">Suurimmat edistysaskeleet ovat Dnipron ja Zaporizzjan alueilla, mik\u00e4 johtuu h\u00e4nen mukaansa suurelta osin paitsi puolustajien v\u00e4h\u00e4isest\u00e4 m\u00e4\u00e4r\u00e4st\u00e4, my\u00f6s avoimesta maastosta ja ep\u00e4suotuisista s\u00e4\u00e4olosuhteista, jotka ovat haitanneet Ukrainan droonipuolustusta. N\u00e4ill\u00e4 alueilla on havaittavissa Ven\u00e4j\u00e4n toiminnan kiihtymist\u00e4.<\/p>\n<p class=\"article-body mb-nof-24 px-nof-16\">\u2013\u2009Ven\u00e4l\u00e4iset hy\u00f6dynt\u00e4v\u00e4t aukkoja Ukrainan linjoissa ja ovat lis\u00e4nneet toimintaansa t\u00e4ll\u00e4 rintamalla viime viikkoina.<\/p>\n<p class=\"article-body mb-nof-24 px-nof-16\">H\u00e4n sanoo, ett\u00e4 Ven\u00e4j\u00e4n joukot ovat jatkaneet Pokrovskin ja Myrhorodin valtaamisen asettamista etusijalle viime viikkojen aikana. Ven\u00e4j\u00e4n joukot jatkavat intensiivisi\u00e4 ponnisteluja Pokrovskin valtaamiseksi.<\/p>\n<blockquote class=\"citation\">\n<p>\u201d<\/p>\n<p>Moskovan riskinotto iske\u00e4 l\u00e4helle Naton liittolaisten rajoja on l\u00e4hteen mukaan kasvanut.<\/p>\n<\/blockquote>\n<p class=\"article-body mb-nof-24 px-nof-16\">Pokrovsk on ollut aiemmin t\u00e4rke\u00e4 Ukrainan logistinen solmukohta, joka tuki Ukrainan operaatioita Donbasissa. Kaupunkiin kohdistuu p\u00e4ivitt\u00e4in suhteellisesti eniten ven\u00e4l\u00e4isten hy\u00f6kk\u00e4yksi\u00e4 koko rintamalinjalla.<\/p>\n<p class=\"article-body mb-nof-24 px-nof-16\">L\u00e4hteen mukaan Ven\u00e4j\u00e4n joukot hallitsevat nyt 95 prosenttia koko kaupungista, ja suuri osa kaupungista on tuhoutunut ven\u00e4l\u00e4isten tulituksen seurauksena.<\/p>\n<p class=\"article-body mb-nof-24 px-nof-16\">Ukrainan asevoimat on kiist\u00e4nyt, ett\u00e4 Ven\u00e4j\u00e4 olisi vallannut Ukrainan it\u00e4osassa sijaitsevan Pokrovskin kaupungin. Ven\u00e4j\u00e4 ei ole viel\u00e4 vallannut Pokrovskia kokonaan, vaikka Ven\u00e4j\u00e4 on n\u00e4in v\u00e4itt\u00e4nyt.<\/p>\n<p class=\"article-body mb-nof-24 px-nof-16\">\u2013\u2009Jos ja kun kaupunki vallataan kokonaan, Ven\u00e4j\u00e4 k\u00e4ytt\u00e4\u00e4 sit\u00e4 todenn\u00e4k\u00f6isesti logistiikkakeskuksena ja l\u00e4ht\u00f6alustana hy\u00f6kk\u00e4yksille muihin Donetskin alueen kaupunkeihin. Pokrovsk toimisi my\u00f6s tukikohtana ven\u00e4l\u00e4isille miehitt\u00e4m\u00e4tt\u00f6mille ilma-aluksille.<\/p>\n<p class=\"article-body mb-nof-24 px-nof-16\">T\u00e4st\u00e4 huolimatta Ven\u00e4j\u00e4n tappiot ovat l\u00e4hteen mukaan kasvaneet kolmatta kuukautta per\u00e4kk\u00e4in. Ukrainan puolustuksen murtumista ei odoteta l\u00e4hikuukausina.<\/p>\n<p class=\"article-body mb-nof-24 px-nof-16\">Moskovan riskinotto iske\u00e4 l\u00e4helle Naton liittolaisten rajoja on l\u00e4hteen mukaan kasvanut. T\u00e4m\u00e4 vaarantaa siviilej\u00e4 sek\u00e4 Ukrainassa ett\u00e4 Nato-maissa.<\/p>\n<p class=\"article-body mb-nof-24 px-nof-16\">\u2013\u2009N\u00e4m\u00e4 teot ovat \u00e4\u00e4rimm\u00e4isen vastuuttomia.<\/p>\n<p class=\"article-body mb-nof-24 px-nof-16\">L\u00e4hde viittaa viimeisimp\u00e4n\u00e4 marraskuun lopun tapahtumiin, kun useat ven\u00e4l\u00e4isdroonit loukkasivat Romanian ja Moldovan ilmatilaa. Naton h\u00e4vitt\u00e4j\u00e4t nousivat ilmaan ja v\u00e4hint\u00e4\u00e4n kaksi droonia putosi Romanian alueelle.<\/p>\n<p class=\"article-body mb-nof-24 px-nof-16\">Ven\u00e4j\u00e4 voi todenn\u00e4k\u00f6isesti rahoittaa sotaa viel\u00e4 vuosina 2026 ja 2027, mik\u00e4li sota jatkuu.<\/p>\n<p class=\"article-body mb-nof-24 px-nof-16\">Ven\u00e4j\u00e4n presidentti <a class=\"article-personlink\" href=\"https:\/\/www.is.fi\/haku\/?query=Vladimir%20Putin\" rel=\"nofollow noopener\" target=\"_blank\">Vladimir Putin<\/a> uhosi tiistaina, ett\u00e4 Ven\u00e4j\u00e4 olisi valmis sotaan Euroopan kanssa.<\/p>\n<p class=\"article-body mb-nof-24 px-nof-16\">\u2013\u2009Emme aio taistella Euroopan kanssa, olen sanonut t\u00e4m\u00e4n jo sata kertaa. Mutta jos Eurooppa haluaa sotia, olemme nyt valmiita, Putin sanoi talousfoorumin puheenvuorossaan BBC:n mukaan.<\/p>\n<p class=\"article-body mb-nof-24 px-nof-16\">Naton korkea virkamiesl\u00e4hde sanoo, ett\u00e4 Nato ei usko Ven\u00e4j\u00e4n olevan valmis sotaan Natoa vastaan.<\/p>\n<p class=\"article-body mb-nof-24 px-nof-16\">Tasavallan presidentin <a class=\"article-personlink\" href=\"https:\/\/www.is.fi\/haku\/?query=Alexander%20Stubbin\" rel=\"nofollow noopener\" target=\"_blank\">Alexander Stubbin<\/a> mukaan suomalaisten pit\u00e4\u00e4 varautua siihen, ett\u00e4 Ukrainaan ei saada oikeudenmukaista rauhaa. H\u00e4n kertoi asiasta <a class=\"article-genericlink\" href=\"https:\/\/www.mtvuutiset.fi\/artikkeli\/stubb-suomalaisten-on-valmistauduttava-epaoikeudenmukaisiin-rauhanehtoihin-ukrainan-sodassa\/9264122\" rel=\"nofollow noopener\" target=\"_blank\">MTV:n<\/a> Asian ytimess\u00e4-ohjelman erikoishaastattelussa.<\/p>\n<p class=\"article-body mb-nof-24 px-nof-16\">\u2013 Realiteettia on se, ett\u00e4 rauha voi olla joko hyv\u00e4, huono tai jonkinn\u00e4k\u00f6inen kompromissi. Realiteettia on my\u00f6s se, ett\u00e4 meid\u00e4n suomalaisten on valmistauduttava hetkeen, kun rauha syntyy, ja kaikki ne oikeudenmukaisen rauhan ehdot, josta olemme paljon nelj\u00e4n vuoden aikana puhuneet, eiv\u00e4t tule todenn\u00e4k\u00f6isesti t\u00e4yttym\u00e4\u00e4n.<\/p>\n","protected":false},"excerpt":{"rendered":"Naton korkean virkamiesl\u00e4hteen mukaan Ven\u00e4j\u00e4 ei ole edelleenk\u00e4\u00e4n valmis aitoihin my\u00f6nnytyksiin Ukrainan rauhanneuvotteluissa. L\u00e4hde kertoo my\u00f6s uusia tietoja&hellip;\n","protected":false},"author":2,"featured_media":106457,"comment_status":"","ping_status":"","sticky":false,"template":"","format":"standard","meta":{"footnotes":""},"categories":[14],"tags":[22,23,26,27,33,31,30,17,34,24,25,28,29,15,18,21,32,19,20,56,16,59,60,61],"class_list":{"0":"post-106456","1":"post","2":"type-post","3":"status-publish","4":"format-standard","5":"has-post-thumbnail","7":"category-ulkomaat","8":"tag-breaking-news","9":"tag-breakingnews","10":"tag-featured-news","11":"tag-featurednews","12":"tag-fi","13":"tag-finland","14":"tag-finnish","15":"tag-headlines","16":"tag-ilta-sanomat","17":"tag-latest-news","18":"tag-latestnews","19":"tag-main-news","20":"tag-mainnews","21":"tag-news","22":"tag-otsikot","23":"tag-paauutiset","24":"tag-suomi","25":"tag-top-stories","26":"tag-topstories","27":"tag-ulkomaat","28":"tag-uutiset","29":"tag-world","30":"tag-world-news","31":"tag-worldnews"},"share_on_mastodon":{"url":"https:\/\/pubeurope.com\/@fi\/115654789978914368","error":""},"_links":{"self":[{"href":"https:\/\/www.europesays.com\/fi\/wp-json\/wp\/v2\/posts\/106456","targetHints":{"allow":["GET"]}}],"collection":[{"href":"https:\/\/www.europesays.com\/fi\/wp-json\/wp\/v2\/posts"}],"about":[{"href":"https:\/\/www.europesays.com\/fi\/wp-json\/wp\/v2\/types\/post"}],"author":[{"embeddable":true,"href":"https:\/\/www.europesays.com\/fi\/wp-json\/wp\/v2\/users\/2"}],"replies":[{"embeddable":true,"href":"https:\/\/www.europesays.com\/fi\/wp-json\/wp\/v2\/comments?post=106456"}],"version-history":[{"count":0,"href":"https:\/\/www.europesays.com\/fi\/wp-json\/wp\/v2\/posts\/106456\/revisions"}],"wp:featuredmedia":[{"embeddable":true,"href":"https:\/\/www.europesays.com\/fi\/wp-json\/wp\/v2\/media\/106457"}],"wp:attachment":[{"href":"https:\/\/www.europesays.com\/fi\/wp-json\/wp\/v2\/media?parent=106456"}],"wp:term":[{"taxonomy":"category","embeddable":true,"href":"https:\/\/www.europesays.com\/fi\/wp-json\/wp\/v2\/categories?post=106456"},{"taxonomy":"post_tag","embeddable":true,"href":"https:\/\/www.europesays.com\/fi\/wp-json\/wp\/v2\/tags?post=106456"}],"curies":[{"name":"wp","href":"https:\/\/api.w.org\/{rel}","templated":true}]}}