{"id":106464,"date":"2025-12-03T09:06:10","date_gmt":"2025-12-03T09:06:10","guid":{"rendered":"https:\/\/www.europesays.com\/fi\/106464\/"},"modified":"2025-12-03T09:06:10","modified_gmt":"2025-12-03T09:06:10","slug":"jenni-haukio-repaisi-ja-joku-unohti-laittaa-valot-paalle","status":"publish","type":"post","link":"https:\/\/www.europesays.com\/fi\/106464\/","title":{"rendered":"Jenni Haukio rep\u00e4isi ja \u201djoku unohti laittaa valot p\u00e4\u00e4lle\u201d"},"content":{"rendered":"<p>Viime vuoden Linnan juhlissa n\u00e4htiin useita huomiota her\u00e4tt\u00e4neit\u00e4 asuja sek\u00e4 tilanteita.<\/p>\n<p class=\"paragraph\">Itsen\u00e4isyysp\u00e4iv\u00e4 ja Linnan juhlat l\u00e4hestyv\u00e4t. Muistatko viel\u00e4 n\u00e4m\u00e4 viime vuonna huomiota her\u00e4tt\u00e4neet asut ja puheenaiheet?<\/p>\n<p class=\"paragraph\">Laulaja <strong>Arttu Wiskarin<\/strong> puoliso <strong>Pauliina Wiskari<\/strong> saapui Linnaan h\u00e4tk\u00e4hdytt\u00e4v\u00e4ss\u00e4 luomuksessa. Painovoimaa uhmannut ja n\u00e4ytt\u00e4vill\u00e4 hihoilla varustettu asu sai useiden p\u00e4\u00e4t k\u00e4\u00e4ntym\u00e4\u00e4n. Iltalehdess\u00e4 Wiskaria kuvailtiin ilmetyksi <a href=\"https:\/\/www.iltalehti.fi\/muoti\/a5a10800-afb6-42b0-89ee-afd78357304f\" rel=\"nofollow noopener\" target=\"_blank\">prinsessasatujen pahattareksi<\/a>. Teatraalisen satiiniluomuksen oli suunnitellut <strong>Mert Otsamo<\/strong>.<\/p>\n<p><img decoding=\"async\" class=\"image image-show image-preview\" src=\"https:\/\/www.europesays.com\/fi\/wp-content\/uploads\/2025\/12\/74836bf678bd4ca5c197d2487761f2d8076e2648207dff9a2849f144e27838bc.jpg\" alt=\"\"\/><img decoding=\"async\" class=\"image image-show\" src=\"https:\/\/www.europesays.com\/fi\/wp-content\/uploads\/2025\/12\/1764752770_207_74836bf678bd4ca5c197d2487761f2d8076e2648207dff9a2849f144e27838bc.jpg\" alt=\"\"\/><\/p>\n<p>Arttu ja Pauliina Wiskari saapuivat Linnan juhliin. Pauliinan n\u00e4ytt\u00e4v\u00e4 asua muistutti satujen pahatarta.  Inka Soveri<\/p>\n<p class=\"paragraph\">My\u00f6s Suomen kansallisbaletin tanssijan <strong>Violetta Keller<\/strong> veistoksellinen, suomalaisdesignin inspiroima iltapuku kiinnitti runsaasti huomiota ja <a href=\"https:\/\/www.iltalehti.fi\/muoti\/b3d83fe7-29cd-402d-a7e7-98c0d7c3cdf5\" rel=\"nofollow noopener\" target=\"_blank\">loksautti leuat<\/a>. Wiskarin iltapuvun tapaan Kellerin asun oli suunnitellut Mert Otsamo.<\/p>\n<p>Violetta Kellerin puvun inspiraationa toimi Tapiola Wirkkalan Kanttarelli-lasitaideteos.  Inka Soveri<\/p>\n<p>Prinsessoja ja Suomi-koruja<\/p>\n<p class=\"paragraph\">Jos Pauliina Wiskaria kuvailtiin pahattareksi, l\u00f6ytyi Linnasta viime vuonna my\u00f6s satujen prinsessa. Ylellisest\u00e4 tyylist\u00e4\u00e4n tunnettu muotivaikuttaja <strong>Sofia Ruutu<\/strong> saapui Linnaan vaaleansinisess\u00e4 juhla-asussa, joka hehkui eleganssia ja tarujen taikaa.<\/p>\n<p class=\"paragraph\">Ruutu valittiin my\u00f6s Linnan juhlien parhaaksi pukeutujaksi <a href=\"https:\/\/www.iltalehti.fi\/viihdeuutiset\/1a4875cd-2d72-4bdd-8c68-67456f2068be\" rel=\"nofollow noopener\" target=\"_blank\">Iltalehden lukijoiden \u00e4\u00e4nestyksess\u00e4<\/a>. Ruutu ker\u00e4si 20 prosenttia annetuista \u00e4\u00e4nist\u00e4. Iltapuvun oli suunnitellut muotisuunnittelija ja ompelija <strong>Aura Ritola<\/strong>.<\/p>\n<p>Iltalehden lukijat ihastuivat Sofia Ruudun vaaleansiniseen prinsessaunelmaan.  Inka Soveri<\/p>\n<p class=\"paragraph\">Toiseksi eniten \u00e4\u00e4ni\u00e4 Iltalehden \u00e4\u00e4nestyksess\u00e4 sai n\u00e4yttelij\u00e4 <strong>Linnea Leino<\/strong>, joka oli pukeutunut vaaleanpunaiseen iltapukuun. Leino ker\u00e4si 11 prosenttia \u00e4\u00e4nist\u00e4. Modernin luomuksen oli suunnitellut <strong>Sofia Ilmonen<\/strong>. Leinon asua t\u00e4ydensiv\u00e4t Kalevala Korun Vetovoima-korvakorut.<\/p>\n<p class=\"paragraph\">Kolmanneksi Iltalehden \u00e4\u00e4nestyksess\u00e4 sijoittui entinen p\u00e4\u00e4ministeri <strong>Sanna Marin<\/strong>, joka oli saanut juhla-asunsa Ukrainan varap\u00e4\u00e4ministerilt\u00e4. Marin oli yksi illan odotetuimmista pukeutujista. H\u00e4n ker\u00e4si annetuista \u00e4\u00e4nist\u00e4 10 prosenttia. Asua oli muokannut juhlia varten <strong>Sari H\u00f6rkk\u00f6<\/strong> ja sit\u00e4 t\u00e4ydensiv\u00e4t Lumoava-br\u00e4ndin korut.<\/p>\n<p class=\"paragraph\">Marin kommentoi asuaan lyhyesti <a href=\"https:\/\/www.mtvuutiset.fi\/artikkeli\/sanna-marin-sai-asunsa-ukrainan-varapaaministerilta-paljastaa-kampaaja-jonin-terveiset-illanviettoon\/9061300\" target=\"_blank\" rel=\"noopener nofollow\">MTV Uutisille<\/a>.<\/p>\n<p class=\"paragraph\">\u2013 Hyvin yksinkertainen musta puku, jolle tulee varmasti muutoinkin k\u00e4ytt\u00f6\u00e4, Marin totesi.<\/p>\n<p class=\"paragraph\">Juttu jatkuu kuvien j\u00e4lkeen.<\/p>\n<p>N\u00e4yttelij\u00e4 Linnea Leinon asussa huomion kiinnitti n\u00e4ytt\u00e4v\u00e4 vy\u00f6 miehustassa.  Inka Soveri<\/p>\n<p>Entinen p\u00e4\u00e4ministeri Sanna Marin arveli puvulleen tulevan my\u00f6hemminkin k\u00e4ytt\u00f6\u00e4.  Inka Soveri<\/p>\n<p>Vihre\u00e4\u00e4 eleganssia<\/p>\n<p class=\"paragraph\">Marinin ohella tasavallan presidentin puoliso <strong>Suzanne Innes-Stubb<\/strong> oli yksi illan odotetuimmista pukeutujista. Innes-Stubb luotti asussaan illan trendiv\u00e4riksi muodostuneeseen vihre\u00e4\u00e4n eleganssiin.<\/p>\n<p class=\"paragraph\">Innes-Stubbin asu oli <strong>Sofia J\u00e4rnefeltin<\/strong> ja <strong>Taru Lahden<\/strong> suunnittelema, ja se edusti heid\u00e4n yhteist\u00e4 Hedvig-br\u00e4ndi\u00e4\u00e4n. Mittatilausty\u00f6n\u00e4 tehdyn asun kaavoittaja ja ompelija oli <strong>Sari H\u00f6rkk\u00f6<\/strong>.<\/p>\n<p class=\"paragraph\">Samaa v\u00e4rimaailmaa Innes-Stubbin asun kanssa oli muotivaikuttaja <strong>Metti Forssellin<\/strong> veistoksellinen luomus, jonka oli suunnitellut <strong>Katri Niskanen<\/strong>. Pitk\u00e4ll\u00e4 laahuksella ja runsailla rypytyksill\u00e4 varustettu iltapuku oli yksi illan n\u00e4ytt\u00e4vimmist\u00e4. Iltalehden muotitoimittaja tituleerasi pukua <a href=\"https:\/\/www.iltalehti.fi\/muoti\/a97e39c6-e59f-4879-81cd-a333af1751b2\" rel=\"nofollow noopener\" target=\"_blank\">\u201dillan puheenaiheeksi\u201d<\/a>. Asuun oli k\u00e4ytetty 13 metri\u00e4 silkki\u00e4.<\/p>\n<p class=\"paragraph\">Juttu jatkuu kuvien j\u00e4lkeen.<\/p>\n<p>Suzanne Innes-Stubb oli yksi Linnan juhlien odotetuimmista pukeutujista.  Inka Soveri<\/p>\n<p>Metti Forssellin asu oli n\u00e4ytt\u00e4v\u00e4 niin edest\u00e4 kuin takaa. Inka Soveri<\/p>\n<p>Hulvaton v\u00e4likohtaus<\/p>\n<p class=\"paragraph\">Upeiden asujen ohella vuoden 2024 Linnan juhlissa n\u00e4htiin muunkinlaista viihdykett\u00e4. Tasavallan presidentti <strong>Alexander Stubb<\/strong> ja Suzanne Innes-Stubb is\u00e4nn\u00f6iv\u00e4t juhlia ensimm\u00e4ist\u00e4 kertaa. Perinteisess\u00e4 k\u00e4ttelyjonossa koettiin erikoinen ja yll\u00e4tt\u00e4v\u00e4 hetki, kun entinen presidentin adjutantti <strong>Tino Savolainen<\/strong> astui k\u00e4ttelem\u00e4\u00e4n presidenttiparia.<\/p>\n<p class=\"paragraph\">Savolainen tuli tunnetuksi korona-aikana \u201dk\u00e4sidesimiehen\u00e4\u201d, kun adjutantit tarjoilivat presidentti <strong>Sauli Niinist\u00f6lle<\/strong> ja tohtori <strong>Jenni Haukiolle<\/strong> k\u00e4sidesi\u00e4 k\u00e4ttelyiden v\u00e4liss\u00e4.<\/p>\n<p class=\"paragraph\">Kun Savolainen saapui k\u00e4ttelem\u00e4\u00e4n Stubbia ja Innes-Stubbia, kaivoi presidentin nykyinen toinen adjutantti <strong>Anna Eronen<\/strong> yll\u00e4tt\u00e4en presidentti Stubbin pyynn\u00f6st\u00e4 taskustaan pienen k\u00e4sidesipullon ja <a href=\"https:\/\/www.iltalehti.fi\/viihdeuutiset\/b740bab2-af38-49bf-b5cf-ed04e003e189\" rel=\"nofollow noopener\" target=\"_blank\">kaatoi Savolaisen k\u00e4mmenelle k\u00e4sidesi\u00e4<\/a>.<\/p>\n<p class=\"paragraph\">Presidenttipari, adjutantit ja muut vieraat nauroivat tilanteelle.<\/p>\n<p class=\"paragraph\">K\u00e4ttely saatiin v\u00e4likohtauksen j\u00e4lkeen suoritettua onnistuneesti loppuun. Perinteeseen kuuluen edelliset presidenttiparit k\u00e4tteliv\u00e4t Stubbin ja Innes-Stubbin viimeisen\u00e4. Huomion kiinnitti tuolloin Jenni Haukion s\u00e4hken\u00f6iv\u00e4n harmaa iltapuku, joka oli kirjailtu glitterkukilla. Hillityst\u00e4 tyylist\u00e4\u00e4n tunnetulle Haukiolle asu oli varsin rohkea valinta.<\/p>\n<p>Tino Savolainen sai k\u00e4sidesi\u00e4 kesken presidenttiparin k\u00e4ttelyn. Kuvakaappaus Ylen l\u00e4hetyksest\u00e4<\/p>\n<p>Jenni Haukion puku oli n\u00e4hty aiemminkin h\u00e4nen yll\u00e4\u00e4n. Haukio edusti vuonna 2022 Ruotsissa samassa asussa.  Lehtikuva<\/p>\n<p>Juhlien muutokset<\/p>\n<p class=\"paragraph\">Nykyisen presidenttiparin ensimm\u00e4isiss\u00e4 juhlissa n\u00e4htiin my\u00f6s uudistuksia, jotka eiv\u00e4t olleet kaikkien katsojien mieleen.<\/p>\n<p class=\"paragraph\">Muun muassa Linnan juhlien h\u00e4m\u00e4r\u00e4 valaistus her\u00e4tti keskustelua katsojissa. Valaistuksessa k\u00e4ytettiin v\u00e4rivaloja, kun aiemmin salit oli valaistu perinteisill\u00e4 valoilla.<\/p>\n<p class=\"paragraph\">\u2013 Joku unohti laittaa linnan valot p\u00e4\u00e4lle, <a href=\"https:\/\/www.iltalehti.fi\/viihdeuutiset\/5ab566b9-b3af-43a1-876d-ee4c480dc36f\" rel=\"nofollow noopener\" target=\"_blank\">kirjoitti er\u00e4s kommentoija<\/a>.<\/p>\n<p class=\"paragraph\">Valosuunnittelut asiantuntija <strong>Raisa Kilpel\u00e4inen<\/strong> piti kuitenkin juhlien uudistunutta valaistusta onnistuneena.<\/p>\n<p class=\"paragraph\">\u2013 Linnan omat kauniit valaisimet sek\u00e4 n\u00e4ytt\u00e4v\u00e4t materiaalit, kuten kristalli ja kultaukset, p\u00e4\u00e4sev\u00e4t oikeuksiinsa, Kilpel\u00e4inen <a href=\"https:\/\/www.iltalehti.fi\/kotimaa\/ff5bb2e7-b358-442f-9813-03339b9a8a20\" rel=\"nofollow noopener\" target=\"_blank\">kommentoi Iltalehdelle<\/a>.<\/p>\n<p>T\u00e4llainen valaistus Linnan juhlissa oli viime vuonna. Valaistus on samankaltainen t\u00e4m\u00e4nvuotisessa itsen\u00e4isyysp\u00e4iv\u00e4n vastaanotossa. Inka Soveri<\/p>\n","protected":false},"excerpt":{"rendered":"Viime vuoden Linnan juhlissa n\u00e4htiin useita huomiota her\u00e4tt\u00e4neit\u00e4 asuja sek\u00e4 tilanteita. Itsen\u00e4isyysp\u00e4iv\u00e4 ja Linnan juhlat l\u00e4hestyv\u00e4t. Muistatko viel\u00e4&hellip;\n","protected":false},"author":2,"featured_media":106465,"comment_status":"","ping_status":"","sticky":false,"template":"","format":"standard","meta":{"footnotes":""},"categories":[136],"tags":[35,407,137,33,31,30,3674,408,142,637,886,887,32,109],"class_list":{"0":"post-106464","1":"post","2":"type-post","3":"status-publish","4":"format-standard","5":"has-post-thumbnail","7":"category-julkkikset","8":"tag-24h","9":"tag-celebrities","10":"tag-entertainment","11":"tag-fi","12":"tag-finland","13":"tag-finnish","14":"tag-juhla-ja-vapaapaivat","15":"tag-julkkikset","16":"tag-poliitikot","17":"tag-politiikka","18":"tag-puolueet","19":"tag-suomen-politiikka","20":"tag-suomi","21":"tag-viihde"},"share_on_mastodon":{"url":"https:\/\/pubeurope.com\/@fi\/115654845188366051","error":""},"_links":{"self":[{"href":"https:\/\/www.europesays.com\/fi\/wp-json\/wp\/v2\/posts\/106464","targetHints":{"allow":["GET"]}}],"collection":[{"href":"https:\/\/www.europesays.com\/fi\/wp-json\/wp\/v2\/posts"}],"about":[{"href":"https:\/\/www.europesays.com\/fi\/wp-json\/wp\/v2\/types\/post"}],"author":[{"embeddable":true,"href":"https:\/\/www.europesays.com\/fi\/wp-json\/wp\/v2\/users\/2"}],"replies":[{"embeddable":true,"href":"https:\/\/www.europesays.com\/fi\/wp-json\/wp\/v2\/comments?post=106464"}],"version-history":[{"count":0,"href":"https:\/\/www.europesays.com\/fi\/wp-json\/wp\/v2\/posts\/106464\/revisions"}],"wp:featuredmedia":[{"embeddable":true,"href":"https:\/\/www.europesays.com\/fi\/wp-json\/wp\/v2\/media\/106465"}],"wp:attachment":[{"href":"https:\/\/www.europesays.com\/fi\/wp-json\/wp\/v2\/media?parent=106464"}],"wp:term":[{"taxonomy":"category","embeddable":true,"href":"https:\/\/www.europesays.com\/fi\/wp-json\/wp\/v2\/categories?post=106464"},{"taxonomy":"post_tag","embeddable":true,"href":"https:\/\/www.europesays.com\/fi\/wp-json\/wp\/v2\/tags?post=106464"}],"curies":[{"name":"wp","href":"https:\/\/api.w.org\/{rel}","templated":true}]}}