{"id":106481,"date":"2025-12-03T09:20:11","date_gmt":"2025-12-03T09:20:11","guid":{"rendered":"https:\/\/www.europesays.com\/fi\/106481\/"},"modified":"2025-12-03T09:20:11","modified_gmt":"2025-12-03T09:20:11","slug":"laakeyhtio-orionille-jattipotti","status":"publish","type":"post","link":"https:\/\/www.europesays.com\/fi\/106481\/","title":{"rendered":"L\u00e4\u00e4keyhti\u00f6 Orionille j\u00e4ttipotti"},"content":{"rendered":"<p>Sy\u00f6p\u00e4l\u00e4\u00e4kkeen suuren etappimaksun lis\u00e4ksi Orion kertoo p\u00f6rssitiedotteessaan nostavansa kuluvan vuoden liikevaihto- ja tulosn\u00e4kymi\u00e4\u00e4n.<\/p>\n<p><img decoding=\"async\" class=\"image image-show image-preview\" src=\"https:\/\/www.europesays.com\/fi\/wp-content\/uploads\/2025\/12\/37d0aa2c76db1a57374d70c8c80a1807750728ccaf7ff88b9bfa0393e63a59d9.jpg\" alt=\"\"\/><img decoding=\"async\" class=\"image image-show\" src=\"https:\/\/www.europesays.com\/fi\/wp-content\/uploads\/2025\/12\/1764753611_775_37d0aa2c76db1a57374d70c8c80a1807750728ccaf7ff88b9bfa0393e63a59d9.jpg\" alt=\"\"\/><\/p>\n<p>Kuvituskuva. Orionin toimitusjohtaja Liisa Hurme. KIMMO HAAPALA<\/p>\n<p class=\"paragraph\">L\u00e4\u00e4keyhti\u00f6 Orion saa saksalaiselta l\u00e4\u00e4kej\u00e4tti Bayerilta 180 miljoonan euron etappimaksun Nubeqa-sy\u00f6p\u00e4l\u00e4\u00e4kkeest\u00e4. Summa kirjataan kirjataan vuoden 2025 viimeiselle vuosinelj\u00e4nnekselle, Orion kertoo p\u00f6rssitiedotteessaan.<\/p>\n<p class=\"paragraph\">Orion antoi samassa yhteydess\u00e4 positiivisen tulosvaroituksen.<\/p>\n<p class=\"paragraph\">Orionin arvioi nyt vuoden 2025 liikevaihtonsa olevan 1 820\u20131 900 miljoonan euron ja liikevoiton 590\u2013670 miljoonan euron haarukassa.<\/p>\n<p class=\"paragraph\">Aiempi 28.10.2025 annettu liikevaihdoksi oli 1 640\u20131 720 miljoonaa euroa ja liikevoitoksi 410\u2013490 miljoonaa euroa.<\/p>\n<p class=\"paragraph\">Kello 10.10 aikaan Orionin B-osakkeen kurssi oli 1,1 %:n nousussa, ja osakkeesta maksettiin 61,95 euroa.<\/p>\n<p class=\"paragraph\">Nubeqa on Orionin ja Bayerin yhdess\u00e4 kehitt\u00e4m\u00e4 sy\u00f6p\u00e4l\u00e4\u00e4ke, joka on tarkoitettu et\u00e4pes\u00e4kkeett\u00f6m\u00e4n, hormonaalisille hoidoille vastustuskykyisen eturauhassy\u00f6v\u00e4n hoitoon potilailla, joilla on suuri riski sy\u00f6v\u00e4n levi\u00e4miseen.<\/p>\n<p class=\"paragraph\">L\u00e4\u00e4kkeen kaupallistamisesta maailmanlaajuisessa mittakaavassa vastaa saksalainen Bayer. Orion saa tuotot Nubeqan myynnist\u00e4 Orion rojalteina ja etappimaksuina.<\/p>\n","protected":false},"excerpt":{"rendered":"Sy\u00f6p\u00e4l\u00e4\u00e4kkeen suuren etappimaksun lis\u00e4ksi Orion kertoo p\u00f6rssitiedotteessaan nostavansa kuluvan vuoden liikevaihto- ja tulosn\u00e4kymi\u00e4\u00e4n. Kuvituskuva. Orionin toimitusjohtaja Liisa Hurme.&hellip;\n","protected":false},"author":2,"featured_media":106482,"comment_status":"","ping_status":"","sticky":false,"template":"","format":"standard","meta":{"footnotes":""},"categories":[5],"tags":[35,22,23,26,27,33,31,30,17,10705,1978,24,25,28,29,15,2406,18,21,2408,32,19,20,1319,16],"class_list":{"0":"post-106481","1":"post","2":"type-post","3":"status-publish","4":"format-standard","5":"has-post-thumbnail","7":"category-otsikot","8":"tag-24h","9":"tag-breaking-news","10":"tag-breakingnews","11":"tag-featured-news","12":"tag-featurednews","13":"tag-fi","14":"tag-finland","15":"tag-finnish","16":"tag-headlines","17":"tag-kemianteollisuus","18":"tag-laaketeollisuus","19":"tag-latest-news","20":"tag-latestnews","21":"tag-main-news","22":"tag-mainnews","23":"tag-news","24":"tag-osakkeet-arvopaperit","25":"tag-otsikot","26":"tag-paauutiset","27":"tag-rahoitusmarkkinat","28":"tag-suomi","29":"tag-top-stories","30":"tag-topstories","31":"tag-tulostiedot","32":"tag-uutiset"},"share_on_mastodon":{"url":"https:\/\/pubeurope.com\/@fi\/115654900196112134","error":""},"_links":{"self":[{"href":"https:\/\/www.europesays.com\/fi\/wp-json\/wp\/v2\/posts\/106481","targetHints":{"allow":["GET"]}}],"collection":[{"href":"https:\/\/www.europesays.com\/fi\/wp-json\/wp\/v2\/posts"}],"about":[{"href":"https:\/\/www.europesays.com\/fi\/wp-json\/wp\/v2\/types\/post"}],"author":[{"embeddable":true,"href":"https:\/\/www.europesays.com\/fi\/wp-json\/wp\/v2\/users\/2"}],"replies":[{"embeddable":true,"href":"https:\/\/www.europesays.com\/fi\/wp-json\/wp\/v2\/comments?post=106481"}],"version-history":[{"count":0,"href":"https:\/\/www.europesays.com\/fi\/wp-json\/wp\/v2\/posts\/106481\/revisions"}],"wp:featuredmedia":[{"embeddable":true,"href":"https:\/\/www.europesays.com\/fi\/wp-json\/wp\/v2\/media\/106482"}],"wp:attachment":[{"href":"https:\/\/www.europesays.com\/fi\/wp-json\/wp\/v2\/media?parent=106481"}],"wp:term":[{"taxonomy":"category","embeddable":true,"href":"https:\/\/www.europesays.com\/fi\/wp-json\/wp\/v2\/categories?post=106481"},{"taxonomy":"post_tag","embeddable":true,"href":"https:\/\/www.europesays.com\/fi\/wp-json\/wp\/v2\/tags?post=106481"}],"curies":[{"name":"wp","href":"https:\/\/api.w.org\/{rel}","templated":true}]}}