{"id":106494,"date":"2025-12-03T09:46:10","date_gmt":"2025-12-03T09:46:10","guid":{"rendered":"https:\/\/www.europesays.com\/fi\/106494\/"},"modified":"2025-12-03T09:46:10","modified_gmt":"2025-12-03T09:46:10","slug":"pyorailija-kuoli-nelostiella-joutsan-varalaskupaikalla-tapahtuneessa-onnettomuudessa-surmansa-saanut-oli-iakas-mies-keski-suomi","status":"publish","type":"post","link":"https:\/\/www.europesays.com\/fi\/106494\/","title":{"rendered":"Py\u00f6r\u00e4ilij\u00e4 kuoli Nelostiell\u00e4 Joutsan varalaskupaikalla tapahtuneessa onnettomuudessa \u2013 surmansa saanut oli i\u00e4k\u00e4s mies | Keski-Suomi"},"content":{"rendered":"<p class=\"aw-1gybjub aw-5vja16 kEtdKx kmuxyA yle__article__paragraph\">Poliisi tutkii Joutsassa tapahtunutta liikenneonnettomuutta toistaiseksi liikenneturvallisuuden vaarantamisena ja kuolemantuottamuksena.<\/p>\n<p><img decoding=\"async\" alt=\"Ilmakuva Nelostien varalaskupaikasta Joutsassa.\" src=\"https:\/\/www.europesays.com\/fi\/wp-content\/uploads\/2025\/12\/39-1000530630c910853e47.jpeg\" class=\"aw-1l9m598 hKVVvP\"\/><\/p>\n<p>Avaa kuvien katselu<\/p>\n<p>Onnettomuus tapahtui Nelostiell\u00e4 Joutsassa. Arkistokuva varalaskupaikasta. Kuva: Petri Aaltonen \/ Yle<\/p>\n<p>10:02\u2022P\u00e4ivitetty 11:28<\/p>\n<p class=\"aw-1gybjub aw-1p7kakr kEtdKx cEmitX yle__article__paragraph\">Yksi ihminen kuoli henkil\u00f6auton ja py\u00f6r\u00e4ilij\u00e4n v\u00e4lisess\u00e4 liikenneonnettomuudessa <a class=\"aw-iao6s4 iHOxEa yle__article__link\" href=\"https:\/\/yle.fi\/a\/74-20197493\" role=\"link\" rel=\"nofollow noopener\" target=\"_blank\">Nelostiell\u00e4 Joutsassa<\/a> eilen illalla.<\/p>\n<p class=\"aw-1gybjub aw-1p7kakr kEtdKx cEmitX yle__article__paragraph\">Sis\u00e4-Suomen poliisi vahvistaa Ylelle py\u00f6r\u00e4ilij\u00e4n menehtyneen onnettomuudessa.<\/p>\n<p class=\"aw-1gybjub aw-1p7kakr kEtdKx cEmitX yle__article__paragraph\">Poliisin mukaan onnettomuudessa kuollut py\u00f6r\u00e4ilij\u00e4 oli i\u00e4k\u00e4s mies. H\u00e4n menehtyi onnettomuuspaikalla.<\/p>\n<p class=\"aw-1gybjub aw-1p7kakr kEtdKx cEmitX yle__article__paragraph\">Py\u00f6r\u00e4ilij\u00e4 ja henkil\u00f6auton kuljettaja olivat molemmat matkalla Joutsasta Jyv\u00e4skyl\u00e4n suuntaan, kun t\u00f6rm\u00e4ys tapahtui Joutsan varalaskupaikan tuntumassa.<\/p>\n<p class=\"aw-1gybjub aw-1p7kakr kEtdKx cEmitX yle__article__paragraph\">Poliisi kertoo tiedotteessaan, ett\u00e4 onnettomuuden aikaan n\u00e4kyvyys tieosuudella oli huono.<\/p>\n<p class=\"aw-1gybjub aw-1p7kakr kEtdKx cEmitX yle__article__paragraph\">Poliisi tutkii onnettomuutta toistaiseksi liikenneturvallisuuden vaarantamisena ja kuolemantuottamuksena.<\/p>\n<p class=\"aw-1gybjub aw-1p7kakr kEtdKx cEmitX yle__article__paragraph\">Keski-Suomen pelastuslaitos sai h\u00e4lytyksen liikenneonnettomuudesta Nelostielt\u00e4 Joutsasta tiistaina illalla noin kello 21.20.<\/p>\n<p class=\"aw-1gybjub aw-1p7kakr kEtdKx cEmitX yle__article__paragraph\">Py\u00f6r\u00e4ilij\u00e4n menehtymisest\u00e4 onnettomuudessa kertoi aiemmin <a class=\"aw-iao6s4 iHOxEa yle__article__link\" href=\"https:\/\/www.iltalehti.fi\/kotimaa\/a\/ab1aff23-10d7-4585-9b56-208ff8f3bc19\" role=\"link\" rel=\"nofollow noopener\" target=\"_blank\">Iltalehti<\/a>.<\/p>\n<p class=\"aw-1gybjub aw-1p7kakr kEtdKx cEmitX yle__article__paragraph\">Muokattu 3.12.2024 kello 11.28. Lis\u00e4tty poliisilta saatuja tarkentavia tietoja onnettomuuden uhrista ja onnettomuuden kulusta.<\/p>\n","protected":false},"excerpt":{"rendered":"Poliisi tutkii Joutsassa tapahtunutta liikenneonnettomuutta toistaiseksi liikenneturvallisuuden vaarantamisena ja kuolemantuottamuksena. Avaa kuvien katselu Onnettomuus tapahtui Nelostiell\u00e4 Joutsassa. Arkistokuva&hellip;\n","protected":false},"author":2,"featured_media":106495,"comment_status":"","ping_status":"","sticky":false,"template":"","format":"standard","meta":{"footnotes":""},"categories":[5],"tags":[22,23,26,27,33,31,30,17,4071,15757,425,2749,474,71,24,25,28,29,15,837,18,21,32,19,20,16],"class_list":{"0":"post-106494","1":"post","2":"type-post","3":"status-publish","4":"format-standard","5":"has-post-thumbnail","7":"category-otsikot","8":"tag-breaking-news","9":"tag-breakingnews","10":"tag-featured-news","11":"tag-featurednews","12":"tag-fi","13":"tag-finland","14":"tag-finnish","15":"tag-headlines","16":"tag-joutsa","17":"tag-joutsan-seutukunta","18":"tag-jyvaskyla","19":"tag-jyvaskylan-seutukunta","20":"tag-keski-suomi","21":"tag-kotimaa","22":"tag-latest-news","23":"tag-latestnews","24":"tag-main-news","25":"tag-mainnews","26":"tag-news","27":"tag-onnettomuudet","28":"tag-otsikot","29":"tag-paauutiset","30":"tag-suomi","31":"tag-top-stories","32":"tag-topstories","33":"tag-uutiset"},"share_on_mastodon":{"url":"https:\/\/pubeurope.com\/@fi\/115655002308343301","error":""},"_links":{"self":[{"href":"https:\/\/www.europesays.com\/fi\/wp-json\/wp\/v2\/posts\/106494","targetHints":{"allow":["GET"]}}],"collection":[{"href":"https:\/\/www.europesays.com\/fi\/wp-json\/wp\/v2\/posts"}],"about":[{"href":"https:\/\/www.europesays.com\/fi\/wp-json\/wp\/v2\/types\/post"}],"author":[{"embeddable":true,"href":"https:\/\/www.europesays.com\/fi\/wp-json\/wp\/v2\/users\/2"}],"replies":[{"embeddable":true,"href":"https:\/\/www.europesays.com\/fi\/wp-json\/wp\/v2\/comments?post=106494"}],"version-history":[{"count":0,"href":"https:\/\/www.europesays.com\/fi\/wp-json\/wp\/v2\/posts\/106494\/revisions"}],"wp:featuredmedia":[{"embeddable":true,"href":"https:\/\/www.europesays.com\/fi\/wp-json\/wp\/v2\/media\/106495"}],"wp:attachment":[{"href":"https:\/\/www.europesays.com\/fi\/wp-json\/wp\/v2\/media?parent=106494"}],"wp:term":[{"taxonomy":"category","embeddable":true,"href":"https:\/\/www.europesays.com\/fi\/wp-json\/wp\/v2\/categories?post=106494"},{"taxonomy":"post_tag","embeddable":true,"href":"https:\/\/www.europesays.com\/fi\/wp-json\/wp\/v2\/tags?post=106494"}],"curies":[{"name":"wp","href":"https:\/\/api.w.org\/{rel}","templated":true}]}}