{"id":106505,"date":"2025-12-03T10:10:08","date_gmt":"2025-12-03T10:10:08","guid":{"rendered":"https:\/\/www.europesays.com\/fi\/106505\/"},"modified":"2025-12-03T10:10:08","modified_gmt":"2025-12-03T10:10:08","slug":"alexander-stubbilta-synkka-skenaario-maailmanjarjestys-romahtaisi","status":"publish","type":"post","link":"https:\/\/www.europesays.com\/fi\/106505\/","title":{"rendered":"Alexander Stubbilta synkk\u00e4 skenaario: \u201dMaailmanj\u00e4rjestys romahtaisi\u201d"},"content":{"rendered":"<p>Tasavallan presidentti Alexander Stubb kirjoittaa Foreign Affairs -lehdess\u00e4, ett\u00e4 nyt on viimeinen mahdollisuus ratkaista tulevaisuus.<\/p>\n<p class=\"article-body mb-nof-24 px-nof-16\">Tasavallan presidentti <a class=\"article-personlink\" href=\"https:\/\/www.is.fi\/haku\/?query=Alexander%20Stubb\" rel=\"nofollow noopener\" target=\"_blank\">Alexander Stubb<\/a> sanoo <a class=\"article-genericlink\" href=\"https:\/\/www.foreignaffairs.com\/united-states\/wests-last-chance?check_logged_in=1&amp;utm_medium=promo_email&amp;utm_source=lo_flows&amp;utm_campaign=article_link&amp;utm_term=article_email&amp;utm_content=20251203\" rel=\"nofollow noopener\" target=\"_blank\">Foreign Affairs -lehdess\u00e4<\/a> julkaisemassaan esseess\u00e4, ett\u00e4 nyt on viimeinen mahdollisuus kantaa vastuu ja ratkaista tulevaisuus yhdess\u00e4 suurten ja pienten valtioiden toimilla.<\/p>\n<p class=\"article-body mb-nof-24 px-nof-16\">\u2013\u2009Pienet valtiot, kuten Suomi, eiv\u00e4t ole sivustakatsojia. Uusi maailmanj\u00e4rjestys m\u00e4\u00e4ritell\u00e4\u00e4n pienten ja suurten maiden poliittisten johtajien p\u00e4\u00e4t\u00f6ksill\u00e4, olivat ne sitten demokratioita, autokratioita tai jotain muuta silt\u00e4 v\u00e4lilt\u00e4, presidentti sanoo.<\/p>\n<p class=\"article-body mb-nof-24 px-nof-16\">\u2013\u2009T\u00e4ss\u00e4 erityinen vastuu on globaalilla l\u00e4nnell\u00e4, joka on edelleen taloudellisesti ja sotilaallisesti voimakkain globaali liittouma. Tapa, jolla kannamme tuon vastuun, ratkaisee tulevaisuuden. T\u00e4m\u00e4 on viimeinen mahdollisuutemme, h\u00e4n jatkaa.<\/p>\n<p class=\"article-body mb-nof-24 px-nof-16\">Stubb sanoo, ett\u00e4 nyt voidaan rakentaa Jaltan konferenssin kaltainen maailmanj\u00e4rjestys, jossa isot valtiot p\u00e4\u00e4ttiv\u00e4t pienten puolesta. Tai sitten Helsingin hengen mukainen kattava ja s\u00e4\u00e4nt\u00f6perustainen j\u00e4rjestys. Kuten Etyk vuonna 1975.<\/p>\n<p class=\"article-body mb-nof-24 px-nof-16\">\u2013\u2009J\u00e4lkimm\u00e4inen tie on oikea, Stubb sanoo.<\/p>\n<p class=\"article-body mb-nof-24 px-nof-16\">Stubb maalaa esseess\u00e4\u00e4n maailman tulevaisuutta ja painottaa YK:n uudistumisen olevan v\u00e4ltt\u00e4m\u00e4tt\u00f6myys.<\/p>\n<p class=\"article-body mb-nof-24 px-nof-16\">Presidentti sanoo, ett\u00e4 arvot, intressi ja valta ovat ratkaisevia tekij\u00f6it\u00e4, kun maailmanj\u00e4rjestyksen tasapaino muuttuu. H\u00e4nen mukaansa pienet valtiot, kuten Suomi, voivat l\u00f6yt\u00e4\u00e4 vaikutusvaltaa yhteisty\u00f6n kautta.<\/p>\n<p class=\"article-body mb-nof-24 px-nof-16\">\u2013\u2009Pienen\u00e4 valtiona, joka rajautuu imperialistiseen suurvaltaan, Suomi on oppinut, ett\u00e4 joskus jotkut arvot on asetettava sivuun toisten suojelemiseksi. Tai pelk\u00e4n selviytymisen vuoksi. Valtiollisuus perustuu itsen\u00e4isyyteen, suvereniteettiin ja alueelliseen koskemattomuuteen.<\/p>\n<p class=\"article-body mb-nof-24 px-nof-16\">Toisen maailmansodan j\u00e4lkeen Suomi s\u00e4ilytti itsen\u00e4isyytens\u00e4, mutta menetti kymmenen prosenttia alueestaan ja joutui luopumaan osasta suvereniteettiaan. Suomi ei voinut liitty\u00e4 instituutioihin, kuten EU:hun ja Natoon.<\/p>\n<p class=\"article-body mb-nof-24 px-nof-16\">Kylm\u00e4n sodan aikana Suomi joutui tinkim\u00e4\u00e4n l\u00e4nsimaisista arvoistaan Neuvostoliiton pelossa. Aikaa kutsuttiin suomettumisen ajaksi.<\/p>\n<p class=\"article-body mb-nof-24 px-nof-16\">\u2013\u2009T\u00e4m\u00e4 kokemus on tehnyt meid\u00e4t varovaisiksi jokaisen yrityksen suhteen toistaa tuo malli. Kun jotkut ehdottavat suomettumista ratkaisuksi Ukrainan sodan lopettamiseen, vastustan sit\u00e4 jyrk\u00e4sti. Sellainen rauha olisi liian kallis \u2013 k\u00e4yt\u00e4nn\u00f6ss\u00e4 suvereniteetin ja alueiden luovuttamista.<\/p>\n<p class=\"article-body mb-nof-24 px-nof-16\">Tulevan vuosikymmenen aikana edess\u00e4 voi Stubbin mukaan olla kolme mahdollista skenaariota, jossa ep\u00e4onnistumisen hinta olisi valtava.<\/p>\n<p class=\"article-body mb-nof-24 px-nof-16\">\u2013\u2009Ensimm\u00e4isess\u00e4 skenaariossa nykyinen sekasorto yksinkertaisesti jatkuisi. Vanhasta j\u00e4rjestyksest\u00e4 olisi edelleen j\u00e4ljell\u00e4 elementtej\u00e4, mutta kunnioitus kansainv\u00e4lisille s\u00e4\u00e4nn\u00f6ille ja instituutioille olisi valikoivaa ja perustuisi l\u00e4hinn\u00e4 valtioiden omiin etuihin, ei sis\u00e4syntyisiin arvoihin.<\/p>\n<p class=\"article-body mb-nof-24 px-nof-16\">Stubb sanoo, ett\u00e4 kyky ratkaista ongelmia pysyisi rajallisena, mutta maailma ei ajautuisi syv\u00e4\u00e4n kaaokseen. Konfliktien lopettaminen olisi kuitenkin erityisen vaikeaa.<\/p>\n<p class=\"article-body mb-nof-24 px-nof-16\">Toinen skenaario olisi Stubbin mukaan synkempi.<\/p>\n<p class=\"article-body mb-nof-24 px-nof-16\">\u2013\u2009Liberaalin kansainv\u00e4lisen j\u00e4rjestyksen perusta jatkaisi rapautumistaan ja nykyinen j\u00e4rjestys romahtaisi lopulta. Maailma ajautuisi l\u00e4hemm\u00e4s kaaosta ilman selke\u00e4\u00e4 vallankeskittym\u00e4\u00e4, ja valtiot olisivat kyvytt\u00f6mi\u00e4 ratkaisemaan akuutteja kriisej\u00e4, kuten n\u00e4l\u00e4nh\u00e4ti\u00e4, pandemioita tai konflikteja.<\/p>\n<p class=\"article-body mb-nof-24 px-nof-16\">Paikalliset konfliktit voisivat Stubbin mukaan helposti laajentua suuremmiksi sodiksi. Vakaa ja ennustettava tilanne olisi poikkeus ja rauhanv\u00e4litys olisi l\u00e4hes mahdotonta.<\/p>\n<p class=\"article-body mb-nof-24 px-nof-16\">H\u00e4n sanoo, ett\u00e4 n\u00e4in ei kuitenkaan tarvitse k\u00e4yd\u00e4.<\/p>\n<p class=\"article-body mb-nof-24 px-nof-16\">Kolmannessa skenaariossa uusi voimatasapaino globaalin l\u00e4nnen, id\u00e4n ja etel\u00e4n v\u00e4lill\u00e4 synnytt\u00e4isi uudelleen tasapainottuneen maailmanj\u00e4rjestyksen, jossa valtiot kykenisiv\u00e4t ratkaisemaan kiireellisimpi\u00e4 globaaleja haasteita tasavertaiseen yhteisty\u00f6h\u00f6n ja vuoropuheluun nojaten.<\/p>\n<p class=\"article-body mb-nof-24 px-nof-16\">\u2013\u2009T\u00e4m\u00e4 tasapaino hillitsisi kilpailua ja ohjaisi maailmaa kohti laajempaa yhteisty\u00f6t\u00e4 ilmasto-, turvallisuus- ja teknologiapolitiikassa \u2014 kriittisiss\u00e4 kysymyksiss\u00e4, joita mik\u00e4\u00e4n maa ei voi ratkaista yksin.<\/p>\n<p class=\"article-body mb-nof-24 px-nof-16\">Kansainv\u00e4lisi\u00e4 instituutioita on kuitenkin Stubbin mukaan uudistettava, jotta n\u00e4in tapahtuisi.<\/p>\n","protected":false},"excerpt":{"rendered":"Tasavallan presidentti Alexander Stubb kirjoittaa Foreign Affairs -lehdess\u00e4, ett\u00e4 nyt on viimeinen mahdollisuus ratkaista tulevaisuus. Tasavallan presidentti Alexander&hellip;\n","protected":false},"author":2,"featured_media":99491,"comment_status":"","ping_status":"","sticky":false,"template":"","format":"standard","meta":{"footnotes":""},"categories":[14],"tags":[22,23,26,27,33,31,30,17,34,24,25,28,29,15,18,21,32,19,20,56,16,59,60,61],"class_list":{"0":"post-106505","1":"post","2":"type-post","3":"status-publish","4":"format-standard","5":"has-post-thumbnail","7":"category-ulkomaat","8":"tag-breaking-news","9":"tag-breakingnews","10":"tag-featured-news","11":"tag-featurednews","12":"tag-fi","13":"tag-finland","14":"tag-finnish","15":"tag-headlines","16":"tag-ilta-sanomat","17":"tag-latest-news","18":"tag-latestnews","19":"tag-main-news","20":"tag-mainnews","21":"tag-news","22":"tag-otsikot","23":"tag-paauutiset","24":"tag-suomi","25":"tag-top-stories","26":"tag-topstories","27":"tag-ulkomaat","28":"tag-uutiset","29":"tag-world","30":"tag-world-news","31":"tag-worldnews"},"share_on_mastodon":{"url":"https:\/\/pubeurope.com\/@fi\/115655096777357423","error":""},"_links":{"self":[{"href":"https:\/\/www.europesays.com\/fi\/wp-json\/wp\/v2\/posts\/106505","targetHints":{"allow":["GET"]}}],"collection":[{"href":"https:\/\/www.europesays.com\/fi\/wp-json\/wp\/v2\/posts"}],"about":[{"href":"https:\/\/www.europesays.com\/fi\/wp-json\/wp\/v2\/types\/post"}],"author":[{"embeddable":true,"href":"https:\/\/www.europesays.com\/fi\/wp-json\/wp\/v2\/users\/2"}],"replies":[{"embeddable":true,"href":"https:\/\/www.europesays.com\/fi\/wp-json\/wp\/v2\/comments?post=106505"}],"version-history":[{"count":0,"href":"https:\/\/www.europesays.com\/fi\/wp-json\/wp\/v2\/posts\/106505\/revisions"}],"wp:featuredmedia":[{"embeddable":true,"href":"https:\/\/www.europesays.com\/fi\/wp-json\/wp\/v2\/media\/99491"}],"wp:attachment":[{"href":"https:\/\/www.europesays.com\/fi\/wp-json\/wp\/v2\/media?parent=106505"}],"wp:term":[{"taxonomy":"category","embeddable":true,"href":"https:\/\/www.europesays.com\/fi\/wp-json\/wp\/v2\/categories?post=106505"},{"taxonomy":"post_tag","embeddable":true,"href":"https:\/\/www.europesays.com\/fi\/wp-json\/wp\/v2\/tags?post=106505"}],"curies":[{"name":"wp","href":"https:\/\/api.w.org\/{rel}","templated":true}]}}