{"id":106506,"date":"2025-12-03T10:11:10","date_gmt":"2025-12-03T10:11:10","guid":{"rendered":"https:\/\/www.europesays.com\/fi\/106506\/"},"modified":"2025-12-03T10:11:10","modified_gmt":"2025-12-03T10:11:10","slug":"katri-kulmuni-jattaa-linnan-juhlat-valiin-tassa-syy","status":"publish","type":"post","link":"https:\/\/www.europesays.com\/fi\/106506\/","title":{"rendered":"Katri Kulmuni j\u00e4tt\u00e4\u00e4 Linnan juhlat v\u00e4liin \u2013 T\u00e4ss\u00e4 syy"},"content":{"rendered":"<p>Katri Kulmuni kertoo, ett\u00e4 h\u00e4nell\u00e4 j\u00e4\u00e4 t\u00e4n\u00e4 vuonna Linnan juhlat v\u00e4list\u00e4. <\/p>\n<p><img decoding=\"async\" class=\"image image-show image-preview\" src=\"https:\/\/www.europesays.com\/fi\/wp-content\/uploads\/2025\/12\/cc0a9209c0c6cc2dff55eccdc98e27fdf680ac0c6be3c78954307c5dd780036f.jpg\" alt=\"\"\/><img decoding=\"async\" class=\"image image-show\" src=\"https:\/\/www.europesays.com\/fi\/wp-content\/uploads\/2025\/12\/1764756670_419_cc0a9209c0c6cc2dff55eccdc98e27fdf680ac0c6be3c78954307c5dd780036f.jpg\" alt=\"\"\/><\/p>\n<p>Vuonna 2022 kansanedustaja Katri Kulmuni saapui Linnan juhliin kansallispuvussa yhdess\u00e4 puoliso Jyrki Peisan kanssa. Mikko Huisko<\/p>\n<p class=\"paragraph\">Europarlamentaarikko ja entinen keskustan puheenjohtaja <strong>Katri Kulmuni<\/strong> ei osallistu t\u00e4n\u00e4 vuonna itsen\u00e4isyysp\u00e4iv\u00e4n\u00e4 Linnan juhliin.<\/p>\n<p class=\"paragraph\">Kulmuni kertoo asiasta Facebook-tilill\u00e4\u00e4n. Kulmunin perheess\u00e4 on pieni vauva, joten t\u00e4n\u00e4 vuonna matkustaminen Helsinkiin j\u00e4\u00e4 v\u00e4liin. Perhe asuu Brysseliss\u00e4.<\/p>\n<p class=\"paragraph\">\u2013 T\u00e4n\u00e4 vuonna viet\u00e4n itsen\u00e4isyysp\u00e4iv\u00e4\u00e4 poikkeuksellisesti Brysseliss\u00e4, enk\u00e4 siis p\u00e4\u00e4se Linnan juhliin Helsinkiin. Kyse ei ole tietenk\u00e4\u00e4n kohdallani protestista, arvostan suuresti suomalaisia itsen\u00e4isyysp\u00e4iv\u00e4n juhlinnan perinteit\u00e4, Kulmuni kirjoittaa.<\/p>\n<p class=\"paragraph\">\u2013 Matkan teko yht\u00e4 p\u00e4iv\u00e4\u00e4 varten perheeni kanssa olisi nyt vain turhan ty\u00f6l\u00e4st\u00e4, enk\u00e4 voi j\u00e4tt\u00e4\u00e4 vauvaa viel\u00e4 tietenk\u00e4\u00e4n ilman \u00e4iti\u00e4 pidemm\u00e4ksi aikaa. Jouluksi p\u00e4\u00e4semme onneksi toki kaikki kotiin Lappiin.<\/p>\n<p class=\"paragraph\">Jos julkaisu ei n\u00e4y, katso se <a href=\"https:\/\/www.facebook.com\/kulmuni\/posts\/pfbid0ApScyuQxCi85mM6azBM1SAUKGUUvxUQN5JXDQeZhd9eRkav2YsTHf6nRBborTsVyl\" target=\"_blank\" rel=\"noopener nofollow\">t\u00e4\u00e4lt\u00e4<\/a>.<\/p>\n<p class=\"paragraph\">Kulmuni nousi eduskuntaan kansanedustajaksi vuonna 2015. H\u00e4n kertoo osallistuneensa Linnan juhliin yhteens\u00e4 kahdeksan kertaa.<\/p>\n<p class=\"paragraph\">Vuosina 2020 ja 2021 Linnan juhlat peruttiin koronapandemian takia.<\/p>\n<p class=\"paragraph\">\u2013 Nyt edess\u00e4ni on hieman erilainen itsen\u00e4isyysp\u00e4iv\u00e4 ulkomailla. Mutta t\u00e4\u00e4ll\u00e4kin voi sytytt\u00e4\u00e4 sinivalkoiset kynttil\u00e4t ja muistaa kiitoksella niit\u00e4 sukupolvia, jotka sodan ja rauhan t\u00f6iss\u00e4 tekiv\u00e4t meille hyv\u00e4n maan, Kulmuni kirjoittaa.<\/p>\n","protected":false},"excerpt":{"rendered":"Katri Kulmuni kertoo, ett\u00e4 h\u00e4nell\u00e4 j\u00e4\u00e4 t\u00e4n\u00e4 vuonna Linnan juhlat v\u00e4list\u00e4. Vuonna 2022 kansanedustaja Katri Kulmuni saapui Linnan&hellip;\n","protected":false},"author":2,"featured_media":106507,"comment_status":"","ping_status":"","sticky":false,"template":"","format":"standard","meta":{"footnotes":""},"categories":[12],"tags":[35,22,23,26,27,33,31,30,17,24,25,28,29,15,18,21,142,886,888,885,887,32,19,20,16],"class_list":{"0":"post-106506","1":"post","2":"type-post","3":"status-publish","4":"format-standard","5":"has-post-thumbnail","7":"category-suomi","8":"tag-24h","9":"tag-breaking-news","10":"tag-breakingnews","11":"tag-featured-news","12":"tag-featurednews","13":"tag-fi","14":"tag-finland","15":"tag-finnish","16":"tag-headlines","17":"tag-latest-news","18":"tag-latestnews","19":"tag-main-news","20":"tag-mainnews","21":"tag-news","22":"tag-otsikot","23":"tag-paauutiset","24":"tag-poliitikot","25":"tag-puolueet","26":"tag-suomalaiset-poliitikot","27":"tag-suomen-poliittiset-puolueet","28":"tag-suomen-politiikka","29":"tag-suomi","30":"tag-top-stories","31":"tag-topstories","32":"tag-uutiset"},"share_on_mastodon":{"url":"https:\/\/pubeurope.com\/@fi\/115655100808429132","error":""},"_links":{"self":[{"href":"https:\/\/www.europesays.com\/fi\/wp-json\/wp\/v2\/posts\/106506","targetHints":{"allow":["GET"]}}],"collection":[{"href":"https:\/\/www.europesays.com\/fi\/wp-json\/wp\/v2\/posts"}],"about":[{"href":"https:\/\/www.europesays.com\/fi\/wp-json\/wp\/v2\/types\/post"}],"author":[{"embeddable":true,"href":"https:\/\/www.europesays.com\/fi\/wp-json\/wp\/v2\/users\/2"}],"replies":[{"embeddable":true,"href":"https:\/\/www.europesays.com\/fi\/wp-json\/wp\/v2\/comments?post=106506"}],"version-history":[{"count":0,"href":"https:\/\/www.europesays.com\/fi\/wp-json\/wp\/v2\/posts\/106506\/revisions"}],"wp:featuredmedia":[{"embeddable":true,"href":"https:\/\/www.europesays.com\/fi\/wp-json\/wp\/v2\/media\/106507"}],"wp:attachment":[{"href":"https:\/\/www.europesays.com\/fi\/wp-json\/wp\/v2\/media?parent=106506"}],"wp:term":[{"taxonomy":"category","embeddable":true,"href":"https:\/\/www.europesays.com\/fi\/wp-json\/wp\/v2\/categories?post=106506"},{"taxonomy":"post_tag","embeddable":true,"href":"https:\/\/www.europesays.com\/fi\/wp-json\/wp\/v2\/tags?post=106506"}],"curies":[{"name":"wp","href":"https:\/\/api.w.org\/{rel}","templated":true}]}}