{"id":10651,"date":"2025-08-20T00:18:08","date_gmt":"2025-08-20T00:18:08","guid":{"rendered":"https:\/\/www.europesays.com\/fi\/10651\/"},"modified":"2025-08-20T00:18:08","modified_gmt":"2025-08-20T00:18:08","slug":"salama-iski-sahkoautoon-perati-kolme-kertaa-tallainen-on-lopputulos","status":"publish","type":"post","link":"https:\/\/www.europesays.com\/fi\/10651\/","title":{"rendered":"Salama iski s\u00e4hk\u00f6autoon per\u00e4ti kolme kertaa \u2013 T\u00e4llainen on lopputulos"},"content":{"rendered":"<p>Kojelautakameraan tallennetusta videosta paljastuu kolme salamaniskua sekunnin sis\u00e4\u00e4n.<\/p>\n<p><img decoding=\"async\" class=\"image image-show image-preview\" src=\"https:\/\/www.europesays.com\/fi\/wp-content\/uploads\/2025\/08\/fa10072cfdb0df895963593b2ed9aec922f62d2b06290964f69c4b215c1e7f7c.jpg\" alt=\"\"\/><img decoding=\"async\" class=\"image image-show\" src=\"https:\/\/www.europesays.com\/fi\/wp-content\/uploads\/2025\/08\/1755649088_312_fa10072cfdb0df895963593b2ed9aec922f62d2b06290964f69c4b215c1e7f7c.jpg\" alt=\"\"\/><\/p>\n<p>BYD Seal U on saatavilla my\u00f6s lataushybridin\u00e4, jonka mallinimi on Seal U DM-i. Kuvituskuva Seal U:sta. Jaakko Isoniemi<\/p>\n<p class=\"paragraph\">Kiinassa tapahtui varsin erikoinen luonnonvoimien n\u00e4yt\u00f6s, sill\u00e4 liikenteess\u00e4 olleeseen BYD Songiin iskeytyi sekunnin aikana per\u00e4ti kolme salamaa. Song tunnetaan Suomen markkinoilla Seal U -nimell\u00e4.<\/p>\n<p class=\"paragraph\">Mik\u00e4li upotus ei n\u00e4y, voit katsoa sen <a href=\"https:\/\/youtu.be\/eWcQSuxmCuk?si=LItpSm8OAACOyhVD\" rel=\"noopener nofollow\" target=\"_blank\">t\u00e4\u00e4lt\u00e4<\/a>.<\/p>\n<p class=\"paragraph\">Videolla n\u00e4ytt\u00e4isi, ett\u00e4 auto pys\u00e4htyy salaman iskujen j\u00e4lkeen. Syyn\u00e4 on luultavasti kuitenkin kuljettajan kauhistunut reaktio, sill\u00e4 yksikin salamanisku autoon on jo pelottava tapaus.<\/p>\n<p class=\"paragraph\">Maalaisj\u00e4rkikin kehottaa t\u00e4llaisessa tapauksessa j\u00e4tt\u00e4m\u00e4\u00e4n auton odottamaan hinausta. S\u00e4hk\u00f6auton korkeaj\u00e4nniteakku voi olla vaurioitunut ja aiheuttaa vaaratilanteen.<\/p>\n<p class=\"paragraph\">Asiasta <a href=\"https:\/\/carbuzz.com\/chinese-electric-vehicle-lightning-strike-thrice\/\" rel=\"noopener nofollow\" target=\"_blank\">kertonut Carbuzz<\/a> viittaa kiinalaiseen Sycaijing-julkaisuun, jonka mukaan auto oli tapauksen j\u00e4lkeen kuljetettu merkkiliikkeen tarkistettavaksi. Tarkistuksessa ei l\u00f6ytynyt tekniikasta mit\u00e4\u00e4n vaurioita tai ongelmia. Ainoa huomattava ero oli salamaniskuista kattoon tulleet kosmeettiset j\u00e4ljet.<\/p>\n","protected":false},"excerpt":{"rendered":"Kojelautakameraan tallennetusta videosta paljastuu kolme salamaniskua sekunnin sis\u00e4\u00e4n. BYD Seal U on saatavilla my\u00f6s lataushybridin\u00e4, jonka mallinimi on&hellip;\n","protected":false},"author":2,"featured_media":10652,"comment_status":"","ping_status":"","sticky":false,"template":"","format":"standard","meta":{"footnotes":""},"categories":[14],"tags":[35,648,22,23,26,27,33,31,30,17,24,25,121,28,29,82,15,18,21,32,487,128,19,20,56,16,59,60,61],"class_list":{"0":"post-10651","1":"post","2":"type-post","3":"status-publish","4":"format-standard","5":"has-post-thumbnail","7":"category-ulkomaat","8":"tag-24h","9":"tag-autot","10":"tag-breaking-news","11":"tag-breakingnews","12":"tag-featured-news","13":"tag-featurednews","14":"tag-fi","15":"tag-finland","16":"tag-finnish","17":"tag-headlines","18":"tag-latest-news","19":"tag-latestnews","20":"tag-liikenne-ja-kuljetus","21":"tag-main-news","22":"tag-mainnews","23":"tag-moottoriajoneuvot","24":"tag-news","25":"tag-otsikot","26":"tag-paauutiset","27":"tag-suomi","28":"tag-teknologia-yleista","29":"tag-tieliikenne","30":"tag-top-stories","31":"tag-topstories","32":"tag-ulkomaat","33":"tag-uutiset","34":"tag-world","35":"tag-world-news","36":"tag-worldnews"},"share_on_mastodon":{"url":"","error":""},"_links":{"self":[{"href":"https:\/\/www.europesays.com\/fi\/wp-json\/wp\/v2\/posts\/10651","targetHints":{"allow":["GET"]}}],"collection":[{"href":"https:\/\/www.europesays.com\/fi\/wp-json\/wp\/v2\/posts"}],"about":[{"href":"https:\/\/www.europesays.com\/fi\/wp-json\/wp\/v2\/types\/post"}],"author":[{"embeddable":true,"href":"https:\/\/www.europesays.com\/fi\/wp-json\/wp\/v2\/users\/2"}],"replies":[{"embeddable":true,"href":"https:\/\/www.europesays.com\/fi\/wp-json\/wp\/v2\/comments?post=10651"}],"version-history":[{"count":0,"href":"https:\/\/www.europesays.com\/fi\/wp-json\/wp\/v2\/posts\/10651\/revisions"}],"wp:featuredmedia":[{"embeddable":true,"href":"https:\/\/www.europesays.com\/fi\/wp-json\/wp\/v2\/media\/10652"}],"wp:attachment":[{"href":"https:\/\/www.europesays.com\/fi\/wp-json\/wp\/v2\/media?parent=10651"}],"wp:term":[{"taxonomy":"category","embeddable":true,"href":"https:\/\/www.europesays.com\/fi\/wp-json\/wp\/v2\/categories?post=10651"},{"taxonomy":"post_tag","embeddable":true,"href":"https:\/\/www.europesays.com\/fi\/wp-json\/wp\/v2\/tags?post=10651"}],"curies":[{"name":"wp","href":"https:\/\/api.w.org\/{rel}","templated":true}]}}