{"id":106521,"date":"2025-12-03T10:37:08","date_gmt":"2025-12-03T10:37:08","guid":{"rendered":"https:\/\/www.europesays.com\/fi\/106521\/"},"modified":"2025-12-03T10:37:08","modified_gmt":"2025-12-03T10:37:08","slug":"kampin-jattiterveysasema-valmistuu-reilusti-etuajassa-tata-kaikkea-sinne-tulee-paikalliset","status":"publish","type":"post","link":"https:\/\/www.europesays.com\/fi\/106521\/","title":{"rendered":"Kampin j\u00e4ttiterveysasema valmistuu reilusti etuajassa \u2013 t\u00e4t\u00e4 kaikkea sinne tulee | Paikalliset"},"content":{"rendered":"<p>Kampin terveys- ja hyvinvointikeskus valmistuu runsaan vuoden etuajassa. Rakennusyhti\u00f6 YIT arvioi rakennuksen ja tilojen valmistuvan syyskuussa 2026. Rakentaminen aloitettiin tammikuussa 2024.<\/p>\n<p>Jos aikataulu pit\u00e4\u00e4 loppuun asti, terveys- ja hyvinvointikeskukseen p\u00e4\u00e4see asioimaan kev\u00e4\u00e4ll\u00e4 2027.<\/p>\n<p>Rakennuksessa sijaitseva Kampin metroaseman sis\u00e4\u00e4nk\u00e4ynti aukeaa jo syksyll\u00e4 2026. Saman rakennuksen katutasoon aukeaa my\u00f6s liiketila vuokrattavaksi apteekille.<\/p>\n<p>Kaupungin projektijohtaja <strong>Tuomo Salonp\u00e4\u00e4n<\/strong> mukaan ty\u00f6maan aikataulun ja toteutuksen hallinnassa on onnistuttu erinomaisesti.<\/p>\n<p>\u2013\u2009Huolellinen kehitys- ja toteutusvaiheessa tehty rakentamisen ennakkosuunnittelu ja monimutkaisten asioiden yksinkertaistaminen nopeuttivat toteutusta, h\u00e4n sanoo kaupungin tiedotteessa.<\/p>\n<p>\u2013\u2009Yhteisty\u00f6 on toiminut hyvin ja saumattomasti tilaajan, k\u00e4ytt\u00e4j\u00e4n, suunnittelijoiden ja aliurakoitsijoiden kanssa, kuvaa my\u00f6s projektinjohtaja <strong>Jukka Niemel\u00e4<\/strong> YIT:st\u00e4.<\/p>\n<p>Kampin terveys- ja hyvinvointikeskus aukeaa osoitteeseen Salomonkatu 8<\/p>\n<p>THK-rakennuksessa on kahdeksan maanp\u00e4\u00e4llist\u00e4 kerrosta ja kaksi kellarikerrosta. Maanalaisiin tiloihin sijoittuu muun muassa logistiikka-, sosiaali- ja huoltotiloja.<\/p>\n<p>Hyvinvointikeskusprojektin yhteydess\u00e4 uudistetaan my\u00f6s rakennusta ymp\u00e4r\u00f6ivi\u00e4 katualueita ja aukioita. Ty\u00f6maita edistet\u00e4\u00e4n yht\u00e4 aikaa, jotta niist\u00e4 aiheutuva haitta olisi kaupunkilaisille mahdollisimman lyhytaikainen.<\/p>\n<p>\t\t\t\tKampin terveys- ja hyvinvointikeskusEsimerkkej\u00e4 palveluista<\/p>\n<p>Terveysasema<\/p>\n<p>Nuorten ja aikuisten sosiaalipalveluja<\/p>\n<p>Fysio- ja toimintaterapiapalveluja<\/p>\n<p>Perustason mielenterveys- ja p\u00e4ihdepalvelut<\/p>\n<p>Jalkaterapiapalvelut<\/p>\n<p>Haavavastaanotto<\/p>\n<p>Ik\u00e4\u00e4ntyneiden palveluohjaus<\/p>\n<p class=\"diks-storyline__source\">L\u00e4hde Helsingin kaupunki<\/p>\n","protected":false},"excerpt":{"rendered":"Kampin terveys- ja hyvinvointikeskus valmistuu runsaan vuoden etuajassa. Rakennusyhti\u00f6 YIT arvioi rakennuksen ja tilojen valmistuvan syyskuussa 2026. Rakentaminen&hellip;\n","protected":false},"author":2,"featured_media":106522,"comment_status":"","ping_status":"","sticky":false,"template":"","format":"standard","meta":{"footnotes":""},"categories":[12],"tags":[22,23,26,27,33,31,30,17,2887,3081,24,25,28,29,15,18,21,402,32,19,20,16],"class_list":{"0":"post-106521","1":"post","2":"type-post","3":"status-publish","4":"format-standard","5":"has-post-thumbnail","7":"category-suomi","8":"tag-breaking-news","9":"tag-breakingnews","10":"tag-featured-news","11":"tag-featurednews","12":"tag-fi","13":"tag-finland","14":"tag-finnish","15":"tag-headlines","16":"tag-julkinen-liikenne","17":"tag-kiinteistot","18":"tag-latest-news","19":"tag-latestnews","20":"tag-main-news","21":"tag-mainnews","22":"tag-news","23":"tag-otsikot","24":"tag-paauutiset","25":"tag-rakentaminen-kiinteistot","26":"tag-suomi","27":"tag-top-stories","28":"tag-topstories","29":"tag-uutiset"},"share_on_mastodon":{"url":"https:\/\/pubeurope.com\/@fi\/115655202953627846","error":""},"_links":{"self":[{"href":"https:\/\/www.europesays.com\/fi\/wp-json\/wp\/v2\/posts\/106521","targetHints":{"allow":["GET"]}}],"collection":[{"href":"https:\/\/www.europesays.com\/fi\/wp-json\/wp\/v2\/posts"}],"about":[{"href":"https:\/\/www.europesays.com\/fi\/wp-json\/wp\/v2\/types\/post"}],"author":[{"embeddable":true,"href":"https:\/\/www.europesays.com\/fi\/wp-json\/wp\/v2\/users\/2"}],"replies":[{"embeddable":true,"href":"https:\/\/www.europesays.com\/fi\/wp-json\/wp\/v2\/comments?post=106521"}],"version-history":[{"count":0,"href":"https:\/\/www.europesays.com\/fi\/wp-json\/wp\/v2\/posts\/106521\/revisions"}],"wp:featuredmedia":[{"embeddable":true,"href":"https:\/\/www.europesays.com\/fi\/wp-json\/wp\/v2\/media\/106522"}],"wp:attachment":[{"href":"https:\/\/www.europesays.com\/fi\/wp-json\/wp\/v2\/media?parent=106521"}],"wp:term":[{"taxonomy":"category","embeddable":true,"href":"https:\/\/www.europesays.com\/fi\/wp-json\/wp\/v2\/categories?post=106521"},{"taxonomy":"post_tag","embeddable":true,"href":"https:\/\/www.europesays.com\/fi\/wp-json\/wp\/v2\/tags?post=106521"}],"curies":[{"name":"wp","href":"https:\/\/api.w.org\/{rel}","templated":true}]}}