{"id":106581,"date":"2025-12-03T12:08:08","date_gmt":"2025-12-03T12:08:08","guid":{"rendered":"https:\/\/www.europesays.com\/fi\/106581\/"},"modified":"2025-12-03T12:08:08","modified_gmt":"2025-12-03T12:08:08","slug":"metalta-datakeskus-iihin-ilta-sanomat","status":"publish","type":"post","link":"https:\/\/www.europesays.com\/fi\/106581\/","title":{"rendered":"Metalta datakeskus IIhin &#8211; Ilta-Sanomat"},"content":{"rendered":"<p>Datakeskukselle on jo hankittu suuri maa-alue.<\/p>\n<p class=\"article-body mb-nof-24 px-nof-16\">Pohjois-Pohjanmaalla sijaitseva Iin kunta ilmoittaa, ett\u00e4 se on aloittanut kehityshankkeen Valoa Networksin kanssa. Kyseess\u00e4 on Meta Platformsin tyt\u00e4ryhti\u00f6.<\/p>\n<p class=\"article-body mb-nof-24 px-nof-16\">Meta on sosiaalisen median alustojen Facebookin, Instagramin ja WhatsAppin omistaja.<\/p>\n<p class=\"article-body mb-nof-24 px-nof-16\">Meta on jo hankkinut Iist\u00e4 satojen hehtaarien tontin datakeskukselle, vaikka varsinaista investointip\u00e4\u00e4t\u00f6st\u00e4 ei ole viel\u00e4 tehty. Alue sijaitsee noin 25 kilometri\u00e4 Iin kuntakeskuksesta koilliseen.<\/p>\n<p class=\"article-body mb-nof-24 px-nof-16\">\u2013\u2009Kunnassa tuotetaan merkitt\u00e4v\u00e4 m\u00e4\u00e4r\u00e4 puhdasta energiaa, ja on sek\u00e4 luonnollista ett\u00e4 toivottavaa, ett\u00e4 my\u00f6s sen k\u00e4ytt\u00e4j\u00e4t sijoittuvat t\u00e4nne, sanoo kunnanjohtaja<a class=\"article-personlink\" href=\"https:\/\/www.is.fi\/haku\/?query=%20Marjukka%20Manninen\" rel=\"nofollow noopener\" target=\"_blank\"> Marjukka Manninen<\/a> tiedotteessa.<\/p>\n<p class=\"article-body mb-nof-24 px-nof-16\">\u2013\u2009Nyt k\u00e4ynnistyv\u00e4 kaavoitusprosessi on esimerkki siit\u00e4, miten kunta voi omalla ty\u00f6ll\u00e4\u00e4n mahdollistaa tulevaisuuden investointeja.<\/p>\n<p class=\"article-body mb-nof-24 px-nof-16\">H\u00e4nen mukaansa yhteisty\u00f6 Valoan ja kunnan v\u00e4lill\u00e4 on sujunut \u201derityisen hyvin\u201d. Alueen kaavoituksen odotetaan valmistuvan vuonna 2027.<\/p>\n<p class=\"article-body mb-nof-24 px-nof-16\">Metalla on datakeskus Ruotsissa Luulajassa, joka on hieman Iit\u00e4 pohjoisempana, mutta ei viel\u00e4 Suomessa.<\/p>\n<p class=\"article-body mb-nof-24 px-nof-16\">Toisella suurella amerikkalaisella teknologiayhti\u00f6ll\u00e4 Googlella on datakeskus Haminassa, ja se suunnittelee datakeskuksia my\u00f6s Muhokselle ja Kajaaniin.<\/p>\n<p class=\"article-body mb-nof-24 px-nof-16\">Hallitus aikoo poistaa datakeskusten s\u00e4hk\u00f6verotuen ensi kes\u00e4n\u00e4. Vero olisi 2,24 sentti\u00e4 kilowattitunnilta, kun se on nyt 0,05 sentti\u00e4. Hallitus on kuitenkin luvannut, ett\u00e4 tilalle kehitet\u00e4\u00e4n toinen tukimekanismi.<\/p>\n","protected":false},"excerpt":{"rendered":"Datakeskukselle on jo hankittu suuri maa-alue. Pohjois-Pohjanmaalla sijaitseva Iin kunta ilmoittaa, ett\u00e4 se on aloittanut kehityshankkeen Valoa Networksin&hellip;\n","protected":false},"author":2,"featured_media":106582,"comment_status":"","ping_status":"","sticky":false,"template":"","format":"standard","meta":{"footnotes":""},"categories":[136],"tags":[407,137,33,31,30,34,408,32,109],"class_list":{"0":"post-106581","1":"post","2":"type-post","3":"status-publish","4":"format-standard","5":"has-post-thumbnail","7":"category-julkkikset","8":"tag-celebrities","9":"tag-entertainment","10":"tag-fi","11":"tag-finland","12":"tag-finnish","13":"tag-ilta-sanomat","14":"tag-julkkikset","15":"tag-suomi","16":"tag-viihde"},"share_on_mastodon":{"url":"https:\/\/pubeurope.com\/@fi\/115655560711242494","error":""},"_links":{"self":[{"href":"https:\/\/www.europesays.com\/fi\/wp-json\/wp\/v2\/posts\/106581","targetHints":{"allow":["GET"]}}],"collection":[{"href":"https:\/\/www.europesays.com\/fi\/wp-json\/wp\/v2\/posts"}],"about":[{"href":"https:\/\/www.europesays.com\/fi\/wp-json\/wp\/v2\/types\/post"}],"author":[{"embeddable":true,"href":"https:\/\/www.europesays.com\/fi\/wp-json\/wp\/v2\/users\/2"}],"replies":[{"embeddable":true,"href":"https:\/\/www.europesays.com\/fi\/wp-json\/wp\/v2\/comments?post=106581"}],"version-history":[{"count":0,"href":"https:\/\/www.europesays.com\/fi\/wp-json\/wp\/v2\/posts\/106581\/revisions"}],"wp:featuredmedia":[{"embeddable":true,"href":"https:\/\/www.europesays.com\/fi\/wp-json\/wp\/v2\/media\/106582"}],"wp:attachment":[{"href":"https:\/\/www.europesays.com\/fi\/wp-json\/wp\/v2\/media?parent=106581"}],"wp:term":[{"taxonomy":"category","embeddable":true,"href":"https:\/\/www.europesays.com\/fi\/wp-json\/wp\/v2\/categories?post=106581"},{"taxonomy":"post_tag","embeddable":true,"href":"https:\/\/www.europesays.com\/fi\/wp-json\/wp\/v2\/tags?post=106581"}],"curies":[{"name":"wp","href":"https:\/\/api.w.org\/{rel}","templated":true}]}}