{"id":106585,"date":"2025-12-03T12:11:10","date_gmt":"2025-12-03T12:11:10","guid":{"rendered":"https:\/\/www.europesays.com\/fi\/106585\/"},"modified":"2025-12-03T12:11:10","modified_gmt":"2025-12-03T12:11:10","slug":"yksi-hbo-maxin-taman-vuoden-parhaista-sarjoista-jatkuu-jo-tammikuussa","status":"publish","type":"post","link":"https:\/\/www.europesays.com\/fi\/106585\/","title":{"rendered":"Yksi HBO Maxin t\u00e4m\u00e4n vuoden parhaista sarjoista jatkuu jo tammikuussa"},"content":{"rendered":"<p>Kehuttu The Pitt palaa uusin jaksoin vuoden vaihduttua.<\/p>\n<p><a href=\"https:\/\/deadline.com\/2025\/12\/the-pitt-recurring-cast-season-2-1236632155\" target=\"_blank\" rel=\"noreferrer noopener nofollow\">Deadline<\/a> uutisoi <a href=\"https:\/\/muropaketti.com\/avainsana\/hbo-max\/\" rel=\"nofollow noopener\" target=\"_blank\">HBO Maxin<\/a> The Pitt -hittisarjan kakkoskaudelle kiinnitetyn nelj\u00e4 uutta n\u00e4yttelij\u00e4\u00e4. Toistuvasti vierailevina kasvoina uusissa jaksoissa n\u00e4hd\u00e4\u00e4n Brittany Allen (The Boys, Dexter: Original Sin), Bonita Friedericy (A Friend of the Family, Chicago Med), Taylor Handley (Mayor of Kingstown) ja Jeff Kober (The Walking Dead, Sons of Anarchy).<\/p>\n<p>Sarjan p\u00e4\u00e4osassa ja vastaavana tuottajana jatkaa Noah Wyle. Kakkoskausi sijoittuu noin 10 kuukautta ensimm\u00e4isen kauden tapahtumien j\u00e4lkeiseen aikaan.<\/p>\n<p>R. Scott Gemmillin luoma The Pitt kertoo realistisesti terveydenhuollon ty\u00f6ntekij\u00f6iden kohtaamista haasteista nykyp\u00e4iv\u00e4n Yhdysvalloissa. Sarjassa seurataan sairaalan etulinjan ty\u00f6ntekij\u00f6it\u00e4 Pennsylvanian Pittsburghissa.<\/p>\n<p>Wylen lis\u00e4ksi kakkoskaudella rooleihinsa palaavat Katherine LaNasa, Shawn Hatosy, Taylor Dearden, Patrick Ball, Isa Briones, Fiona Dourif, Supriya Ganesh, Shabana Azeez ja Gerran Howell. Uusina kasvoina mukana ovat my\u00f6s muun muassa Sepideh Moafi, Charles Baker, Irene Choi, La\u00ebtitia Hollard, Lucas Iverson ja Lawrence Robinson.<\/p>\n<p>Kehutun ja 13 Emmy-ehdokkuutta saaneen sarjan ensimm\u00e4inen kausi alkoi suoratoistopalvelussa t\u00e4m\u00e4n vuoden tammikuussa.<\/p>\n<p>The Pittin kakkoskausi alkaa HBO Maxilla tammikuussa 2026.<\/p>\n","protected":false},"excerpt":{"rendered":"Kehuttu The Pitt palaa uusin jaksoin vuoden vaihduttua. Deadline uutisoi HBO Maxin The Pitt -hittisarjan kakkoskaudelle kiinnitetyn nelj\u00e4&hellip;\n","protected":false},"author":2,"featured_media":13510,"comment_status":"","ping_status":"","sticky":false,"template":"","format":"standard","meta":{"footnotes":""},"categories":[133],"tags":[137,33,31,30,280,1369,32,206,5273,156,109],"class_list":{"0":"post-106585","1":"post","2":"type-post","3":"status-publish","4":"format-standard","5":"has-post-thumbnail","7":"category-televisiot","8":"tag-entertainment","9":"tag-fi","10":"tag-finland","11":"tag-finnish","12":"tag-hbo-max","13":"tag-sarjat","14":"tag-suomi","15":"tag-televisiot","16":"tag-the-pitt","17":"tag-tv","18":"tag-viihde"},"share_on_mastodon":{"url":"https:\/\/pubeurope.com\/@fi\/115655572373643740","error":""},"_links":{"self":[{"href":"https:\/\/www.europesays.com\/fi\/wp-json\/wp\/v2\/posts\/106585","targetHints":{"allow":["GET"]}}],"collection":[{"href":"https:\/\/www.europesays.com\/fi\/wp-json\/wp\/v2\/posts"}],"about":[{"href":"https:\/\/www.europesays.com\/fi\/wp-json\/wp\/v2\/types\/post"}],"author":[{"embeddable":true,"href":"https:\/\/www.europesays.com\/fi\/wp-json\/wp\/v2\/users\/2"}],"replies":[{"embeddable":true,"href":"https:\/\/www.europesays.com\/fi\/wp-json\/wp\/v2\/comments?post=106585"}],"version-history":[{"count":0,"href":"https:\/\/www.europesays.com\/fi\/wp-json\/wp\/v2\/posts\/106585\/revisions"}],"wp:featuredmedia":[{"embeddable":true,"href":"https:\/\/www.europesays.com\/fi\/wp-json\/wp\/v2\/media\/13510"}],"wp:attachment":[{"href":"https:\/\/www.europesays.com\/fi\/wp-json\/wp\/v2\/media?parent=106585"}],"wp:term":[{"taxonomy":"category","embeddable":true,"href":"https:\/\/www.europesays.com\/fi\/wp-json\/wp\/v2\/categories?post=106585"},{"taxonomy":"post_tag","embeddable":true,"href":"https:\/\/www.europesays.com\/fi\/wp-json\/wp\/v2\/tags?post=106585"}],"curies":[{"name":"wp","href":"https:\/\/api.w.org\/{rel}","templated":true}]}}