{"id":106588,"date":"2025-12-03T12:15:10","date_gmt":"2025-12-03T12:15:10","guid":{"rendered":"https:\/\/www.europesays.com\/fi\/106588\/"},"modified":"2025-12-03T12:15:10","modified_gmt":"2025-12-03T12:15:10","slug":"kalle-rovanpera-hyppaa-uuden-auton-rattiin-jo-ensi-viikolla","status":"publish","type":"post","link":"https:\/\/www.europesays.com\/fi\/106588\/","title":{"rendered":"Kalle Rovanper\u00e4 hypp\u00e4\u00e4 uuden auton rattiin jo ensi viikolla"},"content":{"rendered":"<p>Kalle Rovanper\u00e4 p\u00e4\u00e4see testaamaan formula-autoaan Japanissa.<\/p>\n<p class=\"article-body mb-nof-24 px-nof-16\">Lajia vaihtanut entinen rallit\u00e4hti <a class=\"article-personlink\" href=\"https:\/\/www.is.fi\/haku\/?query=Kalle%20Rovanper%C3%A4\" rel=\"nofollow noopener\" target=\"_blank\">Kalle Rovanper\u00e4<\/a> ajaa Super Formulan testeiss\u00e4 Japanin Suzukassa ensi viikolla 10.\u201312. joulukuuta.<\/p>\n<p class=\"article-body mb-nof-24 px-nof-16\">Asiasta kertovat Super Formula ja Rovanper\u00e4 Instagramissa.<\/p>\n<p class=\"article-body mb-nof-24 px-nof-16\">Julkaisussa kerrotaan, ett\u00e4 lis\u00e4\u00e4 yksityiskohtia paljastetaan t\u00e4n\u00e4 perjantaina eli 5. joulukuuta.<\/p>\n<p class=\"article-body mb-nof-24 px-nof-16\">Rovanper\u00e4n varsinainen formulaura alkaa tammikuussa. Suomalainen osallistuu Uudessa-Seelannissa ajettavaan nelj\u00e4n osakilpailun mittaiseen Oseanian Formula Regional -sarjaan, joka alkaa 9. tammikuuta.<\/p>\n<p class=\"article-body mb-nof-24 px-nof-16\">Samalla suomalainen saa t\u00e4rke\u00e4\u00e4 kokemusta uudesta lajista ennen Japanin Super Formula -sarjan alkua.<\/p>\n<p class=\"article-body mb-nof-24 px-nof-16\">Rovanper\u00e4 ei odota, ett\u00e4 siirtyminen ralliautoilusta formuloiden maailmaan sujuisi t\u00e4ysin kivutta.<\/p>\n<p class=\"article-body mb-nof-24 px-nof-16\">\u2013\u2009Tulevista vuosista tulee urani suurin haaste. Astun hyvin kauas mukavuusalueeltani, jolla olen viihtynyt jo liian pitk\u00e4\u00e4n, kilpa-ajaja sanoi Instagramissa aikaisemmin t\u00e4ll\u00e4 viikolla.<\/p>\n<p class=\"article-body mb-nof-24 px-nof-16\">25-vuotias suomalainen sijoittui t\u00e4n\u00e4 vuonna eli ainakin toistaiseksi viimeisell\u00e4 MM-rallikaudellaan kokonaiskisassa kolmanneksi.<\/p>\n<p class=\"article-body mb-nof-24 px-nof-16\">H\u00e4n voitti rallin maailmanmestaruuden 2022 ja 2023.<\/p>\n","protected":false},"excerpt":{"rendered":"Kalle Rovanper\u00e4 p\u00e4\u00e4see testaamaan formula-autoaan Japanissa. Lajia vaihtanut entinen rallit\u00e4hti Kalle Rovanper\u00e4 ajaa Super Formulan testeiss\u00e4 Japanin Suzukassa&hellip;\n","protected":false},"author":2,"featured_media":106589,"comment_status":"","ping_status":"","sticky":false,"template":"","format":"standard","meta":{"footnotes":""},"categories":[158],"tags":[33,31,30,34,159,32,160],"class_list":{"0":"post-106588","1":"post","2":"type-post","3":"status-publish","4":"format-standard","5":"has-post-thumbnail","7":"category-urheilu","8":"tag-fi","9":"tag-finland","10":"tag-finnish","11":"tag-ilta-sanomat","12":"tag-sports","13":"tag-suomi","14":"tag-urheilu"},"share_on_mastodon":{"url":"","error":""},"_links":{"self":[{"href":"https:\/\/www.europesays.com\/fi\/wp-json\/wp\/v2\/posts\/106588","targetHints":{"allow":["GET"]}}],"collection":[{"href":"https:\/\/www.europesays.com\/fi\/wp-json\/wp\/v2\/posts"}],"about":[{"href":"https:\/\/www.europesays.com\/fi\/wp-json\/wp\/v2\/types\/post"}],"author":[{"embeddable":true,"href":"https:\/\/www.europesays.com\/fi\/wp-json\/wp\/v2\/users\/2"}],"replies":[{"embeddable":true,"href":"https:\/\/www.europesays.com\/fi\/wp-json\/wp\/v2\/comments?post=106588"}],"version-history":[{"count":0,"href":"https:\/\/www.europesays.com\/fi\/wp-json\/wp\/v2\/posts\/106588\/revisions"}],"wp:featuredmedia":[{"embeddable":true,"href":"https:\/\/www.europesays.com\/fi\/wp-json\/wp\/v2\/media\/106589"}],"wp:attachment":[{"href":"https:\/\/www.europesays.com\/fi\/wp-json\/wp\/v2\/media?parent=106588"}],"wp:term":[{"taxonomy":"category","embeddable":true,"href":"https:\/\/www.europesays.com\/fi\/wp-json\/wp\/v2\/categories?post=106588"},{"taxonomy":"post_tag","embeddable":true,"href":"https:\/\/www.europesays.com\/fi\/wp-json\/wp\/v2\/tags?post=106588"}],"curies":[{"name":"wp","href":"https:\/\/api.w.org\/{rel}","templated":true}]}}