{"id":106603,"date":"2025-12-03T12:35:08","date_gmt":"2025-12-03T12:35:08","guid":{"rendered":"https:\/\/www.europesays.com\/fi\/106603\/"},"modified":"2025-12-03T12:35:08","modified_gmt":"2025-12-03T12:35:08","slug":"tampereen-kahdessa-isossa-museossa-alkaa-myllerrys-nama-ovat-alkuasetelmat","status":"publish","type":"post","link":"https:\/\/www.europesays.com\/fi\/106603\/","title":{"rendered":"Tampereen kahdessa isossa museossa alkaa myllerrys \u2013 n\u00e4m\u00e4 ovat alkuasetelmat"},"content":{"rendered":"<p>Kaupungin yt-neuvottelut ovat p\u00e4\u00e4ttyneet. Kysyimme, miten Tampereen taidemuseon ja Muumimuseon neuvottelut ovat sujuneet.<\/p>\n<p class=\"article-body mb-nof-24 px-nof-16\">Aamulehti<\/p>\n<p>Lue tiivistelm\u00e4<\/p>\n<p>Tiivistelm\u00e4 on teko\u00e4lyn tekem\u00e4 ja ihmisen tarkistama.<\/p>\n<p class=\"article-body mb-nof-24 px-nof-16 sndp-summary-bullet-point-font\">Tampereen taidemuseon ja Muumimuseon ty\u00f6h\u00f6n on tulossa suuria muutoksia, kun kaupunki lakkautti niiden johtajan viran.<\/p>\n<p class=\"article-body mb-nof-24 px-nof-16 sndp-summary-bullet-point-font\">Kaupunki perustaa yhden uuden johtajan viran taidemuseolle ja historiallisille museoille. Historiallisia museoita ovat Vapriikki, Milavida ja Amurin museokortteli.<\/p>\n<p class=\"article-body mb-nof-24 px-nof-16 sndp-summary-bullet-point-font\">Ty\u00f6suojeluvaltuutettu Marko Niemisen mukaan tunnelmat ovat yt-neuvotteluiden p\u00e4\u00e4ttyess\u00e4 helpottuneet, mutta huolta aiheuttaa kahden museon yhdistyminen.<\/p>\n<p class=\"article-body mb-nof-24 px-nof-16 sndp-summary-bullet-point-font\">Yhden johtajan mallin suunnittelu alkaa vuoden 2026 puolella.<\/p>\n<p class=\"article-body mb-nof-24 px-nof-16\">Tampereen taidemuseon ja Muumimuseon osalta yhteistoimintaneuvottelut ovat p\u00e4\u00e4ttyneet. Tampereen kaupungin sivistyspalveluiden johtaja <a class=\"article-personlink\" href=\"https:\/\/www.aamulehti.fi\/haku\/?query=Lauri%20Savisaari\" rel=\"nofollow noopener\" target=\"_blank\">Lauri Savisaari<\/a> kertoo, ett\u00e4 neuvottelut on saatu p\u00e4\u00e4t\u00f6kseen koko sivistyspalvelualueen ja my\u00f6s kulttuurin palveluryhm\u00e4n osalta, ja p\u00e4\u00e4t\u00f6kset on pantu toimeen.<\/p>\n<p class=\"article-body mb-nof-24 px-nof-16\">Museoiden ty\u00f6h\u00f6n on tulossa suuria muutoksia, kun kaupunki lakkautti niiden johtajan <a class=\"article-personlink\" href=\"https:\/\/www.aamulehti.fi\/haku\/?query=Selma%20Greenin\" rel=\"nofollow noopener\" target=\"_blank\">Selma Greenin<\/a> ja kulttuurijohtaja <a class=\"article-personlink\" href=\"https:\/\/www.aamulehti.fi\/haku\/?query=Sampo%20Terhon\" rel=\"nofollow noopener\" target=\"_blank\">Sampo Terhon<\/a> virat. Kaupunki aikoo perustaa yhden uuden johtajan viran Tampereen taidemuseolle ja historiallisille museoille. Historiallisia museoita ovat Tampereella Vapriikki, Milavida ja Amurin museokortteli.<\/p>\n<p class=\"article-body mb-nof-24 px-nof-16\">Lauri Savisaari, osuiko museoihin viel\u00e4 muita irtisanomisia tai viran lakkautuksia?<\/p>\n<p class=\"article-body mb-nof-24 px-nof-16\">\u201dTaidemuseossa on yksi asiantuntijateht\u00e4v\u00e4 lakannut n\u00e4iden kahden johtajan viran lakkauttamisen lis\u00e4ksi.\u201d<\/p>\n<p class=\"article-body mb-nof-24 px-nof-16\">Vaikuttavatko muutokset museoiden toimintaan jotenkin?<\/p>\n<p class=\"article-body mb-nof-24 px-nof-16\">\u201dVaikuttavat varmasti museolla ty\u00f6skenteleviin ihmisiin, kun yhden hallinnon alle yhdistyv\u00e4t Tampereen taidemuseo ja Tampereen historialliset museot. Taidemuseolla ei t\u00e4ll\u00e4 hetkell\u00e4 ole johtajaa ennen kuin uuteen virkaan valitaan ja nimet\u00e4\u00e4n henkil\u00f6. Johtaminen hoituu nyt varahenkil\u00f6j\u00e4rjestelm\u00e4n avulla. Historiallisia museoita johtaa t\u00e4ll\u00e4 hetkell\u00e4 <a class=\"article-personlink\" href=\"https:\/\/www.aamulehti.fi\/haku\/?query=Heidi%20Rytky\" rel=\"nofollow noopener\" target=\"_blank\">Heidi Rytky<\/a>. Tavoitteena on jatkaa toimintaa normaalisti ja suhtautua n\u00e4yttelyiden laatuun kunnianhimoisten tavoitteiden mukaisesti.\u201d<\/p>\n<p class=\"article-body mb-nof-24 px-nof-16\">Miten museoiden yhdistyminen jatkuu nyt yt-neuvotteluiden j\u00e4lkeen?<\/p>\n<p class=\"article-body mb-nof-24 px-nof-16\">\u201dPannaan toimeen teht\u00e4vien lakkautukset. Johtamisj\u00e4rjestely j\u00e4rjestet\u00e4\u00e4n niin, ett\u00e4 normaalit prosessit voivat py\u00f6ri\u00e4. Taidemuseon johtajalla on ollut paljon omissa hyppysiss\u00e4\u00e4n, ja t\u00e4m\u00e4n listan teht\u00e4vi\u00e4 jaetaan. Tammikuun ensimm\u00e4isest\u00e4 p\u00e4iv\u00e4st\u00e4 l\u00e4htien hallinnollinen rakenne muuttuu ja museot siirtyv\u00e4t yhden johtajan alaisuuteen.\u201d<\/p>\n<p class=\"article-body mb-nof-24 px-nof-16\">Aamulehti uutisoi 11. joulukuuta 2024 ja 31. maaliskuuta Tampereen taidemuseon ty\u00f6ilmapiirin ongelmista.<\/p>\n<p class=\"article-body mb-nof-24 px-nof-16\">Aamulehti uutisoi 17. marraskuuta 2025, ett\u00e4 Tampereen kaupunki lakkauttaa kulttuurijohtajan ja Tampereen taidemuseon johtajan virat.<\/p>\n<p class=\"article-body mb-nof-24 px-nof-16\">Kaupungin ty\u00f6terveysyritys Pirten ty\u00f6paikkaselvityksen mukaan ty\u00f6ilmapiiriss\u00e4 oli syksyll\u00e4 2024 korjattavaa museon kaikissa toimipisteiss\u00e4.<\/p>\n<p class=\"article-body mb-nof-24 px-nof-16\">Taidemuseon tulokset olivat pohjalukemissa my\u00f6s Kunta10-tutkimuksessa.<\/p>\n<p class=\"article-body mb-nof-24 px-nof-16\">Museonjohtajan alaisuudessa on yhteens\u00e4 noin 50 ty\u00f6ntekij\u00e4\u00e4. Museon toimipisteit\u00e4 ovat my\u00f6s kokoelmakeskus, Muumimuseo sek\u00e4 TR1:n toimisto.<\/p>\n<p class=\"article-body mb-nof-24 px-nof-16\">Millainen tunnelma taidemuseon ty\u00f6ntekij\u00f6ill\u00e4 nyt on, Tampereen taidemuseon ty\u00f6suojeluvaltuutettu Marko Nieminen?<\/p>\n<p class=\"article-body mb-nof-24 px-nof-16\">\u201dKyll\u00e4 siell\u00e4 helpottuneet tunnelmat on ty\u00f6ilmapiirin pitk\u00e4\u00e4n jatkuneiden ongelmien ja yt-neuvotteluiden j\u00e4lkeen. Samalla tuli huoli, kun kaksi museota nyt yhdistyy.\u201d<\/p>\n<p class=\"article-body mb-nof-24 px-nof-16\">Onko kulttuurijohtajan sek\u00e4 taidemuseon ja Muumimuseon johtajan virkojen lakkauttaminen vaikuttanut ty\u00f6ntekij\u00f6iden arkeen?<\/p>\n<p class=\"article-body mb-nof-24 px-nof-16\">\u201dEi, sill\u00e4 p\u00e4\u00e4llik\u00f6t s\u00e4ilyiv\u00e4t. Tietojeni mukaan taidemuseolla on edelleen kolme p\u00e4\u00e4llikk\u00f6\u00e4, kokoelmap\u00e4\u00e4llikk\u00f6, n\u00e4yttelyp\u00e4\u00e4llikk\u00f6 ja palvelup\u00e4\u00e4llikk\u00f6.\u201d<\/p>\n<p class=\"article-body mb-nof-24 px-nof-16\">Onko organisaatioon tai ty\u00f6nkuviin tullut paljon muutoksia?<\/p>\n<p class=\"article-body mb-nof-24 px-nof-16\">\u201dTy\u00f6nkuvia laaditaan varmaankin uusiksi, kun museot yhdistyv\u00e4t, mutta ty\u00f6 alkaa vasta vuoden 2026 puolella. Lakkautettujen virkojen haltijoilla on esimerkiksi viel\u00e4 lakis\u00e4\u00e4teiset irtisanomisajat.\u201d<\/p>\n","protected":false},"excerpt":{"rendered":"Kaupungin yt-neuvottelut ovat p\u00e4\u00e4ttyneet. Kysyimme, miten Tampereen taidemuseon ja Muumimuseon neuvottelut ovat sujuneet. Aamulehti Lue tiivistelm\u00e4 Tiivistelm\u00e4 on&hellip;\n","protected":false},"author":2,"featured_media":106604,"comment_status":"","ping_status":"","sticky":false,"template":"","format":"standard","meta":{"footnotes":""},"categories":[135],"tags":[157,389,387,388,390,137,33,31,30,32,394,393,391,392,109],"class_list":{"0":"post-106603","1":"post","2":"type-post","3":"status-publish","4":"format-standard","5":"has-post-thumbnail","7":"category-taiteet-ja-suunnittelu","8":"tag-aamulehti","9":"tag-arts","10":"tag-arts-and-design","11":"tag-artsanddesign","12":"tag-design","13":"tag-entertainment","14":"tag-fi","15":"tag-finland","16":"tag-finnish","17":"tag-suomi","18":"tag-suunnittelu","19":"tag-taiteet","20":"tag-taiteet-ja-suunnittelu","21":"tag-taiteetsuunnittelu","22":"tag-viihde"},"share_on_mastodon":{"url":"https:\/\/pubeurope.com\/@fi\/115655666786719751","error":""},"_links":{"self":[{"href":"https:\/\/www.europesays.com\/fi\/wp-json\/wp\/v2\/posts\/106603","targetHints":{"allow":["GET"]}}],"collection":[{"href":"https:\/\/www.europesays.com\/fi\/wp-json\/wp\/v2\/posts"}],"about":[{"href":"https:\/\/www.europesays.com\/fi\/wp-json\/wp\/v2\/types\/post"}],"author":[{"embeddable":true,"href":"https:\/\/www.europesays.com\/fi\/wp-json\/wp\/v2\/users\/2"}],"replies":[{"embeddable":true,"href":"https:\/\/www.europesays.com\/fi\/wp-json\/wp\/v2\/comments?post=106603"}],"version-history":[{"count":0,"href":"https:\/\/www.europesays.com\/fi\/wp-json\/wp\/v2\/posts\/106603\/revisions"}],"wp:featuredmedia":[{"embeddable":true,"href":"https:\/\/www.europesays.com\/fi\/wp-json\/wp\/v2\/media\/106604"}],"wp:attachment":[{"href":"https:\/\/www.europesays.com\/fi\/wp-json\/wp\/v2\/media?parent=106603"}],"wp:term":[{"taxonomy":"category","embeddable":true,"href":"https:\/\/www.europesays.com\/fi\/wp-json\/wp\/v2\/categories?post=106603"},{"taxonomy":"post_tag","embeddable":true,"href":"https:\/\/www.europesays.com\/fi\/wp-json\/wp\/v2\/tags?post=106603"}],"curies":[{"name":"wp","href":"https:\/\/api.w.org\/{rel}","templated":true}]}}