{"id":106611,"date":"2025-12-03T12:42:07","date_gmt":"2025-12-03T12:42:07","guid":{"rendered":"https:\/\/www.europesays.com\/fi\/106611\/"},"modified":"2025-12-03T12:42:07","modified_gmt":"2025-12-03T12:42:07","slug":"laura-arffman-tallaaiset-ovat-valit-ex-puoliso-anssi-pentsiseen","status":"publish","type":"post","link":"https:\/\/www.europesays.com\/fi\/106611\/","title":{"rendered":"Laura Arffman: T\u00e4ll\u00e4aiset ovat v\u00e4lit ex-puoliso Anssi Pentsiseen"},"content":{"rendered":"<p>\n            (240604) &#8212; Helsinki, June 4, 2024 \u2013 Laura Arffman poses for the camera during Yle news and sports press conference  in Helsinki, Finland, 4. June 2024. (Matti Matikainen\/Aller Media)<br \/>\n            Matti Matikainen\n        <\/p>\n<p class=\"subtitle \">Urheilutoimittajan puolison halu erota tuli Lauralle shokkina.<\/p>\n<p class=\"article-content article-content-width !bg-background\">Ylen urheilutoimittajana tunnetun\u00a0, 40, avioliitto tuli p\u00e4\u00e4t\u00f6kseens\u00e4 alkuvuodesta.<\/p>\n<p class=\"font-weight-bold m-font-weight-bold article-content article-content-width !bg-background\">Katso video \u2013 T\u00e4lt\u00e4 n\u00e4ytt\u00e4\u00e4 MTV:n uutisstudion kulisseissa:<\/p>\n<p>Ero tuli shokkina<\/p>\n<p class=\"article-content article-content-width !bg-background\">Laura ja uransa p\u00e4\u00e4tt\u00e4nyt huippuhiiht\u00e4j\u00e4  avioituivat vuonna 2017. Ex-parille syntyi kaksi lasta vuosina 2019 ja 2021.<\/p>\n<p class=\"article-content article-content-width !bg-background\">Urheiluruudusta tuttu Laura kertoi maaliskuussa avioerostaan mustavalkoisessa Instagram-julkaisussa, jossa oli videoita entisest\u00e4 parista.<\/p>\n<p class=\"article-content article-content-width !bg-background\">\u2013 El\u00e4m\u00e4ni kymmenen parasta vuotta. En olisi koskaan uskonut, ett\u00e4 t\u00e4m\u00e4 p\u00e4iv\u00e4 koittaa, Laura kirjoitti julkaisun kuvatekstiss\u00e4.<\/p>\n<p>        <a itemprop=\"url\" href=\"https:\/\/www.seiska.fi\/kotimaa\/urheilutoimittaja-laura-arffman-ja-hiihtaja-anssi-pentsinen-shokkiero\/1659033\" rel=\"nofollow noopener\" target=\"_blank\"><\/p>\n<p>\nLaura Arffman ja Anssi Pentsinen:\n<\/p>\n<p class=\"section-date\">\n        <strong class=\"article-section\" data-section=\"kotimaa\"><br \/>\n            kotimaa<br \/>\n        <\/strong><br \/>\n        28.3. 17:59\n    <\/p>\n<p>Urheilutoimittaja Laura Arffman ja hiiht\u00e4j\u00e4 Anssi Pentsinen: Shokkiero\n    <\/p>\n<p itemprop=\"description\" class=\"subtitle \">\n    \u2013 En olisi koskaan uskonut, ett\u00e4 t\u00e4m\u00e4 p\u00e4iv\u00e4 koittaa, Laura kirjoittaa.\n<\/p>\n<p>        <\/a><\/p>\n<p class=\"article-content article-content-width !bg-background\">Laura jatkaa, ett\u00e4 he ajoivat alkuvuodesta p\u00e4in sein\u00e4\u00e4.<\/p>\n<p class=\"article-content article-content-width !bg-background\">\u2013\u00a0Olisin ollut valmis tekem\u00e4\u00e4n meid\u00e4n eteen enemm\u00e4n, <\/p>\n<p class=\"article-content article-content-width !bg-background\">Laura kirjoitti lohduttomassa julkaisussaan ja toivoi. ett\u00e4 he saavat k\u00e4sitell\u00e4 asiaa rauhassa lasten kanssa.\u00a0<\/p>\n<p>T\u00e4llaiset ovat ex-parin v\u00e4lit nyt<\/p>\n<p class=\"article-content article-content-width !bg-background\"><a href=\"https:\/\/www.is.fi\/tv-ja-elokuvat\/art-2000011632779.html\" target=\"_blank\" rel=\"nofollow noopener\">Laura kertoo Ilta-Sanomien haastattelussa v\u00e4leist\u00e4\u00e4n entiseen puolisoon<\/a>.<\/p>\n<p class=\"article-content article-content-width !bg-background\">Lauralle oli shokki kuulla, ett\u00e4 Anssi halusi p\u00e4\u00e4tt\u00e4\u00e4 heid\u00e4n pitk\u00e4n suhteensa.<\/p>\n<p class=\"article-content article-content-width !bg-background\">\u2013\u00a0Jos sanon suoraan, niin emme ole v\u00e4leiss\u00e4.\u00a0Lasten asiat hoidamme tietenkin asiallisesti, mutta muuten emme ole v\u00e4leiss\u00e4, Laura kertoo Ilta-Sanomille.<\/p>\n<p>        <a itemprop=\"url\" href=\"https:\/\/www.seiska.fi\/kotimaa\/krista-parmakoski-shokkiero\/1401114\" rel=\"nofollow noopener\" target=\"_blank\"><\/p>\n<p class=\"section-date\">\n        <strong class=\"article-section\" data-section=\"kotimaa\"><br \/>\n            kotimaa<br \/>\n        <\/strong><br \/>\n        8.7.2024 07:19\n    <\/p>\n<p>Krista P\u00e4rm\u00e4koski: Shokkiero!\n    <\/p>\n<p itemprop=\"description\" class=\"subtitle \">\n    Krista tiedottaa avioerostaan Instagramissa.\n<\/p>\n<p>        <\/a><\/p>\n<p class=\"article-content article-content-width !bg-background\">Laura kertoo saaneensa paljon kiitosta avoimuudestaan avioeronsa suhteen.<\/p>\n<p class=\"article-content article-content-width !bg-background\">\u2013 Toivon, ett\u00e4 siit\u00e4 on ollut joillekin apua, koska samanlaista tukea olisin kaivannut alkuvuodesta, Laura toteaa IS:lle.<\/p>\n<p>Uusi juontopesti<\/p>\n<p class=\"article-content article-content-width !bg-background\">Laura juontaa Linnan juhlat itsen\u00e4isyysp\u00e4iv\u00e4n\u00e4 ensimm\u00e4ist\u00e4 kertaa.<\/p>\n<p class=\"article-content article-content-width !bg-background\">Linnan juhlien suomenkielist\u00e4 l\u00e4hetyst\u00e4 selostavat\u00a0Lauran lis\u00e4ksi ,  ja\u00a0. Ruotsiksi l\u00e4hetyst\u00e4 selostavat\u00a0,\u00a0\u00a0ja\u00a0.<\/p>\n<p>        <a itemprop=\"url\" href=\"https:\/\/www.seiska.fi\/kotimaa\/urheilutoimittaja-laura-arffman-yhdisti-perheen-ja-uranolen-tehokas\/1373136\" rel=\"nofollow noopener\" target=\"_blank\"><\/p>\n<p class=\"section-date\">\n        <strong class=\"article-section\" data-section=\"kotimaa\"><br \/>\n            kotimaa<br \/>\n        <\/strong><br \/>\n        8.6.2024 13:00\n    <\/p>\n<p>Urheilutoimittaja Laura Arffman yhdisti perheen ja uran:&#8221;Olen tehokas&#8221;\n    <\/p>\n<p itemprop=\"description\" class=\"subtitle \">\n    Lauralla on my\u00f6s aikaa olla kotona.\n<\/p>\n<p>        <\/a><\/p>\n<p class=\"article-content article-content-width !bg-background\">\u2013 Oli iloinen yll\u00e4tys, ett\u00e4 minua pyydettiin mukaan. Kyseess\u00e4 on kunniateht\u00e4v\u00e4, johon suhtaudun eritt\u00e4in n\u00f6yr\u00e4sti ja toki v\u00e4h\u00e4n my\u00f6s j\u00e4nnitt\u00e4en, Laura kommentoi Ylen tiedotteessa.<\/p>\n<p class=\"italic m-italic article-content article-content-width !bg-background\">Linnan juhlat 2025 6.12. TV1 ja Yle Areena klo 18.15. Linnan jatkot TV1 ja Yle Areena klo 22.15.<\/p>\n","protected":false},"excerpt":{"rendered":"(240604) &#8212; Helsinki, June 4, 2024 \u2013 Laura Arffman poses for the camera during Yle news and sports&hellip;\n","protected":false},"author":2,"featured_media":106612,"comment_status":"","ping_status":"","sticky":false,"template":"","format":"standard","meta":{"footnotes":""},"categories":[130],"tags":[20055,2759,137,33,31,30,9523,14062,32,11203,109],"class_list":{"0":"post-106611","1":"post","2":"type-post","3":"status-publish","4":"format-standard","5":"has-post-thumbnail","7":"category-viihde","8":"tag-anssi-pentsinen","9":"tag-avioero","10":"tag-entertainment","11":"tag-fi","12":"tag-finland","13":"tag-finnish","14":"tag-laura-arffman","15":"tag-linnan-juhlat","16":"tag-suomi","17":"tag-urheilutoimittaja","18":"tag-viihde"},"share_on_mastodon":{"url":"https:\/\/pubeurope.com\/@fi\/115655694300760340","error":""},"_links":{"self":[{"href":"https:\/\/www.europesays.com\/fi\/wp-json\/wp\/v2\/posts\/106611","targetHints":{"allow":["GET"]}}],"collection":[{"href":"https:\/\/www.europesays.com\/fi\/wp-json\/wp\/v2\/posts"}],"about":[{"href":"https:\/\/www.europesays.com\/fi\/wp-json\/wp\/v2\/types\/post"}],"author":[{"embeddable":true,"href":"https:\/\/www.europesays.com\/fi\/wp-json\/wp\/v2\/users\/2"}],"replies":[{"embeddable":true,"href":"https:\/\/www.europesays.com\/fi\/wp-json\/wp\/v2\/comments?post=106611"}],"version-history":[{"count":0,"href":"https:\/\/www.europesays.com\/fi\/wp-json\/wp\/v2\/posts\/106611\/revisions"}],"wp:featuredmedia":[{"embeddable":true,"href":"https:\/\/www.europesays.com\/fi\/wp-json\/wp\/v2\/media\/106612"}],"wp:attachment":[{"href":"https:\/\/www.europesays.com\/fi\/wp-json\/wp\/v2\/media?parent=106611"}],"wp:term":[{"taxonomy":"category","embeddable":true,"href":"https:\/\/www.europesays.com\/fi\/wp-json\/wp\/v2\/categories?post=106611"},{"taxonomy":"post_tag","embeddable":true,"href":"https:\/\/www.europesays.com\/fi\/wp-json\/wp\/v2\/tags?post=106611"}],"curies":[{"name":"wp","href":"https:\/\/api.w.org\/{rel}","templated":true}]}}