{"id":106621,"date":"2025-12-03T12:49:09","date_gmt":"2025-12-03T12:49:09","guid":{"rendered":"https:\/\/www.europesays.com\/fi\/106621\/"},"modified":"2025-12-03T12:49:09","modified_gmt":"2025-12-03T12:49:09","slug":"savon-aallot-podcast-karjalaiset-juuret-ja-luonto-inspiroivat-kuopiolaisen-laura-lampisen-koruja-sudenmarja-on-vuoden-koru-finalisti-savo","status":"publish","type":"post","link":"https:\/\/www.europesays.com\/fi\/106621\/","title":{"rendered":"Savon Aallot -podcast | Karjalaiset juuret ja luonto inspiroivat kuopiolaisen Laura Lampisen koruja \u2013 Sudenmarja on Vuoden koru -finalisti | Savo"},"content":{"rendered":"<p>Kuopiolainen korusepp\u00e4 <strong>Laura Lampinen<\/strong> el\u00e4\u00e4 j\u00e4nnitt\u00e4vi\u00e4 aikoja. H\u00e4nen suunnittelemansa Sudenmarja-korut nousivat Vuoden koru 2026 -kilpailun finaaliin, mik\u00e4 tuli tekij\u00e4lle itselleen yll\u00e4tyksen\u00e4.<\/p>\n<p>\u2013\u2009En meinannut uskoa sit\u00e4 todeksi. Luin s\u00e4hk\u00f6postin viikon my\u00f6h\u00e4ss\u00e4 ja piti varmistaa vieress\u00e4 olevalta ihmiselt\u00e4, ett\u00e4 t\u00e4m\u00e4 on ihan oikeasti totta. K\u00e4vin takahuoneessa hyppim\u00e4ss\u00e4 innosta, Lampinen nauraa.<\/p>\n<p>Lampisen korupaja sijaitsee Kuopiossa H-talossa, ja h\u00e4nen t\u00f6iss\u00e4\u00e4n n\u00e4kyy vahva yhteys luontoon ja suomalaisiin uskomuksiin.<\/p>\n<p>\u2013\u2009Olen lapsuuteni asunut maalla ja seikkaillut metsiss\u00e4. Sudenmarja kiehtoo minua, koska se on herkk\u00e4 ja kaunis, mutta samalla myrkyllinen ja kontrasti vieh\u00e4tt\u00e4\u00e4. Koruni eiv\u00e4t ole tavanomaisia, niiss\u00e4 on aina jokin juju, h\u00e4n kertoo.<\/p>\n<p>Lampinen ammentaa inspiraatiota my\u00f6s kansanperinteest\u00e4 \u2013 ja omasta suvustaan.<\/p>\n<p>\u2013\u2009Minua kiehtovat vanhat uskomukset ja tarinat. Omistan Kalevalan nelj\u00e4ss\u00e4 eri muodossa, h\u00e4n sanoo.<\/p>\n<p>Lampisen kiinnostus juontaa juurensa lapsuuteen. H\u00e4nen isois\u00e4ns\u00e4 \u00e4iti, &#8221;pikku mummo&#8221;, oli karjalaisevakko, jonka vanhoista kirjoista Lampinen l\u00f6ysi kansantaruja ja uskomuksia.<\/p>\n<p>\u2013\u2009Sielt\u00e4 l\u00f6ytyi tarinoita, kuten ett\u00e4 pihlaja on pyh\u00e4 puu. Ne kiehtoivat minua jo lapsena ja kulkevat mukana korujen tarinoissa, Lampinen kertoo.<\/p>\n<p>Korut eiv\u00e4t olleet Lampisen lapsuuden haave.<\/p>\n<p>\u2013\u2009Halusin joskus arkeologiksi, mutta kouluarvosanat eiv\u00e4t riitt\u00e4neet. Opo ohjasi minut taidealoille, ja kuva-artesaaniopinnoista olin jo l\u00e4hd\u00f6ss\u00e4 yliopistoon lukemaan taidehistoriaa. Sitten vierailin korunmuotoilun pajalla ja ihastuin t\u00e4ysin. Siit\u00e4 l\u00e4htien tiesin, ett\u00e4 t\u00e4m\u00e4 on minun juttuni, h\u00e4n kertoo.<\/p>\n<p>Lampiselta on tulossa my\u00f6s oma korumallisto, joka jakautuu kolmeen teemaan: Lehto, Hovi ja Tuoni.<\/p>\n<p>\u2013\u2009Lehto on herkk\u00e4\u00e4 ja feminiinist\u00e4, Hovi neutraalia ja arkik\u00e4ytt\u00f6\u00f6n sopivaa, kun taas Tuoni ammentaa synkemmist\u00e4 aiheista, kuten el\u00e4inten luista ja rosoisista pinnoista, Lampinen kuvailee.<\/p>\n<p>Vaikka korualalla hy\u00f6dynnet\u00e4\u00e4n nyky\u00e4\u00e4n 3D-mallinnusta, Lampinen tekee suurimman osan t\u00f6ist\u00e4\u00e4n k\u00e4sin.<\/p>\n<p>\u2013\u2009Rakastan ty\u00f6st\u00e4\u00e4 kultaa, se on unelmamateriaali. Hopea on yleisin omissa koruissani, mutta my\u00f6s vanhojen perint\u00f6korujen korjaaminen on iso osa ty\u00f6t\u00e4ni. Niiss\u00e4 on tarinoita, joita arvostan, h\u00e4n kertoo.<\/p>\n<p>Lampinen muistuttaa, ett\u00e4 vanhoja koruja ei kannata hyl\u00e4t\u00e4.<\/p>\n<p>\u2013\u2009Niit\u00e4 voi muokata uuteen tyyliin tai korjata. Vihkisormuksen voi suurentaa, ketjun korjata ja kivien istutukset tarkistaa \u2013 n\u00e4in korut kest\u00e4v\u00e4t sukupolvelta toiselle.<\/p>\n<p>Vuoden koru -kilpailun voittajan valitsee yleis\u00f6.<\/p>\n<p>\u2013\u2009J\u00e4nnitt\u00e4\u00e4 ihan \u00e4lytt\u00f6m\u00e4sti. On ihanaa saada viestej\u00e4 ihmisilt\u00e4, jotka ovat \u00e4\u00e4nest\u00e4neet koruani. Jokainen finalisti ansaitsee voiton, mutta totta kai toivon, ett\u00e4 oma koruni saa \u00e4\u00e4ni\u00e4, Lampinen sanoo hymyillen.<\/p>\n<p>Savon Sanomat ja Savon Aallot kuuluvat molemmat Keskisuomalainen-konserniin.<\/p>\n","protected":false},"excerpt":{"rendered":"Kuopiolainen korusepp\u00e4 Laura Lampinen el\u00e4\u00e4 j\u00e4nnitt\u00e4vi\u00e4 aikoja. H\u00e4nen suunnittelemansa Sudenmarja-korut nousivat Vuoden koru 2026 -kilpailun finaaliin, mik\u00e4 tuli&hellip;\n","protected":false},"author":2,"featured_media":106622,"comment_status":"","ping_status":"","sticky":false,"template":"","format":"standard","meta":{"footnotes":""},"categories":[117],"tags":[33,31,30,72,476,2923,20057,20056,118,32,119,477],"class_list":{"0":"post-106621","1":"post","2":"type-post","3":"status-publish","4":"format-standard","5":"has-post-thumbnail","7":"category-luonto","8":"tag-fi","9":"tag-finland","10":"tag-finnish","11":"tag-luonto","12":"tag-nature","13":"tag-podcast","14":"tag-savon-aallot","15":"tag-savon-aallot-podcast","16":"tag-science","17":"tag-suomi","18":"tag-tiede","19":"tag-wildlife"},"share_on_mastodon":{"url":"https:\/\/pubeurope.com\/@fi\/115655721866571636","error":""},"_links":{"self":[{"href":"https:\/\/www.europesays.com\/fi\/wp-json\/wp\/v2\/posts\/106621","targetHints":{"allow":["GET"]}}],"collection":[{"href":"https:\/\/www.europesays.com\/fi\/wp-json\/wp\/v2\/posts"}],"about":[{"href":"https:\/\/www.europesays.com\/fi\/wp-json\/wp\/v2\/types\/post"}],"author":[{"embeddable":true,"href":"https:\/\/www.europesays.com\/fi\/wp-json\/wp\/v2\/users\/2"}],"replies":[{"embeddable":true,"href":"https:\/\/www.europesays.com\/fi\/wp-json\/wp\/v2\/comments?post=106621"}],"version-history":[{"count":0,"href":"https:\/\/www.europesays.com\/fi\/wp-json\/wp\/v2\/posts\/106621\/revisions"}],"wp:featuredmedia":[{"embeddable":true,"href":"https:\/\/www.europesays.com\/fi\/wp-json\/wp\/v2\/media\/106622"}],"wp:attachment":[{"href":"https:\/\/www.europesays.com\/fi\/wp-json\/wp\/v2\/media?parent=106621"}],"wp:term":[{"taxonomy":"category","embeddable":true,"href":"https:\/\/www.europesays.com\/fi\/wp-json\/wp\/v2\/categories?post=106621"},{"taxonomy":"post_tag","embeddable":true,"href":"https:\/\/www.europesays.com\/fi\/wp-json\/wp\/v2\/tags?post=106621"}],"curies":[{"name":"wp","href":"https:\/\/api.w.org\/{rel}","templated":true}]}}