{"id":106625,"date":"2025-12-03T13:01:09","date_gmt":"2025-12-03T13:01:09","guid":{"rendered":"https:\/\/www.europesays.com\/fi\/106625\/"},"modified":"2025-12-03T13:01:09","modified_gmt":"2025-12-03T13:01:09","slug":"ts-nuoret-nuoret-rakennusarkkitehdit-ovat-kollegoja-ja-ystavia","status":"publish","type":"post","link":"https:\/\/www.europesays.com\/fi\/106625\/","title":{"rendered":"TS Nuoret | Nuoret rakennusarkkitehdit ovat kollegoja ja yst\u00e4vi\u00e4"},"content":{"rendered":"<p>TS Nuoret -toimitus katsoo Turkua nuorten ja opiskelijoiden n\u00e4k\u00f6kulmasta. L\u00e4het\u00e4 juttuvinkki: <a href=\"https:\/\/www.ts.fi\/ihmisetjailmiot\/mailto:ts.nuoret@ts.fi\" rel=\"nofollow noopener\" target=\"_blank\">ts.nuoret@ts.fi<\/a><\/p>\n<p class=\"teksti\">&#13;<br \/>\n                                              J&#13;<br \/>\n                                              ulia Laukolaa, 28, ja Anni P\u00f6ntist\u00e4, 23, yhdist\u00e4\u00e4 moni asia: he ovat valmistuneet Tampereen ammattikorkeakoulusta rakennusarkkitehdeiksi, ty\u00f6skentelev\u00e4t nyky\u00e4\u00e4n samassa toimistossa ja asuvat samassa kaupungissa, Naantalissa. Ei siis ihme, ett\u00e4 kollegasta on tullut yst\u00e4v\u00e4.<\/p>\n<p class=\"teksti\">\u2013 N\u00e4emme aika usein vapaa-ajalla. Olemme k\u00e4yneet kuntosalilla ja pit\u00e4neet k\u00e4sity\u00f6iltoja, Laukola kertoo.<\/p>\n<p class=\"teksti\">\u2013 Yst\u00e4v\u00e4n merkitys on tosi suuri. Toinen ymm\u00e4rt\u00e4\u00e4, mist\u00e4 puhuu ja pystyy samaistumaan, P\u00f6ntinen jatkaa.<\/p>\n<p class=\"teksti\">Laukolalla ja P\u00f6ntisell\u00e4 on yhtenev\u00e4isyyksi\u00e4 my\u00f6s siin\u00e4, mik\u00e4 sai heid\u00e4t kiinnostumaan arkkitehtuurista. Molemmat viihtyiv\u00e4t taideaineiden parissa.<\/p>\n<p class=\"teksti\">\u2013 Minulla oli aika laajasti ammattivaihtoehtoja k\u00e4til\u00f6st\u00e4 muotoiluun. Is\u00e4ni vinkkasi ensin, ett\u00e4 t\u00e4m\u00e4 koulutus voisi sopia minulle. Tykk\u00e4sin piirt\u00e4\u00e4, joten arkkitehtuuri tuntui luontevalta, Laukola muistelee.<\/p>\n<p>Jatkuu mainoksen j\u00e4lkeen <\/p>\n<p> Mainos p\u00e4\u00e4ttyy<\/p>\n<p class=\"teksti\">\u2013 Minullekaan rakennusarkkitehti ei ollut mitenk\u00e4\u00e4n selv\u00e4 valinta. En ole kokenut j\u00e4risytt\u00e4v\u00e4\u00e4 kutsumusta, vaan t\u00e4m\u00e4 tuntui silloin parhaalta valinnalta. Sanoisin, ett\u00e4 olen aina ollut hyv\u00e4 toteuttamaan omia mielikuviani paperille, P\u00f6ntinen pohtii.<\/p>\n<p class=\"teksti\">Laukola on kotoisin Raumalta, P\u00f6ntinen taas Maskusta. Laukola luonnehtii opiskeluaikaa Tampereella intensiiviseksi ja haastavaksi mutta my\u00f6s mielenkiintoiseksi ajanjaksoksi. P\u00f6ntisell\u00e4 opiskeluvuodet osuivat pahimpaan korona-aikaan. Piirit j\u00e4iv\u00e4t pieniksi, ja opiskelijael\u00e4m\u00e4 oli paljon muuta kuin silkkaa riemua. Se toisaalta motivoi h\u00e4nt\u00e4 tekem\u00e4\u00e4n opintonsa valmiiksi nopeasti.<\/p>\n<p class=\"teksti\">\u2013 Vietin silloin paljon aikaa Maskussa ja etsin harjoittelupaikkaa nimenomaan Turun seudulta.<\/p>\n<p class=\"teksti\">Nyky\u00e4\u00e4n he ty\u00f6skentelev\u00e4t perinteikk\u00e4\u00e4ss\u00e4 turkulaistoimistossa, LPR-arkkitehdeilla. Kummallakin on takana parisen vuotta talossa. Laukola ehti valmistumisensa j\u00e4lkeen ty\u00f6skennell\u00e4 muutaman vuoden toisaalla, P\u00f6ntiselle t\u00e4m\u00e4 on nyt toinen alan firma. Ty\u00f6p\u00f6yd\u00e4ll\u00e4 heill\u00e4 on erityisesti korjausrakentamiseen keskittyvi\u00e4 kohteita.<\/p>\n<p class=\"teksti\">\u2013 P\u00e4ivitt\u00e4in melkein vaihtuu homma ja on monta projektia k\u00e4ynniss\u00e4 samaan aikaan. T\u00e4n\u00e4\u00e4n olen esimerkiksi tehnyt lupapiirustuksia, P\u00f6ntinen kertoo.<\/p>\n<p class=\"teksti\">\u2013 Minulla on nyt tekeill\u00e4 alakattosuunnitelma yhteen kohteeseen, Laukola avaa.<\/p>\n<p class=\"teksti\">Ty\u00f6 on teknist\u00e4, ja kaikki tapahtuu tietokoneilla. Esimerkiksi alakattosuunnitelma on Laukolan n\u00e4yt\u00f6ll\u00e4 3D-mallinnuksena.<\/p>\n<p class=\"teksti\">Kaksikon suhtautuminen omaan ty\u00f6h\u00f6n on melko maanl\u00e4heinen: ty\u00f6ss\u00e4 viihtyy, mutta se on kuitenkin vain ty\u00f6t\u00e4. Tietynlaista glooriaa arkkitehdin ammatissa on yh\u00e4 selv\u00e4sti, sen he ovat huomanneet muiden ihmisten reaktioista ammattiinsa.<\/p>\n<p class=\"teksti\">P\u00f6ntinen ja Laukola kuuluvat sukupolveen, jolle on ollut mahdollista kouluttautua alalle ammattikorkeakoulussa. Koulutusvaihtoehtoon on satsattu my\u00f6s paikallisesti, sill\u00e4 Turun ammattikorkeakoulussa aloitettiin rakennusarkkitehtikoulutus viime vuonna.<\/p>\n<p>Jatkuu mainoksen j\u00e4lkeen <\/p>\n<p> Mainos p\u00e4\u00e4ttyy<\/p>\n<p class=\"teksti\">\u2013 Samaa ty\u00f6t\u00e4 voi tehd\u00e4 oli sitten AMK:sta tai yliopistosta valmistunut, mutta vaativuustasoja on erilaisia. Jotkut rakennuskohteet tai ty\u00f6teht\u00e4v\u00e4t voivat edellytt\u00e4\u00e4 ylemp\u00e4\u00e4 AMK-tutkintoa tai yliopistokoulutusta, he selvent\u00e4v\u00e4t.<\/p>\n<p class=\"teksti\">T\u00e4ll\u00e4 hetkell\u00e4 rakentamisen suhteen ei elet\u00e4 varsinaista kultakautta. Turkulaisrakennusarkkitehdit ovat kiitollisia siit\u00e4, ett\u00e4 heill\u00e4 on riitt\u00e4nyt t\u00f6it\u00e4.<\/p>\n<p class=\"teksti\">Nuorena alalle ty\u00f6llistymisess\u00e4 on varmasti ollut onneakin mukana, he tuumivat.<\/p>\n<p class=\"teksti\">\u2013 Omasta i\u00e4st\u00e4 tulee sellainen tunne, ett\u00e4 voi viel\u00e4 oppia ja ottaa neuvoja muilta vastaan. Ei oleteta, ett\u00e4 osaisi ja tiet\u00e4isi jo kaikki, Laukola sanoo.<\/p>\n<p class=\"teksti\">\u2013 T\u00e4\u00e4ll\u00e4 on ollut ilmapiiri, jossa voi kysy\u00e4 niin sanotusti tyhmi\u00e4kin kysymyksi\u00e4, P\u00f6ntinen vahvistaa.<\/p>\n","protected":false},"excerpt":{"rendered":"TS Nuoret -toimitus katsoo Turkua nuorten ja opiskelijoiden n\u00e4k\u00f6kulmasta. L\u00e4het\u00e4 juttuvinkki: ts.nuoret@ts.fi &#13; J&#13; ulia Laukolaa, 28, ja&hellip;\n","protected":false},"author":2,"featured_media":106626,"comment_status":"","ping_status":"","sticky":false,"template":"","format":"standard","meta":{"footnotes":""},"categories":[135],"tags":[389,387,388,390,137,33,31,30,32,394,393,391,392,109],"class_list":{"0":"post-106625","1":"post","2":"type-post","3":"status-publish","4":"format-standard","5":"has-post-thumbnail","7":"category-taiteet-ja-suunnittelu","8":"tag-arts","9":"tag-arts-and-design","10":"tag-artsanddesign","11":"tag-design","12":"tag-entertainment","13":"tag-fi","14":"tag-finland","15":"tag-finnish","16":"tag-suomi","17":"tag-suunnittelu","18":"tag-taiteet","19":"tag-taiteet-ja-suunnittelu","20":"tag-taiteetsuunnittelu","21":"tag-viihde"},"share_on_mastodon":{"url":"https:\/\/pubeurope.com\/@fi\/115655768976182902","error":""},"_links":{"self":[{"href":"https:\/\/www.europesays.com\/fi\/wp-json\/wp\/v2\/posts\/106625","targetHints":{"allow":["GET"]}}],"collection":[{"href":"https:\/\/www.europesays.com\/fi\/wp-json\/wp\/v2\/posts"}],"about":[{"href":"https:\/\/www.europesays.com\/fi\/wp-json\/wp\/v2\/types\/post"}],"author":[{"embeddable":true,"href":"https:\/\/www.europesays.com\/fi\/wp-json\/wp\/v2\/users\/2"}],"replies":[{"embeddable":true,"href":"https:\/\/www.europesays.com\/fi\/wp-json\/wp\/v2\/comments?post=106625"}],"version-history":[{"count":0,"href":"https:\/\/www.europesays.com\/fi\/wp-json\/wp\/v2\/posts\/106625\/revisions"}],"wp:featuredmedia":[{"embeddable":true,"href":"https:\/\/www.europesays.com\/fi\/wp-json\/wp\/v2\/media\/106626"}],"wp:attachment":[{"href":"https:\/\/www.europesays.com\/fi\/wp-json\/wp\/v2\/media?parent=106625"}],"wp:term":[{"taxonomy":"category","embeddable":true,"href":"https:\/\/www.europesays.com\/fi\/wp-json\/wp\/v2\/categories?post=106625"},{"taxonomy":"post_tag","embeddable":true,"href":"https:\/\/www.europesays.com\/fi\/wp-json\/wp\/v2\/tags?post=106625"}],"curies":[{"name":"wp","href":"https:\/\/api.w.org\/{rel}","templated":true}]}}