{"id":106627,"date":"2025-12-03T13:03:10","date_gmt":"2025-12-03T13:03:10","guid":{"rendered":"https:\/\/www.europesays.com\/fi\/106627\/"},"modified":"2025-12-03T13:03:10","modified_gmt":"2025-12-03T13:03:10","slug":"janakkalassa-asuva-minna-koskela-on-tonttuakatemian-rouva-manteli-taman-yleisen-oletuksen-nayttelijan-tyosta-han-haluaa-oikaista","status":"publish","type":"post","link":"https:\/\/www.europesays.com\/fi\/106627\/","title":{"rendered":"Janakkalassa asuva Minna Koskela on Tonttuakatemian rouva Manteli \u2013 t\u00e4m\u00e4n yleisen oletuksen n\u00e4yttelij\u00e4n ty\u00f6st\u00e4 h\u00e4n haluaa oikaista"},"content":{"rendered":"<p>Tonttuakatemian kaikki 24 jaksoa ilmestyv\u00e4t joulukuussa Yle Areenaan yksi kerrallaan. Lapset tuntuvat tunnistavan Minna Koskelan erityisesti \u00e4\u00e4nest\u00e4.<\/p>\n<p class=\"article-body mb-nof-24 px-nof-16\">L\u00e4mminhenkinen mutta ehdottoman napakka opettaja, jolla on paljon itsevarmuutta ja selke\u00e4sti omat kotkotuksensa.<\/p>\n<p class=\"article-body mb-nof-24 px-nof-16\">Sill\u00e4 tavalla Janakkalassa asuva n\u00e4yttelij\u00e4 <a class=\"article-personlink\" href=\"https:\/\/www.janakkalansanomat.fi\/haku\/?query=Minna%20Koskela\" rel=\"nofollow noopener\" target=\"_blank\">Minna Koskela<\/a> kuvailee roolihahmoaan rouva Mantelia, joka luotsii tonttukoulun oppilaita Tonttuakatemia-sarjassa.<\/p>\n","protected":false},"excerpt":{"rendered":"Tonttuakatemian kaikki 24 jaksoa ilmestyv\u00e4t joulukuussa Yle Areenaan yksi kerrallaan. Lapset tuntuvat tunnistavan Minna Koskelan erityisesti \u00e4\u00e4nest\u00e4. L\u00e4mminhenkinen&hellip;\n","protected":false},"author":2,"featured_media":106628,"comment_status":"","ping_status":"","sticky":false,"template":"","format":"standard","meta":{"footnotes":""},"categories":[133],"tags":[137,33,31,30,1689,32,206,156,109],"class_list":{"0":"post-106627","1":"post","2":"type-post","3":"status-publish","4":"format-standard","5":"has-post-thumbnail","7":"category-televisiot","8":"tag-entertainment","9":"tag-fi","10":"tag-finland","11":"tag-finnish","12":"tag-janakkalan-sanomat","13":"tag-suomi","14":"tag-televisiot","15":"tag-tv","16":"tag-viihde"},"share_on_mastodon":{"url":"https:\/\/pubeurope.com\/@fi\/115655777044762579","error":""},"_links":{"self":[{"href":"https:\/\/www.europesays.com\/fi\/wp-json\/wp\/v2\/posts\/106627","targetHints":{"allow":["GET"]}}],"collection":[{"href":"https:\/\/www.europesays.com\/fi\/wp-json\/wp\/v2\/posts"}],"about":[{"href":"https:\/\/www.europesays.com\/fi\/wp-json\/wp\/v2\/types\/post"}],"author":[{"embeddable":true,"href":"https:\/\/www.europesays.com\/fi\/wp-json\/wp\/v2\/users\/2"}],"replies":[{"embeddable":true,"href":"https:\/\/www.europesays.com\/fi\/wp-json\/wp\/v2\/comments?post=106627"}],"version-history":[{"count":0,"href":"https:\/\/www.europesays.com\/fi\/wp-json\/wp\/v2\/posts\/106627\/revisions"}],"wp:featuredmedia":[{"embeddable":true,"href":"https:\/\/www.europesays.com\/fi\/wp-json\/wp\/v2\/media\/106628"}],"wp:attachment":[{"href":"https:\/\/www.europesays.com\/fi\/wp-json\/wp\/v2\/media?parent=106627"}],"wp:term":[{"taxonomy":"category","embeddable":true,"href":"https:\/\/www.europesays.com\/fi\/wp-json\/wp\/v2\/categories?post=106627"},{"taxonomy":"post_tag","embeddable":true,"href":"https:\/\/www.europesays.com\/fi\/wp-json\/wp\/v2\/tags?post=106627"}],"curies":[{"name":"wp","href":"https:\/\/api.w.org\/{rel}","templated":true}]}}