{"id":106648,"date":"2025-12-03T13:28:09","date_gmt":"2025-12-03T13:28:09","guid":{"rendered":"https:\/\/www.europesays.com\/fi\/106648\/"},"modified":"2025-12-03T13:28:09","modified_gmt":"2025-12-03T13:28:09","slug":"sofia-saarikko-asuu-talossa-jollaisia-on-helsingissa-vain-kaksi","status":"publish","type":"post","link":"https:\/\/www.europesays.com\/fi\/106648\/","title":{"rendered":"Sofia Saarikko asuu talossa, jollaisia on Helsingiss\u00e4 vain kaksi"},"content":{"rendered":"<p>Arkkitehtuuri|Helsingiss\u00e4 on vain kaksi taloa, jossa on py\u00f6re\u00e4 valokuilu. Sofia Saarikko ihastui kaksioonsa ensisilm\u00e4yksell\u00e4.<\/p>\n<p class=\"article-body mb-nof-24 px-nof-16\">Kolmannella linjalla on talo, joka n\u00e4ytt\u00e4\u00e4 ohi kulkiessa tuiki tavalliselta kerrostalolta. Ilmakuvasta kuitenkin selvi\u00e4\u00e4, ett\u00e4 talon keskell\u00e4 on merkillinen ympyr\u00e4.<\/p>\n<p class=\"article-body mb-nof-24 px-nof-16\">Kyse on niin kutsutuista valokuilutaloista, joita rakennettiin 1930-luvulla.<\/p>\n<p class=\"article-body mb-nof-24 px-nof-16\">\u201dHelsingiss\u00e4 on vain kaksi taloa, joiden keskell\u00e4 on ympyr\u00e4nmallinen valokuilu\u201d, aihetta tutkinut arkkitehti <a class=\"article-personlink\" href=\"https:\/\/www.hs.fi\/haku\/?query=Juha%20Ilonen\" rel=\"nofollow noopener\" target=\"_blank\">Juha Ilonen<\/a> kertoo.<\/p>\n","protected":false},"excerpt":{"rendered":"Arkkitehtuuri|Helsingiss\u00e4 on vain kaksi taloa, jossa on py\u00f6re\u00e4 valokuilu. Sofia Saarikko ihastui kaksioonsa ensisilm\u00e4yksell\u00e4. Kolmannella linjalla on talo,&hellip;\n","protected":false},"author":2,"featured_media":106649,"comment_status":"","ping_status":"","sticky":false,"template":"","format":"standard","meta":{"footnotes":""},"categories":[135],"tags":[389,387,388,390,137,33,31,30,46,32,394,393,391,392,109],"class_list":{"0":"post-106648","1":"post","2":"type-post","3":"status-publish","4":"format-standard","5":"has-post-thumbnail","7":"category-taiteet-ja-suunnittelu","8":"tag-arts","9":"tag-arts-and-design","10":"tag-artsanddesign","11":"tag-design","12":"tag-entertainment","13":"tag-fi","14":"tag-finland","15":"tag-finnish","16":"tag-helsingin-sanomat","17":"tag-suomi","18":"tag-suunnittelu","19":"tag-taiteet","20":"tag-taiteet-ja-suunnittelu","21":"tag-taiteetsuunnittelu","22":"tag-viihde"},"share_on_mastodon":{"url":"https:\/\/pubeurope.com\/@fi\/115655875212994560","error":""},"_links":{"self":[{"href":"https:\/\/www.europesays.com\/fi\/wp-json\/wp\/v2\/posts\/106648","targetHints":{"allow":["GET"]}}],"collection":[{"href":"https:\/\/www.europesays.com\/fi\/wp-json\/wp\/v2\/posts"}],"about":[{"href":"https:\/\/www.europesays.com\/fi\/wp-json\/wp\/v2\/types\/post"}],"author":[{"embeddable":true,"href":"https:\/\/www.europesays.com\/fi\/wp-json\/wp\/v2\/users\/2"}],"replies":[{"embeddable":true,"href":"https:\/\/www.europesays.com\/fi\/wp-json\/wp\/v2\/comments?post=106648"}],"version-history":[{"count":0,"href":"https:\/\/www.europesays.com\/fi\/wp-json\/wp\/v2\/posts\/106648\/revisions"}],"wp:featuredmedia":[{"embeddable":true,"href":"https:\/\/www.europesays.com\/fi\/wp-json\/wp\/v2\/media\/106649"}],"wp:attachment":[{"href":"https:\/\/www.europesays.com\/fi\/wp-json\/wp\/v2\/media?parent=106648"}],"wp:term":[{"taxonomy":"category","embeddable":true,"href":"https:\/\/www.europesays.com\/fi\/wp-json\/wp\/v2\/categories?post=106648"},{"taxonomy":"post_tag","embeddable":true,"href":"https:\/\/www.europesays.com\/fi\/wp-json\/wp\/v2\/tags?post=106648"}],"curies":[{"name":"wp","href":"https:\/\/api.w.org\/{rel}","templated":true}]}}