{"id":106650,"date":"2025-12-03T13:30:17","date_gmt":"2025-12-03T13:30:17","guid":{"rendered":"https:\/\/www.europesays.com\/fi\/106650\/"},"modified":"2025-12-03T13:30:17","modified_gmt":"2025-12-03T13:30:17","slug":"etatyon-tekijat-suututtavat-kahviloissa-voice-fi","status":"publish","type":"post","link":"https:\/\/www.europesays.com\/fi\/106650\/","title":{"rendered":"Et\u00e4ty\u00f6n tekij\u00e4t suututtavat kahviloissa &#8211; Voice.fi"},"content":{"rendered":"<p>Koronapandemia liikkumisrajoituksineen mullisti maailmaa monella tavalla. Silloin monenlaisilla alolla huomattiin t\u00f6iden sujuvan my\u00f6s et\u00e4n\u00e4, ja vaikka rajoitukset ovatkin jo historiaa, et\u00e4ty\u00f6 on tullut j\u00e4\u00e4d\u00e4kseen.<\/p>\n<p>T\u00e4m\u00e4 on huomattu my\u00f6s julkisissa tiloissa, erityisesti kahviloissa. Kaikki eiv\u00e4t halua tehd\u00e4 t\u00f6it\u00e4 oman kotinsa rauhassa, vaan hankkiutuvat toimiston puutteessa esimerkiksi kahvikupposen \u00e4\u00e4relle ty\u00f6skentelem\u00e4\u00e4n.<\/p>\n<p>Lue my\u00f6s: <a href=\"https:\/\/www.voice.fi\/ilmiot\/alat-joilla-etatyopaikkoja-on-tarjolla-selvasti-eniten-yllattaako\" title=\"Alat, joilla et\u00e4ty\u00f6paikkoja on tarjolla selv\u00e4sti eniten \u2013 yll\u00e4tt\u00e4\u00e4k\u00f6?\" class=\"underline-custom !font-montserrat !font-bold !underline-offset-4 !decoration-4 !decoration-tilt-light !text-md\" rel=\"nofollow noopener\" target=\"_blank\">Alat, joilla et\u00e4ty\u00f6paikkoja on tarjolla selv\u00e4sti eniten \u2013 yll\u00e4tt\u00e4\u00e4k\u00f6?<\/a><\/p>\n<p>Lue my\u00f6s: <a href=\"https:\/\/www.voice.fi\/ilmiot\/a-240269\" title=\"EK: Et\u00e4ty\u00f6t hidastavat Suomen talouskasvua\" class=\"underline-custom !font-montserrat !font-bold !underline-offset-4 !decoration-4 !decoration-tilt-light !text-md\" rel=\"nofollow noopener\" target=\"_blank\">EK: Et\u00e4ty\u00f6t hidastavat Suomen talouskasvua<\/a><\/p>\n<p>\u00c4kkiselt\u00e4\u00e4n harmittomalta tuntuva asia koetaan monin paikoin ongelmaksi.<\/p>\n<p>Iltalehti <a href=\"https:\/\/www.iltalehti.fi\/ruoka-artikkelit\/a\/872b7794-b943-4caa-9011-f9298a4b532b\" target=\"_blank\" rel=\"noreferrer noopener nofollow\">uutisoi<\/a> marraskuussa, ett\u00e4 Helsingin keskustassa sijaitseva kahvila St George Bakery on kielt\u00e4nyt kannettavien tietokoneiden k\u00e4yt\u00f6n lounasaikaan, eli kello 12-14.<\/p>\n<p>Iltalehti my\u00f6s <a href=\"https:\/\/www.iltalehti.fi\/ruoka-artikkelit\/a\/a4ccece1-ed6b-43a6-945d-c9b4561d5247\" target=\"_blank\" rel=\"noreferrer noopener nofollow\">kysyi<\/a> lukijoidensa kantaa l\u00e4pp\u00e4rikieltoon. Lukuisat vastaajat pitiv\u00e4t kieltoa positiivisena asiana.<\/p>\n<p>Kahvilaan ty\u00f6skentelem\u00e4\u00e4n menevi\u00e4 ihmisi\u00e4 pidettiin monessa kommentissa itsekk\u00e4in\u00e4 ja r\u00f6yhkein\u00e4.<\/p>\n<p>Suuttumusta her\u00e4tti se, ett\u00e4 \u201cl\u00e4pp\u00e4ripersoonat\u201d varasivat istumapaikkoja pahimmillaan tuntikausiksi, vaikka ostivat vain pienen kahvin. N\u00e4in muut asiakkaat eiv\u00e4t v\u00e4ltt\u00e4m\u00e4tt\u00e4 mahtuneet istumaan lainkaan.<\/p>\n<p>Moni n\u00e4ki tilanteen my\u00f6s kahvilayritt\u00e4j\u00e4n kannalta.<\/p>\n<p>Lue my\u00f6s: <a href=\"https:\/\/www.voice.fi\/ilmiot\/a-239366\" title=\"Kuulostaako tutulta? Tutkimuksen mukaan joka viides et\u00e4ty\u00f6l\u00e4inen her\u00e4\u00e4 vain hetki ennen palaveria\" class=\"underline-custom !font-montserrat !font-bold !underline-offset-4 !decoration-4 !decoration-tilt-light !text-md\" rel=\"nofollow noopener\" target=\"_blank\">Kuulostaako tutulta? Tutkimuksen mukaan joka viides et\u00e4ty\u00f6l\u00e4inen her\u00e4\u00e4 vain hetki ennen palaveria<\/a><\/p>\n<p>Lue my\u00f6s: <a href=\"https:\/\/www.voice.fi\/hyvinvointi\/a-232576\" title=\"Tutkimus osoitti et\u00e4ty\u00f6n piilev\u00e4n varjopuolen: &quot;Er\u00e4\u00e4nlainen hybridity\u00f6n paradoksi&quot;\" class=\"underline-custom !font-montserrat !font-bold !underline-offset-4 !decoration-4 !decoration-tilt-light !text-md\" rel=\"nofollow noopener\" target=\"_blank\">Tutkimus osoitti et\u00e4ty\u00f6n piilev\u00e4n varjopuolen: &#8221;Er\u00e4\u00e4nlainen hybridity\u00f6n paradoksi&#8221;<\/a><\/p>\n<p>\u2013 Kahvilan pit\u00e4minen ei ole maksuttoman toimistopalvelun tarjoamista.\u00a0<\/p>\n<p>\u2013 K\u00e4sitt\u00e4\u00e4kseni ravintola ei ole ty\u00f6paikka.<\/p>\n<p>Useampi kommentoija kertoi my\u00f6s itse h\u00e4iriintyv\u00e4ns\u00e4 vieress\u00e4 t\u00f6it\u00e4 tekev\u00e4st\u00e4 ihmisest\u00e4.<\/p>\n<p>\u2013 Menen kahvilaan pakoon toimiston ainaista l\u00e4pp\u00e4rin n\u00e4pytyst\u00e4 rentoutumaan. Nyky\u00e4\u00e4n kahviloissa tuntuu kuitenkin monesti, ett\u00e4 on vain siirtynyt toiseen toimistoon. Aggressiivisen ja \u00e4\u00e4nekk\u00e4\u00e4n n\u00e4pytyksen kuuntelu nostaa stressitasoa.<\/p>\n<p>\u2013 Teams-palavereiden \u00e4\u00e4nek\u00e4s toiminta on todella \u00e4rsytt\u00e4v\u00e4\u00e4.\u00a0<\/p>\n<p>\u2013 Kyll\u00e4 h\u00e4iritsee, ne viev\u00e4t ison tilan p\u00f6ydist\u00e4. S\u00f6isin mielell\u00e4ni istuen p\u00f6yd\u00e4n \u00e4\u00e4ress\u00e4 enk\u00e4 seisaaltaan pienen seisomap\u00f6yd\u00e4n \u00e4\u00e4ress\u00e4<\/p>\n<p>\u2013 Varsinkin joku palaverih\u00f6pin\u00e4 yleisell\u00e4 paikalla osoittaa tilannetajun puutteen.<\/p>\n","protected":false},"excerpt":{"rendered":"Koronapandemia liikkumisrajoituksineen mullisti maailmaa monella tavalla. Silloin monenlaisilla alolla huomattiin t\u00f6iden sujuvan my\u00f6s et\u00e4n\u00e4, ja vaikka rajoitukset ovatkin&hellip;\n","protected":false},"author":2,"featured_media":106651,"comment_status":"","ping_status":"","sticky":false,"template":"","format":"standard","meta":{"footnotes":""},"categories":[133],"tags":[137,20058,33,31,30,11235,32,206,156,109],"class_list":{"0":"post-106650","1":"post","2":"type-post","3":"status-publish","4":"format-standard","5":"has-post-thumbnail","7":"category-televisiot","8":"tag-entertainment","9":"tag-etu00e4tyu00f6skentely","10":"tag-fi","11":"tag-finland","12":"tag-finnish","13":"tag-kahvila","14":"tag-suomi","15":"tag-televisiot","16":"tag-tv","17":"tag-viihde"},"share_on_mastodon":{"url":"https:\/\/pubeurope.com\/@fi\/115655883203524382","error":""},"_links":{"self":[{"href":"https:\/\/www.europesays.com\/fi\/wp-json\/wp\/v2\/posts\/106650","targetHints":{"allow":["GET"]}}],"collection":[{"href":"https:\/\/www.europesays.com\/fi\/wp-json\/wp\/v2\/posts"}],"about":[{"href":"https:\/\/www.europesays.com\/fi\/wp-json\/wp\/v2\/types\/post"}],"author":[{"embeddable":true,"href":"https:\/\/www.europesays.com\/fi\/wp-json\/wp\/v2\/users\/2"}],"replies":[{"embeddable":true,"href":"https:\/\/www.europesays.com\/fi\/wp-json\/wp\/v2\/comments?post=106650"}],"version-history":[{"count":0,"href":"https:\/\/www.europesays.com\/fi\/wp-json\/wp\/v2\/posts\/106650\/revisions"}],"wp:featuredmedia":[{"embeddable":true,"href":"https:\/\/www.europesays.com\/fi\/wp-json\/wp\/v2\/media\/106651"}],"wp:attachment":[{"href":"https:\/\/www.europesays.com\/fi\/wp-json\/wp\/v2\/media?parent=106650"}],"wp:term":[{"taxonomy":"category","embeddable":true,"href":"https:\/\/www.europesays.com\/fi\/wp-json\/wp\/v2\/categories?post=106650"},{"taxonomy":"post_tag","embeddable":true,"href":"https:\/\/www.europesays.com\/fi\/wp-json\/wp\/v2\/tags?post=106650"}],"curies":[{"name":"wp","href":"https:\/\/api.w.org\/{rel}","templated":true}]}}