{"id":106654,"date":"2025-12-03T13:32:09","date_gmt":"2025-12-03T13:32:09","guid":{"rendered":"https:\/\/www.europesays.com\/fi\/106654\/"},"modified":"2025-12-03T13:32:09","modified_gmt":"2025-12-03T13:32:09","slug":"avatar-fire-and-ash-on-nahty-moni-valittaa-samasta-asiasta","status":"publish","type":"post","link":"https:\/\/www.europesays.com\/fi\/106654\/","title":{"rendered":"Avatar: Fire and Ash on n\u00e4hty \u2013 moni valittaa samasta asiasta"},"content":{"rendered":"<p><strong>James Cameronin<\/strong> Avatar-saaga on yksi elokuvahistorian eeppisimpi\u00e4 franchiseja. Kolmatta osaa, Avatar: Fire and Ashia, on saatu odottaa jo vuosien ajan.<\/p>\n<p>Pian se on kuitenkin teattereissa. Leffan ensi-ilta on 17. joulukuuta.<\/p>\n<p>Lue my\u00f6s: <a href=\"https:\/\/www.episodi.fi\/uutiset\/tuttu-kyttakaksikko-sulatti-myos-suomen-lippukassat-maailmanlaajuisesti-yli-560-miljoonan-tulot\/\" title=\"Tuttu kytt\u00e4kaksikko sulatti my\u00f6s Suomen lippukassat \u2013 maailmanlaajuisesti yli 560 miljoonan tulot\" class=\"underline-custom !font-montserrat !font-bold !underline-offset-4 !decoration-4 !decoration-episodi-blue !text-md\" rel=\"nofollow noopener\" target=\"_blank\">Tuttu kytt\u00e4kaksikko sulatti my\u00f6s Suomen lippukassat \u2013 maailmanlaajuisesti yli 560 miljoonan tulot<\/a><\/p>\n<p>Lue my\u00f6s: <a href=\"https:\/\/www.episodi.fi\/uutiset\/avatar-3n-ensi-iltaennusteet-julkaistiin-tulos-on-heikompi-kuin-kakkosella\/\" title=\"Avatar 3:n ensi-iltaennusteet julkaistiin \u2013 tulos on heikompi kuin kakkosella\" class=\"underline-custom !font-montserrat !font-bold !underline-offset-4 !decoration-4 !decoration-episodi-blue !text-md\" rel=\"nofollow noopener\" target=\"_blank\">Avatar 3:n ensi-iltaennusteet julkaistiin \u2013 tulos on heikompi kuin kakkosella<\/a><\/p>\n<p>Avatar: Fire and Ash sijoittuu noin vuosi sen j\u00e4lkeen, kun Jake <strong>(Sam Worthington)<\/strong> ja Neytiri<strong> (Zoe Salda\u00f1a)<\/strong> liittyiv\u00e4t Metkayina-heimon joukkoon. He surevat edelleen vanhimman poikansa Neteyamin kuolemaa. Pariskunta kohtaa uuden vihollisheimon, jota johtaa Varang <strong>(Oona Chaplin<\/strong>), kun Pandoralla k\u00e4yt\u00e4v\u00e4 konflikti k\u00e4rjistyy.<\/p>\n<p>Lehdist\u00f6n\u00e4yt\u00f6kset ovat k\u00e4ynnistyneet, ja ennakkop\u00f6hin\u00e4n perusteella kyseess\u00e4 on tuttuun tapaan todellinen silm\u00e4karkkien silm\u00e4karkki.<\/p>\n<p>Ihmiset valittavat kuitenkin er\u00e4\u00e4st\u00e4 asiasta, eik\u00e4 se ole elokuvan kolmetuntinen kesto.<\/p>\n<p>Osa elokuvan n\u00e4hneist\u00e4 kertoo, ett\u00e4 Fire and Ash alkaa k\u00e4yd\u00e4 jo hieman itse\u00e4\u00e4n toistavaksi. Ilmeisesti kolmas osa etenee samalla kaavalla kuin kaksi aiempaa.<\/p>\n<p>Elokuvaa kuitenkin hehkutetaan huomattavasti enemm\u00e4n kuin sille annetaan negatiivista palautetta.<\/p>\n<p>Hyv\u00e4lt\u00e4 vaikuttaa!<\/p>\n<p>Alla kommentteja.<\/p>\n<blockquote class=\"twitter-tweet\" data-width=\"500\" data-dnt=\"true\">\n<p lang=\"en\" dir=\"ltr\"><a href=\"https:\/\/twitter.com\/hashtag\/AvatarFireAndAsh?src=hash&amp;ref_src=twsrc%5Etfw\" rel=\"nofollow noopener\" target=\"_blank\">#AvatarFireAndAsh<\/a> this movie has the best emotional sequences of the trilogy, and the visuals are *spoiler alert* revolutionary.<br \/>Action sequences always 10\/10<\/p>\n<p>Plot is sometimes repetitive, but overall the movie is always awesome. <a href=\"https:\/\/t.co\/Qngh7GkvgA\" rel=\"nofollow\">pic.twitter.com\/Qngh7GkvgA<\/a><\/p>\n<p>\u2014 Big Screen Berkan (@BigScreenBerkan) <a href=\"https:\/\/twitter.com\/BigScreenBerkan\/status\/1995788473924812847?ref_src=twsrc%5Etfw\" rel=\"nofollow noopener\" target=\"_blank\">December 2, 2025<\/a><\/p><\/blockquote>\n<blockquote class=\"twitter-tweet\" data-width=\"500\" data-dnt=\"true\">\n<p lang=\"en\" dir=\"ltr\"><a href=\"https:\/\/twitter.com\/hashtag\/AvatarFireAndAsh?src=hash&amp;ref_src=twsrc%5Etfw\" rel=\"nofollow noopener\" target=\"_blank\">#AvatarFireAndAsh<\/a> <\/p>\n<p>Any movie that says \u201ckill all the humans!\u201d and the audience full of humans applauds\u2026. \ud83e\udee0\ud83d\ude33<\/p>\n<p>not only has the audience in the palm of its hand, but taps into how we feel about ourselves right now \ud83d\ude02\ud83e\udee2<\/p>\n<p>Visuals are STUNNING once again<br \/>Review embargo lifts 12\/16 <a href=\"https:\/\/t.co\/qxlAD8N5na\" rel=\"nofollow\">pic.twitter.com\/qxlAD8N5na<\/a><\/p>\n<p>\u2014 Grace Randolph (@GraceRandolph) <a href=\"https:\/\/twitter.com\/GraceRandolph\/status\/1995713960620732583?ref_src=twsrc%5Etfw\" rel=\"nofollow noopener\" target=\"_blank\">December 2, 2025<\/a><\/p><\/blockquote>\n<blockquote class=\"twitter-tweet\" data-width=\"500\" data-dnt=\"true\">\n<p lang=\"en\" dir=\"ltr\"><a href=\"https:\/\/twitter.com\/hashtag\/AvatarFireAndAsh?src=hash&amp;ref_src=twsrc%5Etfw\" rel=\"nofollow noopener\" target=\"_blank\">#AvatarFireAndAsh<\/a> is an overwhelming and exhausting amount of movie that may test the patience of its audience, but the cinematic wow factor is still undeniable. Breathtaking, explosive sequences that remind you nobody does blockbuster filmmaking better. <a href=\"https:\/\/t.co\/VgZo6KIMhi\" rel=\"nofollow\">pic.twitter.com\/VgZo6KIMhi<\/a><\/p>\n<p>\u2014 Jakob Kolness (@JakobKolness) <a href=\"https:\/\/twitter.com\/JakobKolness\/status\/1995742527626830302?ref_src=twsrc%5Etfw\" rel=\"nofollow noopener\" target=\"_blank\">December 2, 2025<\/a><\/p><\/blockquote>\n<blockquote class=\"twitter-tweet\" data-width=\"500\" data-dnt=\"true\">\n<p lang=\"en\" dir=\"ltr\"><a href=\"https:\/\/twitter.com\/hashtag\/AvatarFireAndAsh?src=hash&amp;ref_src=twsrc%5Etfw\" rel=\"nofollow noopener\" target=\"_blank\">#AvatarFireAndAsh<\/a> James Cameron once again deliver a remarkable visual feast. The fire tribe are a scene stealing presence. Oona Chaplin\u2019s dynamic w\/ Quaritch was a highlight. I will say Way of Water spoiled us w\/ SO MUCH new stuff this one feels slightly repetitive w\/ little new <a href=\"https:\/\/t.co\/9O4JQ9DKN5\" rel=\"nofollow\">pic.twitter.com\/9O4JQ9DKN5<\/a><\/p>\n<p>\u2014 Cris Parker (@3CFilmss) <a href=\"https:\/\/twitter.com\/3CFilmss\/status\/1995755095334506770?ref_src=twsrc%5Etfw\" rel=\"nofollow noopener\" target=\"_blank\">December 2, 2025<\/a><\/p><\/blockquote>\n<blockquote class=\"twitter-tweet\" data-width=\"500\" data-dnt=\"true\">\n<p lang=\"en\" dir=\"ltr\">Happy to report <a href=\"https:\/\/twitter.com\/hashtag\/AvatarFireAndAsh?src=hash&amp;ref_src=twsrc%5Etfw\" rel=\"nofollow noopener\" target=\"_blank\">#AvatarFireAndAsh<\/a> is the best film of the franchise (so far). Jaw-dropping visuals aside, it boasts some of the best action of Cameron\u2019s career &amp; one of the best movie villains in years: Oona Chaplin\u2019s Varang. She &amp; Stephen Lang\u2019s chemistry set the film ablaze! \ud83d\udd25 <a href=\"https:\/\/t.co\/qgbcF0aX61\" rel=\"nofollow\">pic.twitter.com\/qgbcF0aX61<\/a><\/p>\n<p>\u2014 Dempsey Pillot (@DempseyPillot) <a href=\"https:\/\/twitter.com\/DempseyPillot\/status\/1995745557604688001?ref_src=twsrc%5Etfw\" rel=\"nofollow noopener\" target=\"_blank\">December 2, 2025<\/a><\/p><\/blockquote>\n<blockquote class=\"twitter-tweet\" data-width=\"500\" data-dnt=\"true\">\n<p lang=\"en\" dir=\"ltr\"><a href=\"https:\/\/twitter.com\/hashtag\/AvatarFireAndAsh?src=hash&amp;ref_src=twsrc%5Etfw\" rel=\"nofollow noopener\" target=\"_blank\">#AvatarFireAndAsh<\/a> is a VISUAL TRIUMPH that SOARS TO NEW HEIGHTS. A jaw-dropping, fully immersive experience that leaves you in awe. James Cameron proves why he\u2019s the greatest filmmaker of our time. Zoe Salda\u00f1a &amp; Oona Chaplin deliver powerful performances in a heartfelt journey\u2026 <a href=\"https:\/\/t.co\/FuavBPARXM\" rel=\"nofollow\">pic.twitter.com\/FuavBPARXM<\/a><\/p>\n<p>\u2014 Anthony Gagliardi (@AJGaliardi) <a href=\"https:\/\/twitter.com\/AJGaliardi\/status\/1995742254640611750?ref_src=twsrc%5Etfw\" rel=\"nofollow noopener\" target=\"_blank\">December 2, 2025<\/a><\/p><\/blockquote>\n<blockquote class=\"twitter-tweet\" data-width=\"500\" data-dnt=\"true\">\n<p lang=\"en\" dir=\"ltr\"><a href=\"https:\/\/twitter.com\/hashtag\/AvatarFireandAsh?src=hash&amp;ref_src=twsrc%5Etfw\" rel=\"nofollow noopener\" target=\"_blank\">#AvatarFireandAsh<\/a> isn&#8217;t better or worse than the previous 2. Visually stunning w\/ big sweeping emotions, &amp; a massive 3rd act that&#8217;s satisfying.<\/p>\n<p>But also a story which feels familiar.<\/p>\n<p>If you liked the first 2, you\u2019ll like it. <br \/>If you\u2019re skeptical, this won\u2019t change your mind. <a href=\"https:\/\/t.co\/IKaMkglFlU\" rel=\"nofollow\">pic.twitter.com\/IKaMkglFlU<\/a><\/p>\n<p>\u2014 Sean Chandler (@kirkneverdied) <a href=\"https:\/\/twitter.com\/kirkneverdied\/status\/1995742257454956799?ref_src=twsrc%5Etfw\" rel=\"nofollow noopener\" target=\"_blank\">December 2, 2025<\/a><\/p><\/blockquote>\n<p>Lue my\u00f6s: <a href=\"https:\/\/www.episodi.fi\/uutiskirje\/?uutiskirjemainos=tekstilinkkimainos\" title=\"Tilaa Episodin uutiskirje ja voit voittaa leffalippuja! Nappaa tv-vinkit suoraan s\u00e4hk\u00f6postiin t\u00e4st\u00e4.\" class=\"underline-custom !font-montserrat !font-bold !underline-offset-4 !decoration-4 !decoration-episodi-blue !text-md\" rel=\"nofollow noopener\" target=\"_blank\">Tilaa Episodin uutiskirje ja voit voittaa leffalippuja! Nappaa katseluvinkit suoraan s\u00e4hk\u00f6postiin t\u00e4st\u00e4.<\/a><\/p>\n<p>\t\t\t<script async src=\"https:\/\/platform.twitter.com\/widgets.js\" charset=\"utf-8\"><\/script><\/p>\n","protected":false},"excerpt":{"rendered":"James Cameronin Avatar-saaga on yksi elokuvahistorian eeppisimpi\u00e4 franchiseja. Kolmatta osaa, Avatar: Fire and Ashia, on saatu odottaa jo&hellip;\n","protected":false},"author":2,"featured_media":106655,"comment_status":"","ping_status":"","sticky":false,"template":"","format":"standard","meta":{"footnotes":""},"categories":[131],"tags":[1093,155,137,33,173,31,30,434,172,3058,1455,32,109],"class_list":{"0":"post-106654","1":"post","2":"type-post","3":"status-publish","4":"format-standard","5":"has-post-thumbnail","7":"category-elokuvat","8":"tag-avatar-fire-and-ash","9":"tag-elokuvat","10":"tag-entertainment","11":"tag-fi","12":"tag-film","13":"tag-finland","14":"tag-finnish","15":"tag-james-cameron","16":"tag-movies","17":"tag-scifi","18":"tag-seikkailu","19":"tag-suomi","20":"tag-viihde"},"share_on_mastodon":{"url":"https:\/\/pubeurope.com\/@fi\/115655890949306407","error":""},"_links":{"self":[{"href":"https:\/\/www.europesays.com\/fi\/wp-json\/wp\/v2\/posts\/106654","targetHints":{"allow":["GET"]}}],"collection":[{"href":"https:\/\/www.europesays.com\/fi\/wp-json\/wp\/v2\/posts"}],"about":[{"href":"https:\/\/www.europesays.com\/fi\/wp-json\/wp\/v2\/types\/post"}],"author":[{"embeddable":true,"href":"https:\/\/www.europesays.com\/fi\/wp-json\/wp\/v2\/users\/2"}],"replies":[{"embeddable":true,"href":"https:\/\/www.europesays.com\/fi\/wp-json\/wp\/v2\/comments?post=106654"}],"version-history":[{"count":0,"href":"https:\/\/www.europesays.com\/fi\/wp-json\/wp\/v2\/posts\/106654\/revisions"}],"wp:featuredmedia":[{"embeddable":true,"href":"https:\/\/www.europesays.com\/fi\/wp-json\/wp\/v2\/media\/106655"}],"wp:attachment":[{"href":"https:\/\/www.europesays.com\/fi\/wp-json\/wp\/v2\/media?parent=106654"}],"wp:term":[{"taxonomy":"category","embeddable":true,"href":"https:\/\/www.europesays.com\/fi\/wp-json\/wp\/v2\/categories?post=106654"},{"taxonomy":"post_tag","embeddable":true,"href":"https:\/\/www.europesays.com\/fi\/wp-json\/wp\/v2\/tags?post=106654"}],"curies":[{"name":"wp","href":"https:\/\/api.w.org\/{rel}","templated":true}]}}