{"id":106659,"date":"2025-12-03T13:35:09","date_gmt":"2025-12-03T13:35:09","guid":{"rendered":"https:\/\/www.europesays.com\/fi\/106659\/"},"modified":"2025-12-03T13:35:09","modified_gmt":"2025-12-03T13:35:09","slug":"paula-koivuniemen-poika-tuli-julkisuuteen-aitini-pitkaaikaisten","status":"publish","type":"post","link":"https:\/\/www.europesays.com\/fi\/106659\/","title":{"rendered":"Paula Koivuniemen poika tuli julkisuuteen: &#8221;\u00c4itini pitk\u00e4aikaisten&#8230;&#8221;"},"content":{"rendered":"<p>Paula Koivuniemen ensilevytyksest\u00e4, Perhonen, tulee kuluneeksi ensi vuonna 60 vuotta. Juhlavuoden kunniaksi j\u00e4rjestet\u00e4\u00e4n kev\u00e4\u00e4ll\u00e4 h\u00e4nen lauluihinsa keskittyv\u00e4 viiden konsertin Kiitt\u00e4en ja kunnioittaen \u2013 Paula Koivuniemi -niminen juhlakiertue.<\/p>\n<p>Kiertue alkaa Sein\u00e4joelta 18. huhtikuuta ja p\u00e4\u00e4ttyy Helsinkiin 20. toukokuuta. Muut paikkakunnat ovat Turku, Lahti ja Espoo.<\/p>\n<p>Kiertueella kuullaan Koivuniemen tunnetuimpia hittej\u00e4 sek\u00e4 harvemmin kuultuja lauluja, joita esitt\u00e4v\u00e4t Saija Tuupanen, Eija Kantola, Anneli Mattila, Jenna B\u00e5geberg, Heidi Pakarinen, Tarja Lunnas ja Pirita Niemenmaa. Artisteja s\u00e4est\u00e4\u00e4 Paulan pojan, Toni Lehden orkesteri.<\/p>\n<p>\u2013 On hienoa p\u00e4\u00e4st\u00e4 esitt\u00e4m\u00e4\u00e4n \u00e4itini kappaleita upean orkesterin kanssa, jossa on mukana h\u00e4nen pitk\u00e4aikaisia soittajiaan. Luvassa on ikimuistoisia kappaleita ja koskettavaa tunnelmaa, Toni Lehti sanoo.<\/p>\n<p>Lue my\u00f6s: <a href=\"https:\/\/www.como.fi\/uutiset\/paula-koivuniemi-loysi-uuden-kodin-hengailee-yllattavassa-paikassa\/\" title=\"\u201dPaula Koivuniemi l\u00f6ysi uuden kodin\u201d \u2013 hengailee yll\u00e4tt\u00e4v\u00e4ss\u00e4 paikassa\" class=\"underline-custom !font-montserrat !font-bold !underline-offset-4 !decoration-4 !decoration-red-600 !text-md\" rel=\"nofollow noopener\" target=\"_blank\">\u201dPaula Koivuniemi l\u00f6ysi uuden kodin\u201d \u2013 hengailee yll\u00e4tt\u00e4v\u00e4ss\u00e4 paikassa<\/a><\/p>\n<p>\u2013 Paula Koivuniemi on tehnyt huikean uran ja h\u00e4nen laulunsa ovat kiinte\u00e4 osa suomalaista iskelm\u00e4historiaa. Ei ole sellaista iltaa, etteik\u00f6 Aikuinen nainen soisi jossain p\u00e4in Suomea karaokessa eik\u00e4 sellaista p\u00e4iv\u00e4\u00e4, etteik\u00f6 joku h\u00e4nen lauluistaan kuuluisi jollain radiokanavalla. Nyt, kun h\u00e4nen ensisinglest\u00e4\u00e4n tulee kuluneeksi 60 vuotta, on hyv\u00e4 aika juhlistaa t\u00e4t\u00e4 huikeaa laulajaa, kertoo kiertueen j\u00e4rjest\u00e4j\u00e4 Joona Jalkanen. H\u00e4n on Kari Tapion poika.<\/p>\n<p>Lue my\u00f6s: <a href=\"https:\/\/www.como.fi\/uutiset\/paula-koivuniemen-ura-paattyi-tasta-45-vuotta-vanhasta-asiasta-han-ei-ole-luopunut\/\" title=\"Paula Koivuniemen ura p\u00e4\u00e4ttyi \u2013 t\u00e4st\u00e4 45 vuotta vanhasta asiasta h\u00e4n ei ole luopunut\" class=\"underline-custom !font-montserrat !font-bold !underline-offset-4 !decoration-4 !decoration-red-600 !text-md\" rel=\"nofollow noopener\" target=\"_blank\">Paula Koivuniemen ura p\u00e4\u00e4ttyi \u2013 t\u00e4st\u00e4 45 vuotta vanhasta asiasta h\u00e4n ei ole luopunut<\/a><\/p>\n<p>Sein\u00e4joella kes\u00e4kuussa 1947 syntynyt Paula Koivuniemi on saanut urallaan 13 kultalevy\u00e4, yhden platinalevyn ja yhden tuplaplatinan. H\u00e4nell\u00e4 on ollut lukuisia hittej\u00e4, kuten Aikaan sinikellojen, Romantiikkaa, Sua vasten aina painautuisin, Tummat silm\u00e4t ruskea tukka, Aikuinen nainen, Kun kuuntelen Tomppaa ja Kuka pelk\u00e4\u00e4 Paulaa.<\/p>\n<p>Kiertueen liput ovat jo myynniss\u00e4 lippukaupoissa.<\/p>\n<p>Kiertuepaikkakunnat:<\/p>\n<p>LA 18.4. Sein\u00e4joki Areena, Sein\u00e4joki<\/p>\n<p>KE 22.4. Konserttitalo, Turku<\/p>\n<p>PE 24.4. Sibeliustalo, Lahti<\/p>\n<p>SU 26.4. Kulttuurikeskus, Espoo<\/p>\n<p>KE 20.5. Savoy-teatteri, Helsinki<\/p>\n<p>Lue my\u00f6s: <a href=\"https:\/\/www.como.fi\/tilaa-comon-uutiskirje\/\" title=\"Tilaa Comon uutiskirje ja tied\u00e4t mist\u00e4 kahvitauolla puhutaan! Nappaa kotimaan tv-vinkit ja puheenaiheet suoraan s\u00e4hk\u00f6postiin t\u00e4st\u00e4.\" class=\"underline-custom !font-montserrat !font-bold !underline-offset-4 !decoration-4 !decoration-red-600 !text-md\" rel=\"nofollow noopener\" target=\"_blank\">Tilaa Comon uutiskirje ja tied\u00e4t mist\u00e4 kahvitauolla puhutaan! Nappaa kotimaan tv-vinkit ja puheenaiheet suoraan s\u00e4hk\u00f6postiin t\u00e4st\u00e4.<\/a><\/p>\n","protected":false},"excerpt":{"rendered":"Paula Koivuniemen ensilevytyksest\u00e4, Perhonen, tulee kuluneeksi ensi vuonna 60 vuotta. Juhlavuoden kunniaksi j\u00e4rjestet\u00e4\u00e4n kev\u00e4\u00e4ll\u00e4 h\u00e4nen lauluihinsa keskittyv\u00e4 viiden&hellip;\n","protected":false},"author":2,"featured_media":106660,"comment_status":"","ping_status":"","sticky":false,"template":"","format":"standard","meta":{"footnotes":""},"categories":[130],"tags":[137,33,31,30,7656,32,109],"class_list":{"0":"post-106659","1":"post","2":"type-post","3":"status-publish","4":"format-standard","5":"has-post-thumbnail","7":"category-viihde","8":"tag-entertainment","9":"tag-fi","10":"tag-finland","11":"tag-finnish","12":"tag-paula-koivuniemi","13":"tag-suomi","14":"tag-viihde"},"share_on_mastodon":{"url":"https:\/\/pubeurope.com\/@fi\/115655902740819217","error":""},"_links":{"self":[{"href":"https:\/\/www.europesays.com\/fi\/wp-json\/wp\/v2\/posts\/106659","targetHints":{"allow":["GET"]}}],"collection":[{"href":"https:\/\/www.europesays.com\/fi\/wp-json\/wp\/v2\/posts"}],"about":[{"href":"https:\/\/www.europesays.com\/fi\/wp-json\/wp\/v2\/types\/post"}],"author":[{"embeddable":true,"href":"https:\/\/www.europesays.com\/fi\/wp-json\/wp\/v2\/users\/2"}],"replies":[{"embeddable":true,"href":"https:\/\/www.europesays.com\/fi\/wp-json\/wp\/v2\/comments?post=106659"}],"version-history":[{"count":0,"href":"https:\/\/www.europesays.com\/fi\/wp-json\/wp\/v2\/posts\/106659\/revisions"}],"wp:featuredmedia":[{"embeddable":true,"href":"https:\/\/www.europesays.com\/fi\/wp-json\/wp\/v2\/media\/106660"}],"wp:attachment":[{"href":"https:\/\/www.europesays.com\/fi\/wp-json\/wp\/v2\/media?parent=106659"}],"wp:term":[{"taxonomy":"category","embeddable":true,"href":"https:\/\/www.europesays.com\/fi\/wp-json\/wp\/v2\/categories?post=106659"},{"taxonomy":"post_tag","embeddable":true,"href":"https:\/\/www.europesays.com\/fi\/wp-json\/wp\/v2\/tags?post=106659"}],"curies":[{"name":"wp","href":"https:\/\/api.w.org\/{rel}","templated":true}]}}