{"id":106667,"date":"2025-12-03T13:41:08","date_gmt":"2025-12-03T13:41:08","guid":{"rendered":"https:\/\/www.europesays.com\/fi\/106667\/"},"modified":"2025-12-03T13:41:08","modified_gmt":"2025-12-03T13:41:08","slug":"perintovero-kevenee-ensi-vuonna-ilta-sanomat","status":"publish","type":"post","link":"https:\/\/www.europesays.com\/fi\/106667\/","title":{"rendered":"Perint\u00f6vero kevenee ensi vuonna &#8211; Ilta-Sanomat"},"content":{"rendered":"<p>Verotuksen muutoksista p\u00e4\u00e4tettiin kev\u00e4\u00e4n puoliv\u00e4liriihess\u00e4.<\/p>\n<p class=\"article-body mb-nof-24 px-nof-16\">Hallituksen esitys perint\u00f6- ja lahjaverolain muuttamisesta on hyv\u00e4ksytty eduskunnan \u00e4\u00e4nestyksess\u00e4.<\/p>\n<p class=\"article-body mb-nof-24 px-nof-16\">Verotettavan perint\u00f6osuuden alaraja korotetaan ensi vuoden alussa 20\u202f000 eurosta 30\u202f000 euroon. Verotettavan lahjan alaraja nousee puolestaan 5\u202f000 eurosta 7\u202f500 euroon.<\/p>\n<p class=\"article-body mb-nof-24 px-nof-16\">Hallitus p\u00e4\u00e4tti esitt\u00e4\u00e4 veromuutoksia kev\u00e4\u00e4n puoliv\u00e4liriihess\u00e4.<\/p>\n<p class=\"article-body mb-nof-24 px-nof-16\">Esityksen puolesta \u00e4\u00e4nesti 114 kansanedustajaa ja vastaan 52 edustajaa. Vastaan olivat sosiaalidemokraattien, vasemmistoliiton ja vihreiden ryhm\u00e4t.<\/p>\n<p class=\"article-body mb-nof-24 px-nof-16\">Perint\u00f6vero on pysynyt nykyisell\u00e4\u00e4n vuodesta 2009 l\u00e4htien. Veronmaksajain keskusliiton laskelmien mukaan alarajan nosto merkitsee 700 euroa pienemp\u00e4\u00e4 veroa 30\u202f000 euron perinn\u00f6n kohdalla ja siit\u00e4 yl\u00f6sp\u00e4in.<\/p>\n<p class=\"article-body mb-nof-24 px-nof-16\">Jatkossa my\u00f6s kolmen vuoden aikana voi saada 7\u00a0500 euron edest\u00e4 lahjoja ilman ett\u00e4 niist\u00e4 t\u00e4ytyy maksaa veroa.<\/p>\n<p class=\"article-body mb-nof-24 px-nof-16\">Helmikuussa <a class=\"article-personlink\" href=\"https:\/\/www.is.fi\/haku\/?query=Risto%20Murron\" rel=\"nofollow noopener\" target=\"_blank\">Risto Murron<\/a> vet\u00e4m\u00e4 ty\u00f6ryhm\u00e4 esitti perint\u00f6veron korvaamista luovutusvoittoverolla.<\/p>\n<p class=\"article-body mb-nof-24 px-nof-16\">Hallitusohjelman mukaan perint\u00f6veron korvaamista perityn omaisuuden luovutusvoittojen verotuksella selvitet\u00e4\u00e4n. P\u00e4\u00e4ministeri <a class=\"article-personlink\" href=\"https:\/\/www.is.fi\/haku\/?query=Petteri%20Orpo\" rel=\"nofollow noopener\" target=\"_blank\">Petteri Orpo<\/a> (kok) on ilmaissut tukea hankkeelle.<\/p>\n<p class=\"article-body mb-nof-24 px-nof-16\">Perint\u00f6veron poistoa ovat kannattaneet esimerkiksi Perheyritysten liitto ja Elinkeinoel\u00e4m\u00e4n keskusliitto.<\/p>\n","protected":false},"excerpt":{"rendered":"Verotuksen muutoksista p\u00e4\u00e4tettiin kev\u00e4\u00e4n puoliv\u00e4liriihess\u00e4. Hallituksen esitys perint\u00f6- ja lahjaverolain muuttamisesta on hyv\u00e4ksytty eduskunnan \u00e4\u00e4nestyksess\u00e4. Verotettavan perint\u00f6osuuden alaraja&hellip;\n","protected":false},"author":2,"featured_media":106668,"comment_status":"","ping_status":"","sticky":false,"template":"","format":"standard","meta":{"footnotes":""},"categories":[5],"tags":[22,23,26,27,33,31,30,17,34,24,25,28,29,15,18,21,32,19,20,16],"class_list":{"0":"post-106667","1":"post","2":"type-post","3":"status-publish","4":"format-standard","5":"has-post-thumbnail","7":"category-otsikot","8":"tag-breaking-news","9":"tag-breakingnews","10":"tag-featured-news","11":"tag-featurednews","12":"tag-fi","13":"tag-finland","14":"tag-finnish","15":"tag-headlines","16":"tag-ilta-sanomat","17":"tag-latest-news","18":"tag-latestnews","19":"tag-main-news","20":"tag-mainnews","21":"tag-news","22":"tag-otsikot","23":"tag-paauutiset","24":"tag-suomi","25":"tag-top-stories","26":"tag-topstories","27":"tag-uutiset"},"share_on_mastodon":{"url":"https:\/\/pubeurope.com\/@fi\/115655926268533317","error":""},"_links":{"self":[{"href":"https:\/\/www.europesays.com\/fi\/wp-json\/wp\/v2\/posts\/106667","targetHints":{"allow":["GET"]}}],"collection":[{"href":"https:\/\/www.europesays.com\/fi\/wp-json\/wp\/v2\/posts"}],"about":[{"href":"https:\/\/www.europesays.com\/fi\/wp-json\/wp\/v2\/types\/post"}],"author":[{"embeddable":true,"href":"https:\/\/www.europesays.com\/fi\/wp-json\/wp\/v2\/users\/2"}],"replies":[{"embeddable":true,"href":"https:\/\/www.europesays.com\/fi\/wp-json\/wp\/v2\/comments?post=106667"}],"version-history":[{"count":0,"href":"https:\/\/www.europesays.com\/fi\/wp-json\/wp\/v2\/posts\/106667\/revisions"}],"wp:featuredmedia":[{"embeddable":true,"href":"https:\/\/www.europesays.com\/fi\/wp-json\/wp\/v2\/media\/106668"}],"wp:attachment":[{"href":"https:\/\/www.europesays.com\/fi\/wp-json\/wp\/v2\/media?parent=106667"}],"wp:term":[{"taxonomy":"category","embeddable":true,"href":"https:\/\/www.europesays.com\/fi\/wp-json\/wp\/v2\/categories?post=106667"},{"taxonomy":"post_tag","embeddable":true,"href":"https:\/\/www.europesays.com\/fi\/wp-json\/wp\/v2\/tags?post=106667"}],"curies":[{"name":"wp","href":"https:\/\/api.w.org\/{rel}","templated":true}]}}