{"id":106681,"date":"2025-12-03T14:05:10","date_gmt":"2025-12-03T14:05:10","guid":{"rendered":"https:\/\/www.europesays.com\/fi\/106681\/"},"modified":"2025-12-03T14:05:10","modified_gmt":"2025-12-03T14:05:10","slug":"naton-rutte-piikitteli-putinia-pukeutuu-kuin-sotilas-mutta-kaukana-rintamalta","status":"publish","type":"post","link":"https:\/\/www.europesays.com\/fi\/106681\/","title":{"rendered":"Naton Rutte piikitteli Putinia: Pukeutuu kuin sotilas, mutta kaukana rintamalta"},"content":{"rendered":"<p>    <img decoding=\"async\" class=\"responsive-image article__image-image lozad\"   src=\"https:\/\/www.europesays.com\/fi\/wp-content\/uploads\/2025\/12\/GtlpZw__XA_qwa9kqWo71B0341j3uj8uJNvt_d43crOVCC5V_PJy0C9P5IgXWGJvsXDw-4KwLwN86NIkwLV9oTCQaD35MYXofacF.jpeg\" alt=\"Naton p\u00e4\u00e4sihteeri Mark Rutte kuvattiin tiistaina.\"\/><\/p>\n<p>\n                Naton p\u00e4\u00e4sihteeri Mark Rutte kuvattiin tiistaina.\n              <\/p>\n<p>\n                Kuva: Nicolas Tucat \/ AFP \/ Lehtikuva\n              <\/p>\n<p class=\"article__paragraph\">\n      Naton ulkoministerit ovat kokoontuneet Brysseliin ulkoministerikokoukseen. Kokousagendaa hallitsevat pitk\u00e4lti Ukrainan rauhanneuvottelut.\n    <\/p>\n<p class=\"article__paragraph\">\n      Suomesta kokoukseen osallistuu ulkoministeri Elina Valtonen (kok.). H\u00e4n kuvaili kokoukseen saapuessaan tulossa olevaa p\u00e4iv\u00e4\u00e4 t\u00e4rke\u00e4ksi.\n    <\/p>\n<p class=\"article__paragraph\">\n      Valtonen kommentoi my\u00f6s Ven\u00e4j\u00e4n presidentin Vladimir Putinin tiistain puheita siit\u00e4, ett\u00e4 Ven\u00e4j\u00e4 on tarvittaessa valmis sotaan Eurooppaa vastaan, vaikkei Ven\u00e4j\u00e4 sotaa haluakaan.\n    <\/p>\n<p class=\"article__paragraph\">\n      Valtosen mukaan Putinin kommentteja ei kannata ottaa vakavasti.\n    <\/p>\n<p class=\"article__paragraph\">\n      &#8211;\u2009Se on retoriikkaa, jota Ven\u00e4j\u00e4 k\u00e4ytt\u00e4\u00e4 pelotellakseen meit\u00e4, eik\u00e4 meid\u00e4n pit\u00e4isi ottaa sellaisia puheita liian vakavasti, Valtonen sanoi saapuessaan kokoukseen Brysseliss\u00e4.\n    <\/p>\n<p class=\"article__paragraph\">\n      My\u00f6s Naton p\u00e4\u00e4sihteeri Mark Rutte sanoi kokoukseen saapuessaan, ettei h\u00e4n aio reagoida jokaiseen asiaan, mit\u00e4 Putin sanoo.\n    <\/p>\n<p class=\"article__paragraph\">\n      &#8211;\u2009En aio reagoida kaikkeen, mit\u00e4 Putin sanoo. Olemme n\u00e4hneet h\u00e4net sotilasvaatteissa, pukeutuneena kuin sotilas rintamalla &#8211; mutta h\u00e4n ei ole rintamalla, vaan melko kaukana rintamasta, Rutte kuittasi.\n    <\/p>\n<p class=\"article__paragraph\">\n      Yhdysvaltain erityisl\u00e4hettil\u00e4s Steve Witkoff tapasi tiistaina Moskovassa presidentti \u00a0Putinin. Tapaamisesta ei ole viel\u00e4 kerrottu juurikaan lis\u00e4tietoja julkisuuteen. My\u00f6s Valtonen kertoi odottavansa lis\u00e4tietoja tapaamisesta.\n    <\/p>\n<p class=\"article__paragraph\">\n      \u2013\u2009Olen luotettavainen siihen, ett\u00e4 rauhansuunnitelma etenee. Mutta rauhansuunnitelma voi edet\u00e4 vain jos se kunnioittaa my\u00f6s Ukrainan toiveita ja suvereniteettia, Valtonen sanoi.\n    <\/p>\n<p class=\"article__paragraph\">\n      STT kysyi Valtoselta, miten h\u00e4n kommentoi presidentti Alexander Stubbin lausuntoa <a href=\"https:\/\/www.mtvuutiset.fi\/artikkeli\/stubb-suomalaisten-on-valmistauduttava-epaoikeudenmukaisiin-rauhanehtoihin-ukrainan-sodassa\/9264122\" rel=\"nofollow noopener\" target=\"_blank\">MTV:n uutisille.<\/a> Stubb sanoi MTV:lle, ett\u00e4 suomalaisten tulee valmistautua siihen, etteiv\u00e4t oikeudenmukaisen rauhan ehdot Ukrainassa t\u00e4yty.\n    <\/p>\n<p class=\"article__paragraph\">\n      \u2013\u2009Katsotaan nyt ihan rauhassa, Valtonen sanoi.\n    <\/p>\n<p class=\"article__paragraph\">\n      Rutte kuvasi k\u00e4ynnistyneit\u00e4 neuvotteluita ensimm\u00e4iseksi askeleeksi ja sanoi k\u00e4yv\u00e4ns\u00e4 tiiviit\u00e4 keskusteluita Yhdysvaltojen kanssa. H\u00e4n kuitenkin kehui presidentti Donald Trumpia vuolassanaisesti &#8221;pattitilanteen rikkomisesta&#8221;.\n    <\/p>\n<p class=\"article__paragraph\">\n      \u2013\u2009Olen iloinen, ett\u00e4 Yhdysvallat mursi pattitilanteen Putinin kanssa ja aloitti rauhanprosessin. Vain Trumpin johtama Yhdysvallat on ollut kykenev\u00e4 t\u00e4h\u00e4n.\n    <\/p>\n<p>      USA:n ministeri poissa<\/p>\n<p class=\"article__paragraph\">\n      Poikkeuksellisesti Nato-kokouksessa Yhdysvaltoja ei edusta maan ulkoministeri, joka on t\u00e4ll\u00e4 hetkell\u00e4 Marco Rubio. Nato-l\u00e4hteen mukaan vastaavaa on viimeksi tapahtunut Irakin sodan aikana. Rubiota sijaistaa maan varaulkoministeri.\n    <\/p>\n<p class=\"article__paragraph\">\n      Valtonen sanoi kuitenkin ymm\u00e4rt\u00e4v\u00e4ns\u00e4, ett\u00e4 Rubio on t\u00e4ll\u00e4 hetkell\u00e4 kiireinen.\n    <\/p>\n<p class=\"article__paragraph\">\n      My\u00f6s Rutte sanoi tiistaina kokousta edelt\u00e4neess\u00e4 lehdist\u00f6tilaisuudessa, ettei tekisi Rubion poissaolosta liiallisia tulkintoja. Rutten mukaan Rubio ty\u00f6skentelee kovasti Ukrainan rauhan eteen ja Yhdysvalloilla on muu edustus kokouksessa.\n    <\/p>\n<p class=\"article__paragraph\">\n      \u2013\u2009Hyv\u00e4ksyn Rubion poissaolon, h\u00e4n sanoi.\n    <\/p>\n<p>      Ukrainalle aseita nelj\u00e4ll\u00e4 miljardilla<\/p>\n<p class=\"article__paragraph\">\n      Nato-maat keskustelevat my\u00f6s Ukrainan tukemisesta laajemmin. Korkea Nato-virkamies kertoi tiistaina, ett\u00e4 j\u00e4senmaat ovat toimittaneet nelj\u00e4n kuukauden aikana Ukrainalle nelj\u00e4n miljardin euron edest\u00e4 aseita PURL-hankkeen kautta. Loppuvuoteen menness\u00e4 m\u00e4\u00e4r\u00e4n odotetaan nousevan viiteen miljardiin.\n    <\/p>\n<p class=\"article__paragraph\">\n      PURL-hankkeessa Yhdysvallat toimittaa Ukrainalle aseet, jotka Eurooppa maksaa. My\u00f6s Suomi on hankkeessa mukana 17 muun Naton j\u00e4senmaan kanssa.\n    <\/p>\n<p class=\"article__paragraph\">\n      Rutte arvioi, ett\u00e4 l\u00e4hip\u00e4ivin\u00e4 viel\u00e4 useampi maa liittyy mukaan hankkeeseen.\n    <\/p>\n","protected":false},"excerpt":{"rendered":"Naton p\u00e4\u00e4sihteeri Mark Rutte kuvattiin tiistaina. Kuva: Nicolas Tucat \/ AFP \/ Lehtikuva Naton ulkoministerit ovat kokoontuneet Brysseliin&hellip;\n","protected":false},"author":2,"featured_media":106682,"comment_status":"","ping_status":"","sticky":false,"template":"","format":"standard","meta":{"footnotes":""},"categories":[14],"tags":[22,23,26,27,33,31,30,17,24,25,28,29,15,18,21,32,19,20,56,16,59,60,61],"class_list":{"0":"post-106681","1":"post","2":"type-post","3":"status-publish","4":"format-standard","5":"has-post-thumbnail","7":"category-ulkomaat","8":"tag-breaking-news","9":"tag-breakingnews","10":"tag-featured-news","11":"tag-featurednews","12":"tag-fi","13":"tag-finland","14":"tag-finnish","15":"tag-headlines","16":"tag-latest-news","17":"tag-latestnews","18":"tag-main-news","19":"tag-mainnews","20":"tag-news","21":"tag-otsikot","22":"tag-paauutiset","23":"tag-suomi","24":"tag-top-stories","25":"tag-topstories","26":"tag-ulkomaat","27":"tag-uutiset","28":"tag-world","29":"tag-world-news","30":"tag-worldnews"},"share_on_mastodon":{"url":"https:\/\/pubeurope.com\/@fi\/115656020868343509","error":""},"_links":{"self":[{"href":"https:\/\/www.europesays.com\/fi\/wp-json\/wp\/v2\/posts\/106681","targetHints":{"allow":["GET"]}}],"collection":[{"href":"https:\/\/www.europesays.com\/fi\/wp-json\/wp\/v2\/posts"}],"about":[{"href":"https:\/\/www.europesays.com\/fi\/wp-json\/wp\/v2\/types\/post"}],"author":[{"embeddable":true,"href":"https:\/\/www.europesays.com\/fi\/wp-json\/wp\/v2\/users\/2"}],"replies":[{"embeddable":true,"href":"https:\/\/www.europesays.com\/fi\/wp-json\/wp\/v2\/comments?post=106681"}],"version-history":[{"count":0,"href":"https:\/\/www.europesays.com\/fi\/wp-json\/wp\/v2\/posts\/106681\/revisions"}],"wp:featuredmedia":[{"embeddable":true,"href":"https:\/\/www.europesays.com\/fi\/wp-json\/wp\/v2\/media\/106682"}],"wp:attachment":[{"href":"https:\/\/www.europesays.com\/fi\/wp-json\/wp\/v2\/media?parent=106681"}],"wp:term":[{"taxonomy":"category","embeddable":true,"href":"https:\/\/www.europesays.com\/fi\/wp-json\/wp\/v2\/categories?post=106681"},{"taxonomy":"post_tag","embeddable":true,"href":"https:\/\/www.europesays.com\/fi\/wp-json\/wp\/v2\/tags?post=106681"}],"curies":[{"name":"wp","href":"https:\/\/api.w.org\/{rel}","templated":true}]}}