{"id":106703,"date":"2025-12-03T14:31:07","date_gmt":"2025-12-03T14:31:07","guid":{"rendered":"https:\/\/www.europesays.com\/fi\/106703\/"},"modified":"2025-12-03T14:31:07","modified_gmt":"2025-12-03T14:31:07","slug":"saksalla-on-salainen-suunnitelma-sotaan","status":"publish","type":"post","link":"https:\/\/www.europesays.com\/fi\/106703\/","title":{"rendered":"Saksalla on salainen suunnitelma sotaan"},"content":{"rendered":"<p class=\"ai-optimize-6 ai-optimize-introduction\">Saksan asevoimissa laadittiin vuoden 2023 alkupuolella salainen suunnitelma, jossa hahmoteltiin hypoteettista konfliktia Ven\u00e4j\u00e4\u00e4 vastaan.<\/p>\n<p class=\"ai-optimize-6 ai-optimize-introduction\"><a href=\"https:\/\/www.wsj.com\/world\/europe\/germany-russia-war-nato-secret-plan-8ce43a8d\" target=\"_blank\" rel=\"noopener nofollow\">Wall Street Journalin<\/a> mukaan 1200-sivuisessa asiakirjassa k\u00e4siteltiin muun muassa sotatoimiin liittyv\u00e4\u00e4 massiivista logistista urakkaa. Operaatiosuunnitelma Saksa -suunnitelman mukaan jopa 800 000 sotilasta Saksasta, Yhdysvalloista ja muista Nato-maista kuljetettaisiin kohti id\u00e4ss\u00e4 k\u00e4yt\u00e4vi\u00e4 taisteluita.<\/p>\n<p class=\"ai-optimize-7\">Upseerit listasivat berliinil\u00e4isess\u00e4 varuskunnassa, mit\u00e4 satamia, rautatieyhteyksi\u00e4 ja maanteit\u00e4 joukot kulkisivat, ja miten niiden matkaa suojattaisiin.<\/p>\n<p class=\"ai-optimize-6\">Saksan johdosta on sanottu, ett\u00e4 Moskova voisi olla valmis hy\u00f6kk\u00e4\u00e4m\u00e4\u00e4n Natoa vastaan vuoteen 2029 menness\u00e4. Viimeaikaiset sabotaasitapaukset, ilmatilaloukkaukset ja muut hybriditoimet ovat her\u00e4tt\u00e4neet huolta siit\u00e4, ett\u00e4 konflikti saattaisi puhjeta jo aiemmin.<\/p>\n<p class=\"ai-optimize-7\">Synkimm\u00e4ss\u00e4 skenaariossa oletetaan, ett\u00e4 tulitauko Ukainassa vapauttaisi Ven\u00e4j\u00e4n voimavaroja k\u00e4ytett\u00e4v\u00e4ksi l\u00e4nsimaita vastaan. Saksan tavoitteena on ehk\u00e4ist\u00e4 sodan uhkaa lis\u00e4\u00e4m\u00e4ll\u00e4 maan asevoimien valmiutta.<\/p>\n<p class=\"ai-optimize-8\">\u2013 Tavoitteena on est\u00e4\u00e4 sota tekem\u00e4ll\u00e4 selv\u00e4ksi vihollisillemme, ett\u00e4 hy\u00f6kk\u00e4ys meit\u00e4 vastaan ei tulisi onnistumaan, OPLAN DEU -nimell\u00e4 tunnetun suunnitelman laadintaan osallistunut korkea-arvoinen upseeri sanoo WSJ:lle.<\/p>\n<p class=\"ai-optimize-9\">Logistiikan valmisteluun on osallistunut muun muassa Rheinmetall-yhti\u00f6, joka rakensi tilap\u00e4isen tukikohdan 500 sotilaalle 14 vuorokaudessa ja purki sen viikossa.<\/p>\n<p class=\"ai-optimize-9\">Leiriss\u00e4 oli kentt\u00e4keitti\u00f6, 48 suihkua, viisi huoltoasemaa, droonisuojaukset sek\u00e4 vartijat, joiden taustat oli selvitetty mahdollisen Ven\u00e4j\u00e4n ja Kiinan vaikutustoiminnan varalta.<\/p>\n<p class=\"ai-optimize-10\">Rheinmetallista harjoitusta verrattiin kokonaisen kyl\u00e4n rakentamiseen ja purkamiseen muutamissa p\u00e4iviss\u00e4. Suurimmat haasteet eiv\u00e4t v\u00e4ltt\u00e4m\u00e4tt\u00e4 liity sotilaallisiin tekij\u00f6ihin vaan pitk\u00e4n rauhanjakson aikana muodostuneisiin byrokraattisiin ja muihin esteisiin.<\/p>\n<p class=\"ai-optimize-11\">Saksan varapuolustusministeri<strong> Nils Schmidin<\/strong> mukaan olennaista on kaivaa esiin kylm\u00e4n sodan j\u00e4lkeen unohtuneita oppeja.<\/p>\n<p class=\"ai-optimize-12\">\u2013 Meid\u00e4n pit\u00e4\u00e4 raahata ihmisi\u00e4 el\u00e4kkeelt\u00e4 kertomaan meille, ett\u00e4 miten asiat tehtiin ennen vanhaan, Schmid sanoo.<\/p>\n<p>Poimintoja videosis\u00e4ll\u00f6ist\u00e4mme<\/p>\n","protected":false},"excerpt":{"rendered":"Saksan asevoimissa laadittiin vuoden 2023 alkupuolella salainen suunnitelma, jossa hahmoteltiin hypoteettista konfliktia Ven\u00e4j\u00e4\u00e4 vastaan. Wall Street Journalin mukaan&hellip;\n","protected":false},"author":2,"featured_media":106704,"comment_status":"","ping_status":"","sticky":false,"template":"","format":"standard","meta":{"footnotes":""},"categories":[14],"tags":[22,23,26,27,33,31,30,17,24,25,28,29,2579,15,18,21,3911,32,19,20,56,16,59,60,61],"class_list":{"0":"post-106703","1":"post","2":"type-post","3":"status-publish","4":"format-standard","5":"has-post-thumbnail","7":"category-ulkomaat","8":"tag-breaking-news","9":"tag-breakingnews","10":"tag-featured-news","11":"tag-featurednews","12":"tag-fi","13":"tag-finland","14":"tag-finnish","15":"tag-headlines","16":"tag-latest-news","17":"tag-latestnews","18":"tag-main-news","19":"tag-mainnews","20":"tag-nato","21":"tag-news","22":"tag-otsikot","23":"tag-paauutiset","24":"tag-saksa","25":"tag-suomi","26":"tag-top-stories","27":"tag-topstories","28":"tag-ulkomaat","29":"tag-uutiset","30":"tag-world","31":"tag-world-news","32":"tag-worldnews"},"share_on_mastodon":{"url":"https:\/\/pubeurope.com\/@fi\/115656122972766582","error":""},"_links":{"self":[{"href":"https:\/\/www.europesays.com\/fi\/wp-json\/wp\/v2\/posts\/106703","targetHints":{"allow":["GET"]}}],"collection":[{"href":"https:\/\/www.europesays.com\/fi\/wp-json\/wp\/v2\/posts"}],"about":[{"href":"https:\/\/www.europesays.com\/fi\/wp-json\/wp\/v2\/types\/post"}],"author":[{"embeddable":true,"href":"https:\/\/www.europesays.com\/fi\/wp-json\/wp\/v2\/users\/2"}],"replies":[{"embeddable":true,"href":"https:\/\/www.europesays.com\/fi\/wp-json\/wp\/v2\/comments?post=106703"}],"version-history":[{"count":0,"href":"https:\/\/www.europesays.com\/fi\/wp-json\/wp\/v2\/posts\/106703\/revisions"}],"wp:featuredmedia":[{"embeddable":true,"href":"https:\/\/www.europesays.com\/fi\/wp-json\/wp\/v2\/media\/106704"}],"wp:attachment":[{"href":"https:\/\/www.europesays.com\/fi\/wp-json\/wp\/v2\/media?parent=106703"}],"wp:term":[{"taxonomy":"category","embeddable":true,"href":"https:\/\/www.europesays.com\/fi\/wp-json\/wp\/v2\/categories?post=106703"},{"taxonomy":"post_tag","embeddable":true,"href":"https:\/\/www.europesays.com\/fi\/wp-json\/wp\/v2\/tags?post=106703"}],"curies":[{"name":"wp","href":"https:\/\/api.w.org\/{rel}","templated":true}]}}