{"id":106707,"date":"2025-12-03T14:33:09","date_gmt":"2025-12-03T14:33:09","guid":{"rendered":"https:\/\/www.europesays.com\/fi\/106707\/"},"modified":"2025-12-03T14:33:09","modified_gmt":"2025-12-03T14:33:09","slug":"56-r-kioskia-lopettaa-koko-lista-julki-iltalehti","status":"publish","type":"post","link":"https:\/\/www.europesays.com\/fi\/106707\/","title":{"rendered":"56 R-kioskia lopettaa \u2013 Koko lista julki &#8211; Iltalehti"},"content":{"rendered":"<ol>\n<li><a href=\"https:\/\/news.google.com\/rss\/articles\/CBMie0FVX3lxTFAxdnQwUktGR2FhLUxKQTlxbFlPSmsxU1BIcVhleFpBdWJvODQtaWtlYThGbnNNS3p2VHJDZEVWX19mdFF5bzY4M3ZzczgzVlFCT1o1VE1Xai1IR0MtRWREOVlvZjdVODRrOGpxenFsVmM2X1BmVkpqM1BZOA?oc=5\" target=\"_blank\" rel=\"nofollow noopener\">56 R-kioskia lopettaa \u2013 Koko lista julki<\/a>&nbsp;&nbsp;Iltalehti<\/li>\n<li><a href=\"https:\/\/news.google.com\/rss\/articles\/CBMiZEFVX3lxTE8tZm9pRG81Qi1XREdRMFVubzU3V2gzNHExX21icFdoWDh3Z21RTG50bUN2S2pkc3pwU2t1dzM5bmNyV3JyTUxkRGNzZzBiQUN1U3Q4MG5sQ2dkb0t6M2FQZEtPbnc?oc=5\" target=\"_blank\" rel=\"nofollow noopener\">P\u00e4\u00e4t\u00f6s tehty: Noin 70 R-kioskia suljetaan<\/a>&nbsp;&nbsp;Ilta-Sanomat<\/li>\n<li><a href=\"https:\/\/news.google.com\/rss\/articles\/CBMiUEFVX3lxTE1kNTRNRWFjc3pBVFBJNFNkVzcwZkx1UERkRkE3NFYtVWd3dXZtTFdabzZpTWhxcHo0S3piUHBUa0IyamhIUTZfTTE3Wk5ZRENH?oc=5\" target=\"_blank\" rel=\"nofollow noopener\">KSML selvitti: N\u00e4m\u00e4 R-kioskit lopettavat Keski-Suomessa | Keski-Suomi<\/a>&nbsp;&nbsp;Keskisuomalainen<\/li>\n<li><a href=\"https:\/\/news.google.com\/rss\/articles\/CBMia0FVX3lxTE9lUnlOM21TbE1TTXRvSGx6SUNRdXFFWHFOeTZUY1Z6YmY4ckM3VEZIWlhickpyb3R0OW1abWJTcVNtTG8xT3N5cnFyY18wMG5nSlExcVppYVUtZURhVTUxMzdneGhmZFdsbnlV?oc=5\" target=\"_blank\" rel=\"nofollow noopener\">Naantalin ainoan R-kioskin sulkeminen harmittaa asiakkaita: &#8221;T\u00e4m\u00e4 on monille ihmisille kohtaamispaikka&#8221;<\/a>&nbsp;&nbsp;Rannikkoseutu<\/li>\n<li><a href=\"https:\/\/news.google.com\/rss\/articles\/CBMiiAFBVV95cUxOOUhaNHpmbzF0OTB1dk9hOXdFM1MwaGROeGFVTFBXUnpjMzdiSXFuNENXRk05R2dMWlhZZlY2VlNfV1ZVVWRzTjFpSFNMaHgxS2tFZjRpRFdtSVMtdDdBaDE0UW5NY3BwcktzT05zRzl3dzdKVTRJeDVrcHZDd01zZDllaGhiTDc0?oc=5\" target=\"_blank\" rel=\"nofollow noopener\">Kaksi Oulun R-kioskia sulkee ovensa \u2013 Toisen kauppias on halunnut pois jo pidemp\u00e4\u00e4n: &#8221;Kioski on ry\u00f6stetty viisi kertaa&#8221;<\/a>&nbsp;&nbsp;Kaleva<\/li>\n<\/ol>\n","protected":false},"excerpt":{"rendered":"56 R-kioskia lopettaa \u2013 Koko lista julki&nbsp;&nbsp;Iltalehti P\u00e4\u00e4t\u00f6s tehty: Noin 70 R-kioskia suljetaan&nbsp;&nbsp;Ilta-Sanomat KSML selvitti: N\u00e4m\u00e4 R-kioskit lopettavat&hellip;\n","protected":false},"author":2,"featured_media":106708,"comment_status":"","ping_status":"","sticky":false,"template":"","format":"standard","meta":{"footnotes":""},"categories":[5],"tags":[35,22,23,26,27,33,31,30,17,3595,24,25,3004,720,28,29,1616,15,18,21,2294,32,78,19,20,16],"class_list":{"0":"post-106707","1":"post","2":"type-post","3":"status-publish","4":"format-standard","5":"has-post-thumbnail","7":"category-otsikot","8":"tag-24h","9":"tag-breaking-news","10":"tag-breakingnews","11":"tag-featured-news","12":"tag-featurednews","13":"tag-fi","14":"tag-finland","15":"tag-finnish","16":"tag-headlines","17":"tag-kustantaminen","18":"tag-latest-news","19":"tag-latestnews","20":"tag-liiketoiminta","21":"tag-liiketoiminta-ja-rahoitus","22":"tag-main-news","23":"tag-mainnews","24":"tag-media-viestinta","25":"tag-news","26":"tag-otsikot","27":"tag-paauutiset","28":"tag-sanomalehdet","29":"tag-suomi","30":"tag-talous","31":"tag-top-stories","32":"tag-topstories","33":"tag-uutiset"},"share_on_mastodon":{"url":"https:\/\/pubeurope.com\/@fi\/115656130751734845","error":""},"_links":{"self":[{"href":"https:\/\/www.europesays.com\/fi\/wp-json\/wp\/v2\/posts\/106707","targetHints":{"allow":["GET"]}}],"collection":[{"href":"https:\/\/www.europesays.com\/fi\/wp-json\/wp\/v2\/posts"}],"about":[{"href":"https:\/\/www.europesays.com\/fi\/wp-json\/wp\/v2\/types\/post"}],"author":[{"embeddable":true,"href":"https:\/\/www.europesays.com\/fi\/wp-json\/wp\/v2\/users\/2"}],"replies":[{"embeddable":true,"href":"https:\/\/www.europesays.com\/fi\/wp-json\/wp\/v2\/comments?post=106707"}],"version-history":[{"count":0,"href":"https:\/\/www.europesays.com\/fi\/wp-json\/wp\/v2\/posts\/106707\/revisions"}],"wp:featuredmedia":[{"embeddable":true,"href":"https:\/\/www.europesays.com\/fi\/wp-json\/wp\/v2\/media\/106708"}],"wp:attachment":[{"href":"https:\/\/www.europesays.com\/fi\/wp-json\/wp\/v2\/media?parent=106707"}],"wp:term":[{"taxonomy":"category","embeddable":true,"href":"https:\/\/www.europesays.com\/fi\/wp-json\/wp\/v2\/categories?post=106707"},{"taxonomy":"post_tag","embeddable":true,"href":"https:\/\/www.europesays.com\/fi\/wp-json\/wp\/v2\/tags?post=106707"}],"curies":[{"name":"wp","href":"https:\/\/api.w.org\/{rel}","templated":true}]}}