{"id":106711,"date":"2025-12-03T14:49:14","date_gmt":"2025-12-03T14:49:14","guid":{"rendered":"https:\/\/www.europesays.com\/fi\/106711\/"},"modified":"2025-12-03T14:49:14","modified_gmt":"2025-12-03T14:49:14","slug":"han-on-sen-ansainnut-gary-holt-kommentoi-dave-mustainen-elakoitymista","status":"publish","type":"post","link":"https:\/\/www.europesays.com\/fi\/106711\/","title":{"rendered":"&#8221;H\u00e4n on sen ansainnut&#8221; &#8211; Gary Holt kommentoi Dave Mustainen el\u00e4k\u00f6itymist\u00e4"},"content":{"rendered":"<p>Thrash metal -suuruus <strong>Megadeth <\/strong>julkaisee pian viimeisen pitk\u00e4soittonsa ja l\u00e4htee sen tiimoilta pitk\u00e4lle viimeiselle maailmankiertueelle. Kiertueen j\u00e4lkeen b\u00e4ndin perustaja <strong>Dave Mustaine<\/strong> aikoo ly\u00f6d\u00e4 soittimet naulaan ja el\u00e4k\u00f6ity\u00e4 musiikkihommista.<\/p>\n<p>Mustainen kollegalta ja yst\u00e4v\u00e4lt\u00e4, <strong>Exodus<\/strong>-kitaristi <strong>Gary Holtilta<\/strong>, kysyttiin hiljattain Robbs MetalWorksin haastattelussa, mit\u00e4 ajatuksia uutinen Megadethin lopettamisesta ja Mustainen el\u00e4k\u00f6itymisest\u00e4 h\u00e4ness\u00e4 her\u00e4tti.<\/p>\n<p>\u201dOlemme kiert\u00e4neet paljon Megadethin kanssa ja Dave on ollut alusta saakka yksi l\u00e4heisimpi\u00e4 yst\u00e4vi\u00e4ni. Hengailimme yhdess\u00e4 jo kun h\u00e4n oli <strong>Metallicassa<\/strong>\u201d, <a href=\"https:\/\/blabbermouth.net\/news\/gary-holt-on-dave-mustaines-retirement-hes-earned-it-and-im-sure-its-gonna-be-awesome-for-him\" target=\"_blank\" rel=\"noreferrer noopener nofollow\">Holt toteaa<\/a>.<\/p>\n<p>\u201dH\u00e4n on sen ansainnut. Rakastan sit\u00e4 mit\u00e4 teen, mutta valehtelisin, jos sanoisin, ett\u00e4 ajatus el\u00e4k\u00f6itymisest\u00e4 kahden, kolmen vuoden p\u00e4\u00e4st\u00e4\u2026 Olen nyt 61-vuotias. Haluanko tehd\u00e4 t\u00e4t\u00e4 viel\u00e4 seitsem\u00e4nkymppisen\u00e4? En tied\u00e4. Mutta en pysty lopettamaan, minun t\u00e4ytyy paiskia hommia ja aion tehd\u00e4 t\u00e4t\u00e4 niin kauan kuin jaksan. Mutta Dave on el\u00e4kkeens\u00e4 ansainnut ja olen varma, ett\u00e4 siit\u00e4 tulee h\u00e4nelle mahtavaa.\u201d<\/p>\n<p>Megadethin ex-basisti <strong>David Ellefson<\/strong> <a href=\"https:\/\/www.ultimate-guitar.com\/news\/general_music_news\/weve-seen-this-movie-before-is-dave-mustaine-genuine-about-retiring-megadeth-david-ellefson-chimes-in\" target=\"_blank\" rel=\"noreferrer noopener nofollow\">oli hiljattain todennut<\/a>, ett\u00e4 Mustainen ilmoitus lopettamisesta voi hyvin olla vain kikka saada myyty\u00e4 enemm\u00e4n lippuja keikoille. T\u00e4h\u00e4n Holt ei kuitenkaan usko.<\/p>\n<p>\u201dEiv\u00e4tk\u00f6h\u00e4n liput liiku ihan hyvin ilmankin. Emme me t\u00e4st\u00e4 nuorru ja Mustaine itse on sanonut, ett\u00e4 kiertue tulee kest\u00e4m\u00e4\u00e4n kahdesta kolmeen vuotta. Mielest\u00e4ni Dave on minua vuoden vanhempi (Mustaine on syntynyt 1961, Holt 1964, toim. huom.), joten h\u00e4nh\u00e4n on silloin jo yli 65-vuotias\u201d, Holt tuumaa.<\/p>\n<p>\u201dMinulla on kolme lapsenlasta ja olisin todella mielell\u00e4ni kotona heid\u00e4n kanssaan. Ensi vuonna, kun uusi Exodus-levy tulee, tulen kiert\u00e4m\u00e4\u00e4n enemm\u00e4n kuin koskaan. Teen uhrauksia nyt, jotta sitten kun olen 65 voin hidastaa tahtia ja kenties tehd\u00e4 pari festarikeikkaa siell\u00e4 t\u00e4\u00e4ll\u00e4. En tied\u00e4 viel\u00e4. Aika n\u00e4ytt\u00e4\u00e4.\u201d<\/p>\n<p><img loading=\"lazy\" decoding=\"async\" alt=\"YouTube video\" width=\"480\" height=\"360\" data-pin-nopin=\"true\" nopin=\"nopin\" class=\"perfmatters-lazy\" src=\"https:\/\/www.europesays.com\/fi\/wp-content\/uploads\/2025\/12\/1764681011_881_hqdefault.jpg\"\/><\/p>\n<p>Lue my\u00f6s: <a href=\"https:\/\/www.inferno.fi\/uutiset\/gary-holt-paljasti-seuraavan-exodus-levyn-julkaisuajankohdan-se-on-niin-hyva-etta-itkettaa\/\" title=\"Gary Holt paljasti seuraavan Exodus-levyn julkaisuajankohdan \u2013 \u201dSe on niin hyv\u00e4 ett\u00e4 itkett\u00e4\u00e4\u201d\" class=\"underline-custom !font-montserrat !font-bold !underline-offset-4 !decoration-4 !decoration-red-600 !text-md\" rel=\"nofollow noopener\" target=\"_blank\">Gary Holt paljasti seuraavan Exodus-levyn julkaisuajankohdan \u2013 \u201dSe on niin hyv\u00e4 ett\u00e4 itkett\u00e4\u00e4\u201d<\/a><\/p>\n<p>Lue my\u00f6s: <a href=\"https:\/\/www.inferno.fi\/uutiset\/toinen-single-megadethin-tulevalta-levylta-julki-kuuntele-meneva-i-dont-care\/\" title=\"Toinen single Megadethin tulevalta levylt\u00e4 julki \u2013 kuuntele menev\u00e4 I Don\u2019t Care\" class=\"underline-custom !font-montserrat !font-bold !underline-offset-4 !decoration-4 !decoration-red-600 !text-md\" rel=\"nofollow noopener\" target=\"_blank\">Toinen single Megadethin tulevalta levylt\u00e4 julki \u2013 kuuntele menev\u00e4 I Don\u2019t Care<\/a><\/p>\n","protected":false},"excerpt":{"rendered":"Thrash metal -suuruus Megadeth julkaisee pian viimeisen pitk\u00e4soittonsa ja l\u00e4htee sen tiimoilta pitk\u00e4lle viimeiselle maailmankiertueelle. Kiertueen j\u00e4lkeen b\u00e4ndin&hellip;\n","protected":false},"author":2,"featured_media":106712,"comment_status":"","ping_status":"","sticky":false,"template":"","format":"standard","meta":{"footnotes":""},"categories":[132],"tags":[20064,137,33,31,30,195,47,32,109],"class_list":{"0":"post-106711","1":"post","2":"type-post","3":"status-publish","4":"format-standard","5":"has-post-thumbnail","7":"category-musiikki","8":"tag-elakoityminen","9":"tag-entertainment","10":"tag-fi","11":"tag-finland","12":"tag-finnish","13":"tag-music","14":"tag-musiikki","15":"tag-suomi","16":"tag-viihde"},"share_on_mastodon":{"url":"https:\/\/pubeurope.com\/@fi\/115656193847543821","error":""},"_links":{"self":[{"href":"https:\/\/www.europesays.com\/fi\/wp-json\/wp\/v2\/posts\/106711","targetHints":{"allow":["GET"]}}],"collection":[{"href":"https:\/\/www.europesays.com\/fi\/wp-json\/wp\/v2\/posts"}],"about":[{"href":"https:\/\/www.europesays.com\/fi\/wp-json\/wp\/v2\/types\/post"}],"author":[{"embeddable":true,"href":"https:\/\/www.europesays.com\/fi\/wp-json\/wp\/v2\/users\/2"}],"replies":[{"embeddable":true,"href":"https:\/\/www.europesays.com\/fi\/wp-json\/wp\/v2\/comments?post=106711"}],"version-history":[{"count":0,"href":"https:\/\/www.europesays.com\/fi\/wp-json\/wp\/v2\/posts\/106711\/revisions"}],"wp:featuredmedia":[{"embeddable":true,"href":"https:\/\/www.europesays.com\/fi\/wp-json\/wp\/v2\/media\/106712"}],"wp:attachment":[{"href":"https:\/\/www.europesays.com\/fi\/wp-json\/wp\/v2\/media?parent=106711"}],"wp:term":[{"taxonomy":"category","embeddable":true,"href":"https:\/\/www.europesays.com\/fi\/wp-json\/wp\/v2\/categories?post=106711"},{"taxonomy":"post_tag","embeddable":true,"href":"https:\/\/www.europesays.com\/fi\/wp-json\/wp\/v2\/tags?post=106711"}],"curies":[{"name":"wp","href":"https:\/\/api.w.org\/{rel}","templated":true}]}}