{"id":106713,"date":"2025-12-03T14:52:12","date_gmt":"2025-12-03T14:52:12","guid":{"rendered":"https:\/\/www.europesays.com\/fi\/106713\/"},"modified":"2025-12-03T14:52:12","modified_gmt":"2025-12-03T14:52:12","slug":"annikan-24-iso-unelma-tuhottiin-koska-han-on-nainen-koko-maailmani-romahti","status":"publish","type":"post","link":"https:\/\/www.europesays.com\/fi\/106713\/","title":{"rendered":"Annikan, 24, iso unelma tuhottiin, koska h\u00e4n on nainen: \u201dKoko maailmani romahti\u201d"},"content":{"rendered":"<p>Annika Malacinski kertoi, milt\u00e4 tuntuu kun suuri unelma vied\u00e4\u00e4n pois.<\/p>\n<p><img decoding=\"async\" class=\"image image-show image-preview\" src=\"https:\/\/www.europesays.com\/fi\/wp-content\/uploads\/2025\/12\/ba01b1a494abd3e099b5b3466c5fec512672217574fd5df72c5dea2e101cecad.jpg\" alt=\"\"\/><img decoding=\"async\" class=\"image image-show\" src=\"https:\/\/www.europesays.com\/fi\/wp-content\/uploads\/2025\/12\/1764773530_89_ba01b1a494abd3e099b5b3466c5fec512672217574fd5df72c5dea2e101cecad.jpg\" alt=\"\"\/><\/p>\n<p>Annika Malacinski tekee kaikkensa, ett\u00e4 naisten yhdistetty on mukana vuoden 2030 olympialaisissa. AOP<\/p>\n<p class=\"paragraph\">\u2013 Unelmani on viety minulta. Ei taitojeni takia, vaan sukupuoleni vuoksi.<\/p>\n<p class=\"paragraph\">N\u00e4in yhdistetyn urheilija <strong>Annika Malacinski<\/strong> toteaa <a href=\"https:\/\/www.instagram.com\/p\/DRNgsPpAgEr\/?utm_source=ig_embed\" target=\"_blank\" rel=\"noopener nofollow\">Instagramissa<\/a>. H\u00e4n viittaa lausunnollaan siihen, ettei naisten yhdistetty\u00e4 n\u00e4hd\u00e4 viel\u00e4k\u00e4\u00e4n olympialaisissa.<\/p>\n<p class=\"paragraph\">\u2013 Se tuntuu silt\u00e4 kuin joku sylkisi sinua kasvoihin. Kuin joku painaisi sinua alas ja sanoisi, ettet ole tarpeeksi hyv\u00e4 ollaksesi t\u00e4\u00e4ll\u00e4 huippujen kanssa, Malacinski kertoo nyt <a href=\"https:\/\/www.dagbladet.no\/sport\/spytter-meg-i-ansiktet\/83877965\" target=\"_blank\" rel=\"noopener nofollow\">Dagbladetin haastattelussa<\/a>.<\/p>\n<p class=\"paragraph\">Yhdistetty on ensi talven olympialaisissa ainoa laji, jossa kisaavat vain miehet.<\/p>\n<p class=\"paragraph\">\u2013 T\u00e4m\u00e4 on todella kivuliasta. Siksi omistan t\u00e4m\u00e4n vuoden taisteluun asiamme puolesta ja teen kaikkeni, jotta muutos tapahtuu. Minua ei kiinnosta, jos suututan jonkun. Jos KOK n\u00e4kee minut uhkana, en v\u00e4lit\u00e4. Haluan heid\u00e4n ottavan meid\u00e4t vakavasti.<\/p>\n<p class=\"paragraph\">Malacinskin mukaan h\u00e4n on yritt\u00e4nyt ottaa yhteytt\u00e4 Kansainv\u00e4liseen olympiakomiteaan (KOK) useita kertoja asian tiimoilta, mutta vastausta ja perusteluja ei ole tullut.<\/p>\n<p class=\"paragraph\">Malacinski haaveilee silti, ett\u00e4 naiset p\u00e4\u00e4sisiv\u00e4t kisaamaan yhdistetyss\u00e4 vuoden 2030 olympialaisissa. Jos niin ei k\u00e4y, h\u00e4n pelk\u00e4\u00e4, ett\u00e4 koko laji katoaa olympialaisista.<\/p>\n<p class=\"paragraph\">\u2013 Jos naiset eiv\u00e4t ole mukana 2030, sitten miehetk\u00e4\u00e4n eiv\u00e4t ole. Olympialaisia ei voida en\u00e4\u00e4 j\u00e4rjest\u00e4\u00e4 ilman tasa-arvoa, Malacinski arvelee.<\/p>\n<p class=\"paragraph\">Vuonna 2022 h\u00e4n oli aivan varma, ett\u00e4 ensi talven kisoissa naiset olisivat jo mukana. Niin ei kuitenkaan k\u00e4ynyt.<\/p>\n<p class=\"paragraph\">\u2013 Koko maailmani romahti, kun he tekiv\u00e4t sen p\u00e4\u00e4t\u00f6ksen. Olin tehnyt niin paljon t\u00f6it\u00e4 sen eteen. On raskasta k\u00e4yd\u00e4 sit\u00e4 taistelua sen ammattiurheilun ohessa.<\/p>\n<p class=\"paragraph\">Kun Dagbladet kysyi Kansainv\u00e4liselt\u00e4 olympiakomitealta, miksi naisten yhdistetty ei ole mukana ensi talven kisoissa, asiaa perusteltiin muun muassa katsojaluvuilla ja kilpailijoiden v\u00e4h\u00e4isell\u00e4 m\u00e4\u00e4r\u00e4ll\u00e4. Vuoden 2030 kisoista p\u00e4\u00e4tet\u00e4\u00e4n ensi vuonna.<\/p>\n<p class=\"paragraph\">Malacinskin \u00e4iti on suomalainen <strong>Essi Kentt\u00e4l\u00e4<\/strong>, mutta huippu-urheilija edustaa maailmancupissa is\u00e4ns\u00e4 <strong>Steve Malacinskin<\/strong> kotimaata Yhdysvaltoja.<\/p>\n<p class=\"paragraph\">My\u00f6s Malacinskin veli <strong>Niklas<\/strong>, 21, kisaa yhdistetyss\u00e4. H\u00e4nkin edustaa Suomen sijaan USA:ta. Sisarukset puhuvat silti sujuvaa suomea.<\/p>\n<p class=\"paragraph\">Jos kuva ei n\u00e4y laitteellasi, voit katsoa sen <a href=\"https:\/\/www.instagram.com\/p\/DRNgsPpAgEr\/?utm_source=ig_embed\" target=\"_blank\" rel=\"noopener nofollow\">t\u00e4\u00e4lt\u00e4<\/a>.<\/p>\n<p><a href=\"https:\/\/www.iltalehti.fi\/telkku\/?utm_source=iltalehti.fi&amp;utm_medium=almainternal&amp;utm_campaign=urheilu_artikkelibanneri&amp;utm_content=banner_612_a\" rel=\"nofollow noopener\" target=\"_blank\"><img decoding=\"async\" src=\"https:\/\/www.europesays.com\/fi\/wp-content\/uploads\/2025\/08\/7ef604e47d46ca174b7df4149bd3557dbde56a86d520f8e1b2125548b0a2e03a.png\" alt=\"TV-ohjelmat t\u00e4n\u00e4\u00e4n, TV-opas\"\/><\/a><script async src=\"\/\/www.instagram.com\/embed.js\"><\/script><\/p>\n","protected":false},"excerpt":{"rendered":"Annika Malacinski kertoi, milt\u00e4 tuntuu kun suuri unelma vied\u00e4\u00e4n pois. Annika Malacinski tekee kaikkensa, ett\u00e4 naisten yhdistetty on&hellip;\n","protected":false},"author":2,"featured_media":106714,"comment_status":"","ping_status":"","sticky":false,"template":"","format":"standard","meta":{"footnotes":""},"categories":[158],"tags":[35,33,31,30,101,100,41,98,159,32,160,161],"class_list":{"0":"post-106713","1":"post","2":"type-post","3":"status-publish","4":"format-standard","5":"has-post-thumbnail","7":"category-urheilu","8":"tag-24h","9":"tag-fi","10":"tag-finland","11":"tag-finnish","12":"tag-ihmissuhteet","13":"tag-lapset-ja-nuoret","14":"tag-liikunta-ja-urheilu","15":"tag-perhe","16":"tag-sports","17":"tag-suomi","18":"tag-urheilu","19":"tag-urheilutapahtumat"},"share_on_mastodon":{"url":"https:\/\/pubeurope.com\/@fi\/115656205777055458","error":""},"_links":{"self":[{"href":"https:\/\/www.europesays.com\/fi\/wp-json\/wp\/v2\/posts\/106713","targetHints":{"allow":["GET"]}}],"collection":[{"href":"https:\/\/www.europesays.com\/fi\/wp-json\/wp\/v2\/posts"}],"about":[{"href":"https:\/\/www.europesays.com\/fi\/wp-json\/wp\/v2\/types\/post"}],"author":[{"embeddable":true,"href":"https:\/\/www.europesays.com\/fi\/wp-json\/wp\/v2\/users\/2"}],"replies":[{"embeddable":true,"href":"https:\/\/www.europesays.com\/fi\/wp-json\/wp\/v2\/comments?post=106713"}],"version-history":[{"count":0,"href":"https:\/\/www.europesays.com\/fi\/wp-json\/wp\/v2\/posts\/106713\/revisions"}],"wp:featuredmedia":[{"embeddable":true,"href":"https:\/\/www.europesays.com\/fi\/wp-json\/wp\/v2\/media\/106714"}],"wp:attachment":[{"href":"https:\/\/www.europesays.com\/fi\/wp-json\/wp\/v2\/media?parent=106713"}],"wp:term":[{"taxonomy":"category","embeddable":true,"href":"https:\/\/www.europesays.com\/fi\/wp-json\/wp\/v2\/categories?post=106713"},{"taxonomy":"post_tag","embeddable":true,"href":"https:\/\/www.europesays.com\/fi\/wp-json\/wp\/v2\/tags?post=106713"}],"curies":[{"name":"wp","href":"https:\/\/api.w.org\/{rel}","templated":true}]}}