{"id":106718,"date":"2025-12-03T14:57:09","date_gmt":"2025-12-03T14:57:09","guid":{"rendered":"https:\/\/www.europesays.com\/fi\/106718\/"},"modified":"2025-12-03T14:57:09","modified_gmt":"2025-12-03T14:57:09","slug":"orpo-myontaa-karun-tilanteen-suomi-tai-eurooppa-ei-ole-moskovan-rauhanneuvotteluissa","status":"publish","type":"post","link":"https:\/\/www.europesays.com\/fi\/106718\/","title":{"rendered":"Orpo my\u00f6nt\u00e4\u00e4 karun tilanteen: Suomi tai Eurooppa ei ole Moskovan rauhanneuvotteluissa"},"content":{"rendered":"<p>Suomi paaluttanut, ett\u00e4 Ukrainaan on saatava oikeudenmukainen rauha. P\u00e4\u00e4ministeri sanoo, ett\u00e4 t\u00e4ydellist\u00e4 rauhaa tuskin syntyy.<\/p>\n<p class=\"article-body mb-nof-24 px-nof-16\">Suomalaiset p\u00e4\u00e4tt\u00e4j\u00e4t niin hallituksesta kuin oppositiosta ovat painottaneet toistuvasti, ett\u00e4 Ukrainaan on saatava oikeudenmukainen rauha ja ett\u00e4 eurooppalaisten p\u00e4iden yli ei voida sopia asioista.<\/p>\n<p class=\"article-body mb-nof-24 px-nof-16\">Nyt my\u00f6s monesti n\u00e4in puhunut tasavallan presidentti <a class=\"article-personlink\" href=\"https:\/\/www.is.fi\/haku\/?query=Alexander%20Stubb\" rel=\"nofollow noopener\" target=\"_blank\">Alexander Stubb<\/a> <a class=\"article-genericlink\" href=\"https:\/\/www.mtvuutiset.fi\/artikkeli\/stubb-suomalaisten-on-valmistauduttava-epaoikeudenmukaisiin-rauhanehtoihin-ukrainan-sodassa\/9264122\" rel=\"nofollow noopener\" target=\"_blank\">sanoi<\/a> MTV:lle, ett\u00e4 suomalaisten on valmistauduttava ep\u00e4oikeudenmukaiseen rauhaan Ukrainassa.<\/p>\n<p class=\"article-body mb-nof-24 px-nof-16\">P\u00e4\u00e4ministeri <a class=\"article-personlink\" href=\"https:\/\/www.is.fi\/haku\/?query=Petteri%20Orpo\" rel=\"nofollow noopener\" target=\"_blank\">Petteri Orpo<\/a> (kok) my\u00f6nt\u00e4\u00e4, ett\u00e4 Eurooppa on j\u00e4tetty Moskovassa k\u00e4yt\u00e4vien Ukrainan rauhanneuvotteluiden ulkopuolelle.<\/p>\n<p class=\"article-body mb-nof-24 px-nof-16\">\u2013 Suomi tai Eurooppa ei ole Moskovassa, se on totta. Mutta Eurooppa on ollut kyll\u00e4 mukana paljonkin, Orpo sanoi IS:lle eduskunnassa.<\/p>\n<p class=\"article-body mb-nof-24 px-nof-16\">Orpon mukaan \u201dep\u00e4mieluisaan\u201d 28 kohdan listaan, eli Yhdysvaltain presidentin <a class=\"article-personlink\" href=\"https:\/\/www.is.fi\/haku\/?query=Donald%20Trumpin\" rel=\"nofollow noopener\" target=\"_blank\">Donald Trumpin<\/a> <a class=\"article-genericlink\" href=\"https:\/\/www.axios.com\/2025\/11\/20\/trump-ukraine-peace-plan-28-points-russia?gsid=0c5d0b70-3c80-4d22-9bd2-0f8b1c3a4ebb\" rel=\"nofollow noopener\" target=\"_blank\">rauhansuunnitelmaan<\/a>, on pyritty vaikuttamaan ja onnistuttukin siin\u00e4.<\/p>\n<p class=\"article-body mb-nof-24 px-nof-16\">\u2013 Se on kehittynyt paljon. Meill\u00e4 on jatkuva yhteys Yhdysvaltoihin, mutta emme kielt\u00e4m\u00e4tt\u00e4 ole Eurooppana Moskovan neuvotteluissa, mik\u00e4 ei ole hyv\u00e4 asia, mutta siihen pyrit\u00e4\u00e4n vaikuttamaan ja on vaikutettu niin paljon kuin mahdollista.<\/p>\n<p class=\"article-body mb-nof-24 px-nof-16\">Orpon mukaan presidentti Stubb valmisteli ulostulollaan suomalaisia siihen, ett\u00e4 rauhanehdoissa ei kaikilta osin toteudu se, mit\u00e4 suomalaiset ovat vaatineet.<\/p>\n<p class=\"article-body mb-nof-24 px-nof-16\">\u2013 Meill\u00e4 selke\u00e4 l\u00e4ht\u00f6kohta on se, ett\u00e4 Ven\u00e4j\u00e4 on vastoin kansainv\u00e4list\u00e4 oikeutta laittomasti hy\u00f6k\u00e4nnyt itsen\u00e4isen maan kimppuun, pyrkii siirt\u00e4m\u00e4\u00e4n rajoja ja vaikuttamaan Ukrainan itsen\u00e4isyyteen ja suvereniteettiin. Me tietenkin tuemme edelleen t\u00e4ysin Ukrainaa.<\/p>\n<p class=\"article-body mb-nof-24 px-nof-16\">Orpon mukaan Suomi on valmis hyv\u00e4ksym\u00e4\u00e4n sellaiset rauhanehdot, jotka Ukraina hyv\u00e4ksyy.<\/p>\n<p class=\"article-body mb-nof-24 px-nof-16\">\u2013 Sen takia minun mielest\u00e4ni on turha spekuloida viel\u00e4, mink\u00e4lainen se ratkaisu voi olla. Mutta on n\u00e4ht\u00e4viss\u00e4, ett\u00e4 t\u00e4ydellist\u00e4 rauhaa Ukrainan ja Euroopan n\u00e4k\u00f6kulmasta tuskin syntyy. Mutta pidet\u00e4\u00e4n huolta osaltamme, ett\u00e4 se on paras mahdollinen.<\/p>\n<p class=\"article-body mb-nof-24 px-nof-16\">Orpo painottaa, ett\u00e4 Suomi on ollut voimakkaasti vaikuttamassa siihen, ett\u00e4 Yhdysvaltojen, Ukrainan ja Ven\u00e4j\u00e4n kesken k\u00e4ydyiss\u00e4 neuvotteluissa ei ole p\u00f6yd\u00e4ll\u00e4 asioita, jotka kuuluvat Euroopan unionille, Natolle tai yksitt\u00e4isille j\u00e4senmaille, kuten Suomelle.<\/p>\n<p class=\"article-body mb-nof-24 px-nof-16\">Orpon mukaan Suomi on vaikuttanut uuteen rauhansuunnitelmaan \u201dkaikissa mahdollisissa p\u00f6ydiss\u00e4\u201d.<\/p>\n<p class=\"article-body mb-nof-24 px-nof-16\">\u2013 Suorissa yhteyksiss\u00e4 allekirjoittanut muun muassa laajasti Euroopan unionin kollegoihin ja Euroopan unionin johtoon, (<a class=\"article-personlink\" href=\"https:\/\/www.is.fi\/haku\/?query=Antonio\" rel=\"nofollow noopener\" target=\"_blank\">Antonio<\/a>) <a class=\"article-personlink\" href=\"https:\/\/www.is.fi\/haku\/?query=Costaan\" rel=\"nofollow noopener\" target=\"_blank\">Costaan<\/a>, (<a class=\"article-personlink\" href=\"https:\/\/www.is.fi\/haku\/?query=Ursula\" rel=\"nofollow noopener\" target=\"_blank\">Ursula<\/a>) <a class=\"article-personlink\" href=\"https:\/\/www.is.fi\/haku\/?query=von%20der%20Leyeniin\" rel=\"nofollow noopener\" target=\"_blank\">von der Leyeniin<\/a>. Presidentill\u00e4 on omat tiiviit yhteytens\u00e4 laajemmin coaltion of willingin (halukkaiden koalition) kautta. Meill\u00e4 on my\u00f6skin hyv\u00e4t yhteydet Ukrainaan ja Yhdysvaltoihin, Orpo kertoo.<\/p>\n<p class=\"article-body mb-nof-24 px-nof-16\">H\u00e4nen mukaansa my\u00f6s ulkoministeri <a class=\"article-personlink\" href=\"https:\/\/www.is.fi\/haku\/?query=Elina%20Valtonen\" rel=\"nofollow noopener\" target=\"_blank\">Elina Valtonen<\/a> (kok) tekee koko ajan t\u00f6it\u00e4 asian eteen.<\/p>\n<p class=\"article-body mb-nof-24 px-nof-16\">Presidentti <a class=\"article-personlink\" href=\"https:\/\/www.is.fi\/haku\/?query=Sauli%20Niinist%C3%B6n\" rel=\"nofollow noopener\" target=\"_blank\">Sauli Niinist\u00f6n<\/a> <a class=\"article-genericlink\" href=\"https:\/\/yle.fi\/a\/74-20196958?origin=rss\" rel=\"nofollow noopener\" target=\"_blank\">mielest\u00e4<\/a> Euroopan pit\u00e4isi ryhty\u00e4 k\u00e4ym\u00e4\u00e4n suoria keskusteluja Ven\u00e4j\u00e4n kanssa, jotta Ven\u00e4j\u00e4 ja Yhdysvallat eiv\u00e4t puhuisi Euroopan yli.<\/p>\n<p class=\"article-body mb-nof-24 px-nof-16\">Niinist\u00f6ll\u00e4 itsell\u00e4\u00e4n on pitk\u00e4 kokemus toimimisesta <a class=\"article-personlink\" href=\"https:\/\/www.is.fi\/haku\/?query=Vladimir%20Putinin\" rel=\"nofollow noopener\" target=\"_blank\">Vladimir Putinin<\/a> kanssa. Perussuomalaisten entinen kansanedustaja <a class=\"article-personlink\" href=\"https:\/\/www.is.fi\/haku\/?query=Veikko%20Vallin\" rel=\"nofollow noopener\" target=\"_blank\">Veikko Vallin<\/a> <a class=\"article-genericlink\" href=\"https:\/\/x.com\/MailVeikko\/status\/1995760408230068358\" rel=\"nofollow\">ehdotti<\/a> pikaviestipalvelu X:ss\u00e4, ett\u00e4 Niinist\u00f6 pit\u00e4isi l\u00e4hett\u00e4\u00e4 neuvottelemaan rauhasta Putinin kanssa.<\/p>\n<p class=\"article-body mb-nof-24 px-nof-16\">\u2013 Se tulee se hetki, milloin Euroopan pit\u00e4\u00e4 my\u00f6s keskustella Ven\u00e4j\u00e4n kanssa, mutta se pit\u00e4\u00e4 tehd\u00e4 Euroopassa yhdess\u00e4 keskustellen sopien kuka, koska ja mit\u00e4.<\/p>\n<p class=\"article-body mb-nof-24 px-nof-16\">Eli ette kannata Niinist\u00f6n keskusteluja Putinin kanssa?<\/p>\n<p class=\"article-body mb-nof-24 px-nof-16\">\u2013 En ota kantaa siihen ollenkaan, koska kuulin asiasta nyt ensimm\u00e4isen kerran, Orpo vastaa.<\/p>\n","protected":false},"excerpt":{"rendered":"Suomi paaluttanut, ett\u00e4 Ukrainaan on saatava oikeudenmukainen rauha. P\u00e4\u00e4ministeri sanoo, ett\u00e4 t\u00e4ydellist\u00e4 rauhaa tuskin syntyy. Suomalaiset p\u00e4\u00e4tt\u00e4j\u00e4t niin&hellip;\n","protected":false},"author":2,"featured_media":106719,"comment_status":"","ping_status":"","sticky":false,"template":"","format":"standard","meta":{"footnotes":""},"categories":[14],"tags":[22,23,26,27,33,31,30,17,34,24,25,28,29,15,18,21,32,19,20,56,16,59,60,61],"class_list":{"0":"post-106718","1":"post","2":"type-post","3":"status-publish","4":"format-standard","5":"has-post-thumbnail","7":"category-ulkomaat","8":"tag-breaking-news","9":"tag-breakingnews","10":"tag-featured-news","11":"tag-featurednews","12":"tag-fi","13":"tag-finland","14":"tag-finnish","15":"tag-headlines","16":"tag-ilta-sanomat","17":"tag-latest-news","18":"tag-latestnews","19":"tag-main-news","20":"tag-mainnews","21":"tag-news","22":"tag-otsikot","23":"tag-paauutiset","24":"tag-suomi","25":"tag-top-stories","26":"tag-topstories","27":"tag-ulkomaat","28":"tag-uutiset","29":"tag-world","30":"tag-world-news","31":"tag-worldnews"},"share_on_mastodon":{"url":"https:\/\/pubeurope.com\/@fi\/115656225289678043","error":""},"_links":{"self":[{"href":"https:\/\/www.europesays.com\/fi\/wp-json\/wp\/v2\/posts\/106718","targetHints":{"allow":["GET"]}}],"collection":[{"href":"https:\/\/www.europesays.com\/fi\/wp-json\/wp\/v2\/posts"}],"about":[{"href":"https:\/\/www.europesays.com\/fi\/wp-json\/wp\/v2\/types\/post"}],"author":[{"embeddable":true,"href":"https:\/\/www.europesays.com\/fi\/wp-json\/wp\/v2\/users\/2"}],"replies":[{"embeddable":true,"href":"https:\/\/www.europesays.com\/fi\/wp-json\/wp\/v2\/comments?post=106718"}],"version-history":[{"count":0,"href":"https:\/\/www.europesays.com\/fi\/wp-json\/wp\/v2\/posts\/106718\/revisions"}],"wp:featuredmedia":[{"embeddable":true,"href":"https:\/\/www.europesays.com\/fi\/wp-json\/wp\/v2\/media\/106719"}],"wp:attachment":[{"href":"https:\/\/www.europesays.com\/fi\/wp-json\/wp\/v2\/media?parent=106718"}],"wp:term":[{"taxonomy":"category","embeddable":true,"href":"https:\/\/www.europesays.com\/fi\/wp-json\/wp\/v2\/categories?post=106718"},{"taxonomy":"post_tag","embeddable":true,"href":"https:\/\/www.europesays.com\/fi\/wp-json\/wp\/v2\/tags?post=106718"}],"curies":[{"name":"wp","href":"https:\/\/api.w.org\/{rel}","templated":true}]}}