{"id":106724,"date":"2025-12-03T15:11:08","date_gmt":"2025-12-03T15:11:08","guid":{"rendered":"https:\/\/www.europesays.com\/fi\/106724\/"},"modified":"2025-12-03T15:11:08","modified_gmt":"2025-12-03T15:11:08","slug":"mielipuolinen-mekko-patrik-laineen-vaimon-lapikuultava-asu-kohahduttaa","status":"publish","type":"post","link":"https:\/\/www.europesays.com\/fi\/106724\/","title":{"rendered":"&#8221;Mielipuolinen mekko&#8221; \u2013 Patrik Laineen vaimon l\u00e4pikuultava asu kohahduttaa"},"content":{"rendered":"<p>NHL-joukkue Montreal Canadiensin suomalaisvahvistus <strong>Patrik Laine<\/strong> vastaanotti vaimonsa <strong>Jordan Leigh Laineen<\/strong> kanssa palkinnon pariskunnan tekem\u00e4st\u00e4 mielenterveysty\u00f6st\u00e4.<\/p>\n<p>Laineet yll\u00e4pit\u00e4v\u00e4t From us to you -j\u00e4rjest\u00f6\u00e4, jonka tarkoituksena on toimia mielenterveysongelmien kanssa painiville ihmisille turvallisena paikkana jakaa ja saada vertaistukea tilanteeseensa, sek\u00e4 v\u00e4hent\u00e4\u00e4 mielenterveysongelmiin liittyv\u00e4\u00e4 stigmaa.<\/p>\n<p>Lue my\u00f6s: <a href=\"https:\/\/www.voice.fi\/urheilu\/a-236606\" title=\"Suomalaisten suosikkiurheilija 2025 on nimetty\" class=\"underline-custom !font-montserrat !font-bold !underline-offset-4 !decoration-4 !decoration-tilt-light !text-md\" rel=\"nofollow noopener\" target=\"_blank\">Suomalaisten suosikkiurheilija 2025 on nimetty<\/a><\/p>\n<p>Lue my\u00f6s: <a href=\"https:\/\/www.voice.fi\/ilmiot\/a-120591\" title=\"Annukka tekee uskomattomia piirustuksia suomalaisjulkkiksista \u2013 katso\" class=\"underline-custom !font-montserrat !font-bold !underline-offset-4 !decoration-4 !decoration-tilt-light !text-md\" rel=\"nofollow noopener\" target=\"_blank\">Annukka tekee uskomattomia piirustuksia suomalaisjulkkiksista \u2013 katso<\/a><\/p>\n<p>Rouva Laine jakoi <a href=\"https:\/\/www.instagram.com\/jordanleighlaine\/\" target=\"_blank\" rel=\"noreferrer noopener nofollow\">Instagram-tilill\u00e4\u00e4n<\/a> p\u00e4ivityksen, jossa h\u00e4n kiitti heille osoitetusta kunniasta ja jakoi kuvia gaalasta.<\/p>\n<p>Pari edusti juhlassa upeassa punaisessa tyyliss\u00e4. Patrik oli pukeutunut viininpunaiseen, violetilla kuvioituun pukuun, mustaan kauluspaitaan sek\u00e4 valkoisiin kenkiin.<\/p>\n<p>Jordanilla oli yll\u00e4\u00e4n kaunis l\u00e4pikuultava ja kimalteleva mekko, joka sai somen kirkumaan.<\/p>\n<p>Lue my\u00f6s: <a href=\"https:\/\/www.voice.fi\/urheilu\/a-167296\" title=\"Kiekkofanit, huomio! Uudessa podcast-ohjelmassa kurkistetaan kulissien taa\" class=\"underline-custom !font-montserrat !font-bold !underline-offset-4 !decoration-4 !decoration-tilt-light !text-md\" rel=\"nofollow noopener\" target=\"_blank\">Kiekkofanit, huomio! Uudessa podcast-ohjelmassa kurkistetaan kulissien taa<\/a><\/p>\n<p>Lue my\u00f6s: <a href=\"https:\/\/www.voice.fi\/urheilu\/a-159593\" title=\"Patrik Laine huikeassa iskussa \u2013 seuraavaksi rikkoutuvat Crosbyn ja Gretzkyn enn\u00e4tykset\" class=\"underline-custom !font-montserrat !font-bold !underline-offset-4 !decoration-4 !decoration-tilt-light !text-md\" rel=\"nofollow noopener\" target=\"_blank\">Patrik Laine huikeassa iskussa \u2013 seuraavaksi rikkoutuvat Crosbyn ja Gretzkyn enn\u00e4tykset<\/a><\/p>\n<p>\u2013 Rakastan asujanne.<\/p>\n<p>\u2013 Tuo mekko on mielipuolinen!<\/p>\n<p>\u2013 Vautsi.<\/p>\n<p>\u2013 Voi luoja mik\u00e4 mekko.<\/p>\n<p>\u2013 N\u00e4yt\u00e4tte mielett\u00f6m\u00e4n upeilta.<\/p>\n<p>\u2013 Kuolaan t\u00e4lle kuvalle.<\/p>\n<p>\u2013 Leuka putosi!<\/p>\n<p>\t\t\t\t\t<script async src=\"\/\/www.instagram.com\/embed.js\"><\/script><\/p>\n","protected":false},"excerpt":{"rendered":"NHL-joukkue Montreal Canadiensin suomalaisvahvistus Patrik Laine vastaanotti vaimonsa Jordan Leigh Laineen kanssa palkinnon pariskunnan tekem\u00e4st\u00e4 mielenterveysty\u00f6st\u00e4. Laineet yll\u00e4pit\u00e4v\u00e4t&hellip;\n","protected":false},"author":2,"featured_media":106725,"comment_status":"","ping_status":"","sticky":false,"template":"","format":"standard","meta":{"footnotes":""},"categories":[136],"tags":[407,137,33,31,30,408,20065,14780,32,109],"class_list":{"0":"post-106724","1":"post","2":"type-post","3":"status-publish","4":"format-standard","5":"has-post-thumbnail","7":"category-julkkikset","8":"tag-celebrities","9":"tag-entertainment","10":"tag-fi","11":"tag-finland","12":"tag-finnish","13":"tag-julkkikset","14":"tag-lu00e4pikuultava","15":"tag-mekko","16":"tag-suomi","17":"tag-viihde"},"share_on_mastodon":{"url":"https:\/\/pubeurope.com\/@fi\/115656280213087542","error":""},"_links":{"self":[{"href":"https:\/\/www.europesays.com\/fi\/wp-json\/wp\/v2\/posts\/106724","targetHints":{"allow":["GET"]}}],"collection":[{"href":"https:\/\/www.europesays.com\/fi\/wp-json\/wp\/v2\/posts"}],"about":[{"href":"https:\/\/www.europesays.com\/fi\/wp-json\/wp\/v2\/types\/post"}],"author":[{"embeddable":true,"href":"https:\/\/www.europesays.com\/fi\/wp-json\/wp\/v2\/users\/2"}],"replies":[{"embeddable":true,"href":"https:\/\/www.europesays.com\/fi\/wp-json\/wp\/v2\/comments?post=106724"}],"version-history":[{"count":0,"href":"https:\/\/www.europesays.com\/fi\/wp-json\/wp\/v2\/posts\/106724\/revisions"}],"wp:featuredmedia":[{"embeddable":true,"href":"https:\/\/www.europesays.com\/fi\/wp-json\/wp\/v2\/media\/106725"}],"wp:attachment":[{"href":"https:\/\/www.europesays.com\/fi\/wp-json\/wp\/v2\/media?parent=106724"}],"wp:term":[{"taxonomy":"category","embeddable":true,"href":"https:\/\/www.europesays.com\/fi\/wp-json\/wp\/v2\/categories?post=106724"},{"taxonomy":"post_tag","embeddable":true,"href":"https:\/\/www.europesays.com\/fi\/wp-json\/wp\/v2\/tags?post=106724"}],"curies":[{"name":"wp","href":"https:\/\/api.w.org\/{rel}","templated":true}]}}