{"id":106742,"date":"2025-12-03T15:25:08","date_gmt":"2025-12-03T15:25:08","guid":{"rendered":"https:\/\/www.europesays.com\/fi\/106742\/"},"modified":"2025-12-03T15:25:08","modified_gmt":"2025-12-03T15:25:08","slug":"tunnelma-sote-valiokunnassa-kiristyy-krista-kiurua-syytetaan-jalleen-jarruttamisesta","status":"publish","type":"post","link":"https:\/\/www.europesays.com\/fi\/106742\/","title":{"rendered":"Tunnelma sote-valiokunnassa kiristyy \u2013 Krista Kiurua syytet\u00e4\u00e4n j\u00e4lleen jarruttamisesta"},"content":{"rendered":"<p>Kiuru kuvailee sosiaali- ja terveysvaliokunnan ty\u00f6painetta \u201dsanoin kuvaamattomaksi\u201d.<\/p>\n<p class=\"article-body mb-nof-24 px-nof-16\">Sosiaali- ja terveysvaliokunnan puheenjohtajaa <a class=\"article-personlink\" href=\"https:\/\/www.is.fi\/haku\/?query=Krista%20Kiurua\" rel=\"nofollow noopener\" target=\"_blank\">Krista Kiurua<\/a> (sd) syytet\u00e4\u00e4n j\u00e4lleen hallituksen lakiesitysten k\u00e4sittelyn jarruttamisesta.<\/p>\n<p class=\"article-body mb-nof-24 px-nof-16\">\u2013 T\u00e4ll\u00e4 hetkell\u00e4 on vahvasti ilmassa opposition ja puheenjohtajan viivytys hallituksen budjettilakien osalta. Sanoisin, ett\u00e4 aivan k\u00e4sitt\u00e4m\u00e4t\u00f6nt\u00e4 toimintaa, sosiaali- ja terveysvaliokunnan j\u00e4sen <a class=\"article-personlink\" href=\"https:\/\/www.is.fi\/haku\/?query=Pia%20Sillanp%C3%A4%C3%A4\" rel=\"nofollow noopener\" target=\"_blank\">Pia Sillanp\u00e4\u00e4<\/a> (ps) kommentoi IS:lle.<\/p>\n<p class=\"article-body mb-nof-24 px-nof-16\">\u2013 T\u00e4m\u00e4 on nyt kolmas syksy, kun t\u00e4t\u00e4 samaa todistetaan. En k\u00e4sit\u00e4, ett\u00e4 puheenjohtaja toimii kyseisell\u00e4 tavalla, Sillanp\u00e4\u00e4 jatkaa.<\/p>\n<p><img decoding=\"async\" src=\"https:\/\/www.europesays.com\/fi\/wp-content\/uploads\/2025\/12\/1764775508_1_468.jpg\" alt=\"Pia Sillanp\u00e4\u00e4 (ps) ja Mia Laiho (kok) katsovat, ett\u00e4 sosiaali- ja terveysvaliokunnassa tehd\u00e4\u00e4n aivan normaalia lainvalmistelua.\" class=\"_Img_1rerz_1\" style=\"aspect-ratio:1.3333333333333333\" loading=\"eager\"\/><\/p>\n<p class=\"article-picture-caption\">Pia Sillanp\u00e4\u00e4 (ps) ja Mia Laiho (kok) katsovat, ett\u00e4 sosiaali- ja terveysvaliokunnassa tehd\u00e4\u00e4n aivan normaalia lainvalmistelua. Kuva:\u00a0Olli Waris \/ IS<\/p>\n<p class=\"article-body mb-nof-24 px-nof-16\">Sillanp\u00e4\u00e4 <a class=\"article-genericlink\" href=\"https:\/\/www.is.fi\/politiikka\/art-2000010895739.html\" rel=\"nofollow noopener\" target=\"_blank\">esitti<\/a> saman syyt\u00f6ksen jo vuosi sitten, jolloin sosiaali- ja terveysvaliokunnan tulehtunut tilanne nousi laajasti otsikoihin.<\/p>\n<p class=\"article-body mb-nof-24 px-nof-16\">Nyt valiokunnan tunnelma on j\u00e4lleen kiristynyt.<\/p>\n<p class=\"article-body mb-nof-24 px-nof-16\">Kiuru kuvasi keskiviikkona medialle valiokunnan ty\u00f6painetta \u201dsanoin kuvaamattomaksi\u201d ja arvosteli hallituksen lakiesitysten laatua.<\/p>\n<p class=\"article-body mb-nof-24 px-nof-16\">\u2013 N\u00e4iden budjettilakien ja kiireellisten lakien heikkoutena on ollut t\u00e4m\u00e4 tauti, joka on vaivannut jo muinakin syksyin\u00e4, osa n\u00e4ist\u00e4 esityksist\u00e4 on niin huonosti valmisteltuja, ett\u00e4 niiden ongelmat ovat n\u00e4kyviss\u00e4 eduskunnassa, Kiuru muotoili.<\/p>\n<p class=\"article-body mb-nof-24 px-nof-16\">Kiuru <a class=\"article-genericlink\" href=\"https:\/\/www.is.fi\/politiikka\/art-2000011656807.html\" rel=\"nofollow noopener\" target=\"_blank\">sanoi<\/a> IS:lle jo perjantaina, ett\u00e4 ongelmia on erityisesti \u201dapteekkitalouden leikkausesityksess\u00e4, digitaalisuuden edist\u00e4mist\u00e4 vanhuspalveluissa koskevassa laissa sek\u00e4 perustoimeentuloturvaa leikkaavassa laissa\u201d.<\/p>\n<p class=\"article-body mb-nof-24 px-nof-16\">VanhusTEN digilain k\u00e4sittely keskeytyi valiokunnassa keskiviikkona, koska valiokunnassa tuli kannatettu p\u00f6yd\u00e4llepanoehdotus eli asian k\u00e4sittely\u00e4 p\u00e4\u00e4tettiin lyk\u00e4t\u00e4.<\/p>\n<p class=\"article-body mb-nof-24 px-nof-16\">Kiurun mukaan valiokunnan tulisi nyt linjata, l\u00e4hetet\u00e4\u00e4nk\u00f6 kiistanalaiset lakiesitykset takaisin perustuslakivaliokuntaan.<\/p>\n<p class=\"article-body mb-nof-24 px-nof-16\">\u2013 K\u00e4yt\u00e4nn\u00f6ss\u00e4 perjantaiaamup\u00e4iv\u00e4\u00e4n menness\u00e4 pit\u00e4isi tiet\u00e4\u00e4, mik\u00e4 kokonaisuuksista saadaan eteenp\u00e4in. Olemme edenneet etanavauhtia, mutta ehk\u00e4 t\u00e4m\u00e4 vauhti saadaan t\u00e4st\u00e4 p\u00e4\u00e4lle.<\/p>\n<p class=\"article-body mb-nof-24 px-nof-16\">Kaikki kiistellyt lakiesitykset ovat niin sanottuja budjettilakeja eli ne on tarkoitus nuijia viel\u00e4 t\u00e4m\u00e4n vuoden aikana, jotta ne voivat astua voimaan vuoden alusta ja tuottaa suunnitellut s\u00e4\u00e4st\u00f6t.<\/p>\n<p><img decoding=\"async\" src=\"https:\/\/www.europesays.com\/fi\/wp-content\/uploads\/2025\/12\/1764775508_193_468.jpg\" alt=\"Kiurun mukaan \u201dvaikein h\u00e4nt\u00e4\u201d hallituksen lakiesityksist\u00e4 on viel\u00e4 p\u00f6yd\u00e4ll\u00e4. Kiuru kertoi perustuslakivaliokunnan k\u00e4sitelleen jo kaikkia kolmea lakiesityst\u00e4 ja l\u00f6yt\u00e4neen niist\u00e4 kaikista ongelmia.\" class=\"_Img_1rerz_1\" style=\"aspect-ratio:1.5011727912431587\" loading=\"eager\"\/><\/p>\n<p class=\"article-picture-caption\">Kiurun mukaan \u201dvaikein h\u00e4nt\u00e4\u201d hallituksen lakiesityksist\u00e4 on viel\u00e4 p\u00f6yd\u00e4ll\u00e4. Kiuru kertoi perustuslakivaliokunnan k\u00e4sitelleen jo kaikkia kolmea lakiesityst\u00e4 ja l\u00f6yt\u00e4neen niist\u00e4 kaikista ongelmia. Kuva:\u00a0Markku Ulander<\/p>\n<p class=\"article-body mb-nof-24 px-nof-16\">Sosiaali- ja terveysvaliokunnan varapuheenjohtaja<a class=\"article-personlink\" href=\"https:\/\/www.is.fi\/haku\/?query=%20Mia%20Laihon\" rel=\"nofollow noopener\" target=\"_blank\"> Mia Laihon<\/a> (kok) mukaan valiokunnan tulisi k\u00e4ytt\u00e4\u00e4 ty\u00f6aikaansa intensiivisesti ja tehokkaasti.<\/p>\n<p class=\"article-body mb-nof-24 px-nof-16\">Lakiesitysten laatua koskevaan kritiikkiin Laiho ei ota suoraan kantaa.<\/p>\n<p class=\"article-body mb-nof-24 px-nof-16\">\u2013 Meid\u00e4n teht\u00e4v\u00e4n\u00e4 on kiinnitt\u00e4\u00e4 huomiota, jos siell\u00e4 on jotakin sellaista, joka vaatii tarkennuksia, kuten on tehtykin.<\/p>\n<p class=\"article-body mb-nof-24 px-nof-16\">Sosiaali- ja terveysvaliokunnan j\u00e4sen<a class=\"article-personlink\" href=\"https:\/\/www.is.fi\/haku\/?query=%20Aino-Kaisa%20Pekonen\" rel=\"nofollow noopener\" target=\"_blank\"> Aino-Kaisa Pekonen<\/a> (vas) katsoo, ett\u00e4 kiistanalaiset lakiesitykset tulisi k\u00e4sitell\u00e4 vasta helmikuussa eduskunnan istuntokauden alussa.<\/p>\n<p class=\"article-body mb-nof-24 px-nof-16\">\u2013 Esimerkiksi ihmisten koteihin asennettaisiin valvontakameroita ilman, ett\u00e4 ihmiset antaisivat siihen suostumustaan. Onhan se sen kokoluokan kysymys, ett\u00e4 todella toivon, ett\u00e4 eduskunta ei mene sellaista p\u00e4\u00e4t\u00f6st\u00e4 tekem\u00e4\u00e4n ilman, ett\u00e4 se on viel\u00e4 kertaalleen perustuslakivaliokunnassa k\u00e4ytetty.<\/p>\n<p class=\"article-body mb-nof-24 px-nof-16\">My\u00f6s valiokunnan j\u00e4senet<a class=\"article-personlink\" href=\"https:\/\/www.is.fi\/haku\/?query=%20Ville%20Merinen\" rel=\"nofollow noopener\" target=\"_blank\"> Ville Merinen<\/a> (sd) ja <a class=\"article-personlink\" href=\"https:\/\/www.is.fi\/haku\/?query=Bella%20Forsgr%C3%A9n\" rel=\"nofollow noopener\" target=\"_blank\">Bella Forsgr\u00e9n<\/a> (vihr) kritisoivat vanhusten digilakia.<\/p>\n<p class=\"article-body mb-nof-24 px-nof-16\">\u2013 T\u00e4ss\u00e4 on kyse sellaisesta asiasta, voiko jonkun meid\u00e4n vanhemman kotiin vied\u00e4 esimerkiksi teko\u00e4lyavusteisia kuvaavia laitteita, siin\u00e4 on aika iso juttu, kysyt\u00e4\u00e4nk\u00f6 h\u00e4nelt\u00e4 suostumus, mielipide vai mik\u00e4. Meill\u00e4 ei ole selvyytt\u00e4 t\u00e4llaisiin asioihin, Merinen kuvasi.<\/p>\n<p class=\"article-body mb-nof-24 px-nof-16\">\u2013 Itse olisin hallituspuolueen j\u00e4senen\u00e4 jo pudottanut sen k\u00e4sittelyst\u00e4, koska sit\u00e4 ei pystyt\u00e4 k\u00e4sittelem\u00e4\u00e4n budjettilakina, Forsgr\u00e9n kommentoi.<\/p>\n<p class=\"article-body mb-nof-24 px-nof-16\">Hallituspuolueet saavat viety\u00e4 l\u00e4ht\u00f6kohtaisesti lakiesityksi\u00e4 eteenp\u00e4in valiokunnissa enemmist\u00f6ll\u00e4\u00e4n.<\/p>\n<p class=\"article-body mb-nof-24 px-nof-16\"><a class=\"article-personlink\" href=\"https:\/\/www.is.fi\/haku\/?query=Suna%20Kym%C3%A4l%C3%A4isen\" rel=\"nofollow noopener\" target=\"_blank\">Suna Kym\u00e4l\u00e4isen<\/a> (sd) mielest\u00e4 olisi surullista, jos lakiesitykset runnottaisiin \u00e4\u00e4nest\u00e4m\u00e4ll\u00e4 l\u00e4pi.<\/p>\n<p class=\"article-body mb-nof-24 px-nof-16\">\u2013 On riskialtista, jos perustuslaillisuutta ei haluta n\u00e4iden asioiden kohdalta ratkaista. T\u00e4ss\u00e4 aikataulussa perustuslakivaliokunta tuskin ehtii lausuntoa antamaan, joten mielest\u00e4ni t\u00e4m\u00e4n asian k\u00e4sittely\u00e4 tulisi siirt\u00e4\u00e4 eteenp\u00e4in tai mietti\u00e4, mit\u00e4 sen kanssa tehd\u00e4\u00e4n.<\/p>\n","protected":false},"excerpt":{"rendered":"Kiuru kuvailee sosiaali- ja terveysvaliokunnan ty\u00f6painetta \u201dsanoin kuvaamattomaksi\u201d. Sosiaali- ja terveysvaliokunnan puheenjohtajaa Krista Kiurua (sd) syytet\u00e4\u00e4n j\u00e4lleen hallituksen&hellip;\n","protected":false},"author":2,"featured_media":106743,"comment_status":"","ping_status":"","sticky":false,"template":"","format":"standard","meta":{"footnotes":""},"categories":[5],"tags":[22,23,26,27,33,31,30,17,34,24,25,28,29,15,18,21,32,19,20,16],"class_list":{"0":"post-106742","1":"post","2":"type-post","3":"status-publish","4":"format-standard","5":"has-post-thumbnail","7":"category-otsikot","8":"tag-breaking-news","9":"tag-breakingnews","10":"tag-featured-news","11":"tag-featurednews","12":"tag-fi","13":"tag-finland","14":"tag-finnish","15":"tag-headlines","16":"tag-ilta-sanomat","17":"tag-latest-news","18":"tag-latestnews","19":"tag-main-news","20":"tag-mainnews","21":"tag-news","22":"tag-otsikot","23":"tag-paauutiset","24":"tag-suomi","25":"tag-top-stories","26":"tag-topstories","27":"tag-uutiset"},"share_on_mastodon":{"url":"https:\/\/pubeurope.com\/@fi\/115656335430145489","error":""},"_links":{"self":[{"href":"https:\/\/www.europesays.com\/fi\/wp-json\/wp\/v2\/posts\/106742","targetHints":{"allow":["GET"]}}],"collection":[{"href":"https:\/\/www.europesays.com\/fi\/wp-json\/wp\/v2\/posts"}],"about":[{"href":"https:\/\/www.europesays.com\/fi\/wp-json\/wp\/v2\/types\/post"}],"author":[{"embeddable":true,"href":"https:\/\/www.europesays.com\/fi\/wp-json\/wp\/v2\/users\/2"}],"replies":[{"embeddable":true,"href":"https:\/\/www.europesays.com\/fi\/wp-json\/wp\/v2\/comments?post=106742"}],"version-history":[{"count":0,"href":"https:\/\/www.europesays.com\/fi\/wp-json\/wp\/v2\/posts\/106742\/revisions"}],"wp:featuredmedia":[{"embeddable":true,"href":"https:\/\/www.europesays.com\/fi\/wp-json\/wp\/v2\/media\/106743"}],"wp:attachment":[{"href":"https:\/\/www.europesays.com\/fi\/wp-json\/wp\/v2\/media?parent=106742"}],"wp:term":[{"taxonomy":"category","embeddable":true,"href":"https:\/\/www.europesays.com\/fi\/wp-json\/wp\/v2\/categories?post=106742"},{"taxonomy":"post_tag","embeddable":true,"href":"https:\/\/www.europesays.com\/fi\/wp-json\/wp\/v2\/tags?post=106742"}],"curies":[{"name":"wp","href":"https:\/\/api.w.org\/{rel}","templated":true}]}}