{"id":106756,"date":"2025-12-03T15:49:08","date_gmt":"2025-12-03T15:49:08","guid":{"rendered":"https:\/\/www.europesays.com\/fi\/106756\/"},"modified":"2025-12-03T15:49:08","modified_gmt":"2025-12-03T15:49:08","slug":"saksa-otti-kayttoon-israelilaisen-arrow-ilmatorjuntajarjestelman-uutisia-lyhyesti","status":"publish","type":"post","link":"https:\/\/www.europesays.com\/fi\/106756\/","title":{"rendered":"Saksa otti k\u00e4ytt\u00f6\u00f6n israelilaisen Arrow-ilmatorjuntaj\u00e4rjestelm\u00e4n | Uutisia lyhyesti"},"content":{"rendered":"<p class=\"aw-1gybjub aw-1p7kakr kEtdKx cEmitX yle__article__paragraph\">Saksa otti keskiviikkona ensimm\u00e4isen\u00e4 eurooppalaisena maana k\u00e4ytt\u00f6\u00f6n israelilaisen Arrow-ilmatorjuntaj\u00e4rjestelm\u00e4n, joka on kehitetty torjumaan keskimatkan ballistisia ohjuksia, kuten Ven\u00e4j\u00e4n Oreshnik-ohjuksia.<\/p>\n<p class=\"aw-1gybjub aw-1p7kakr kEtdKx cEmitX yle__article__paragraph\">Jopa 2 400 kilometrin kantaman tarjoava Arrow-j\u00e4rjestelm\u00e4 t\u00e4ydent\u00e4\u00e4 lyhyemm\u00e4n kantaman ilmatorjuntaj\u00e4rjestelmi\u00e4.<\/p>\n<p class=\"aw-1gybjub aw-1p7kakr kEtdKx cEmitX yle__article__paragraph\">Useat maat ovat osoittaneet kiinnostusta teknologiaa kohtaan sen j\u00e4lkeen, kun Arrow auttoi Israelia torjumaan Iranin ohjushy\u00f6kk\u00e4yksi\u00e4 huhtikuussa ja lokakuussa 2024.<\/p>\n<p class=\"aw-1gybjub aw-1p7kakr kEtdKx cEmitX yle__article__paragraph\">\u2013 T\u00e4m\u00e4n strategisen kyvyn my\u00f6t\u00e4, joka on ainutlaatuinen eurooppalaisten kumppaniemme joukossa, varmistamme keskeisen roolimme Euroopan syd\u00e4mess\u00e4, kommentoi Saksan puolustusministeri <strong class=\"aw-ak79eh KyCXm yle__article__strong\">Boris Pistorius<\/strong>.<\/p>\n<p class=\"aw-1gybjub aw-1p7kakr kEtdKx cEmitX yle__article__paragraph\">L\u00e4hde: Reuters<\/p>\n","protected":false},"excerpt":{"rendered":"Saksa otti keskiviikkona ensimm\u00e4isen\u00e4 eurooppalaisena maana k\u00e4ytt\u00f6\u00f6n israelilaisen Arrow-ilmatorjuntaj\u00e4rjestelm\u00e4n, joka on kehitetty torjumaan keskimatkan ballistisia ohjuksia, kuten Ven\u00e4j\u00e4n&hellip;\n","protected":false},"author":2,"featured_media":74,"comment_status":"","ping_status":"","sticky":false,"template":"","format":"standard","meta":{"footnotes":""},"categories":[14],"tags":[22,23,26,27,33,31,30,17,20076,24,25,28,29,15,18,21,3911,32,19,20,546,56,16,59,60,61],"class_list":{"0":"post-106756","1":"post","2":"type-post","3":"status-publish","4":"format-standard","5":"has-post-thumbnail","7":"category-ulkomaat","8":"tag-breaking-news","9":"tag-breakingnews","10":"tag-featured-news","11":"tag-featurednews","12":"tag-fi","13":"tag-finland","14":"tag-finnish","15":"tag-headlines","16":"tag-ilmatorjunta","17":"tag-latest-news","18":"tag-latestnews","19":"tag-main-news","20":"tag-mainnews","21":"tag-news","22":"tag-otsikot","23":"tag-paauutiset","24":"tag-saksa","25":"tag-suomi","26":"tag-top-stories","27":"tag-topstories","28":"tag-turvallisuus","29":"tag-ulkomaat","30":"tag-uutiset","31":"tag-world","32":"tag-world-news","33":"tag-worldnews"},"share_on_mastodon":{"url":"https:\/\/pubeurope.com\/@fi\/115656429829652096","error":""},"_links":{"self":[{"href":"https:\/\/www.europesays.com\/fi\/wp-json\/wp\/v2\/posts\/106756","targetHints":{"allow":["GET"]}}],"collection":[{"href":"https:\/\/www.europesays.com\/fi\/wp-json\/wp\/v2\/posts"}],"about":[{"href":"https:\/\/www.europesays.com\/fi\/wp-json\/wp\/v2\/types\/post"}],"author":[{"embeddable":true,"href":"https:\/\/www.europesays.com\/fi\/wp-json\/wp\/v2\/users\/2"}],"replies":[{"embeddable":true,"href":"https:\/\/www.europesays.com\/fi\/wp-json\/wp\/v2\/comments?post=106756"}],"version-history":[{"count":0,"href":"https:\/\/www.europesays.com\/fi\/wp-json\/wp\/v2\/posts\/106756\/revisions"}],"wp:featuredmedia":[{"embeddable":true,"href":"https:\/\/www.europesays.com\/fi\/wp-json\/wp\/v2\/media\/74"}],"wp:attachment":[{"href":"https:\/\/www.europesays.com\/fi\/wp-json\/wp\/v2\/media?parent=106756"}],"wp:term":[{"taxonomy":"category","embeddable":true,"href":"https:\/\/www.europesays.com\/fi\/wp-json\/wp\/v2\/categories?post=106756"},{"taxonomy":"post_tag","embeddable":true,"href":"https:\/\/www.europesays.com\/fi\/wp-json\/wp\/v2\/tags?post=106756"}],"curies":[{"name":"wp","href":"https:\/\/api.w.org\/{rel}","templated":true}]}}