{"id":106757,"date":"2025-12-03T15:50:08","date_gmt":"2025-12-03T15:50:08","guid":{"rendered":"https:\/\/www.europesays.com\/fi\/106757\/"},"modified":"2025-12-03T15:50:08","modified_gmt":"2025-12-03T15:50:08","slug":"kirkkonummi-voi-hylata-radan-ja-menettaa-asemansa-purra-ei-osallistu-kokoukseen","status":"publish","type":"post","link":"https:\/\/www.europesays.com\/fi\/106757\/","title":{"rendered":"Kirkkonummi voi hyl\u00e4t\u00e4 radan ja menett\u00e4\u00e4 asemansa \u2013 Purra ei osallistu kokoukseen"},"content":{"rendered":"<p>L\u00e4nsirata|Kirkkonummen valtuustossa L\u00e4nsiradasta \u00e4\u00e4nestet\u00e4\u00e4n maanantaina. L\u00e4hes kaikki valtuustoryhm\u00e4t ovat jakautumassa kannattajiin ja vastustajiin.<\/p>\n<p>Lue tiivistelm\u00e4<\/p>\n<p>Tiivistelm\u00e4 on teko\u00e4lyn tekem\u00e4 ja ihmisen tarkistama.<\/p>\n<p class=\"article-body mb-nof-24 px-nof-16 sndp-summary-bullet-point-font\">Kirkkonummen valtuusto \u00e4\u00e4nest\u00e4\u00e4 maanantaina L\u00e4nsirata-hankkeeseen liittymisest\u00e4.<\/p>\n<p class=\"article-body mb-nof-24 px-nof-16 sndp-summary-bullet-point-font\">Kirkkonummen kunnanhallitus esitt\u00e4\u00e4 osakassopimuksen hylk\u00e4\u00e4mist\u00e4 \u00e4\u00e4nin kahdeksan vastaan viisi.<\/p>\n<p class=\"article-body mb-nof-24 px-nof-16 sndp-summary-bullet-point-font\">L\u00e4hes kaikki valtuustoryhm\u00e4t ovat jakautuneet kannattajiin ja vastustajiin, ja valtiovarainministeri Riikka Purra ei osallistu \u00e4\u00e4nestykseen.<\/p>\n<p class=\"article-body mb-nof-24 px-nof-16 sndp-summary-bullet-point-font\">Jos Kirkkonummi hylk\u00e4\u00e4 sopimuksen, Veikkolaan suunniteltu asema voi j\u00e4\u00e4d\u00e4 rakentamatta tai tulla kalliimmaksi.<\/p>\n<p class=\"article-body mb-nof-24 px-nof-16\">L\u00e4nsiradan tiukimpiin lukeutuva \u00e4\u00e4nestys on edess\u00e4 maanantaina Kirkkonummella. Kirkkonummen suurin valtuustoryhm\u00e4 on kokoomus. Ryhm\u00e4n puheenjohtaja <a class=\"article-personlink\" href=\"https:\/\/www.hs.fi\/haku\/?query=Urho%20Blom\" rel=\"nofollow noopener\" target=\"_blank\">Urho Blom<\/a> sanoo ryhm\u00e4ss\u00e4 olevan hankkeen kannattajia ja vastustajia.<\/p>\n<p class=\"article-body mb-nof-24 px-nof-16\">Blom itse kannattaa osakassopimukseen liittymist\u00e4. H\u00e4n sanoo, ett\u00e4 merkitt\u00e4viin infra- ja rakennushankkeisiin liittyy aina kustannusriskej\u00e4, joten Kirkkonummen 15 miljoonan euron osuus ei v\u00e4ltt\u00e4m\u00e4tt\u00e4 riit\u00e4.<\/p>\n<p class=\"article-body mb-nof-24 px-nof-16\">\u201dHankkeessa voi tulla kustannusnousua, mutta valtuutetut ovat saaneet liikenne- ja viestint\u00e4ministeri\u00f6n tulkinnan miten eri osapuolet sopimusta lukevat. Ministeri\u00f6n tulkinnan l\u00e4ht\u00f6kohtana on, ettei ilman osakkaan suostumusta rahoitussitoumusta voida tosiasiallisesti ylitt\u00e4\u00e4\u201d, Blom sanoo.<\/p>\n<p class=\"article-body mb-nof-24 px-nof-16\">Kokoomuksella on valtuustossa 14 paikkaa. Rkp:lla on 11 paikkaa ja ryhm\u00e4n l\u00e4hes kaikki j\u00e4senet aikovat \u00e4\u00e4nest\u00e4\u00e4 osakassopimukseen liittymist\u00e4 vastaan, valtuustoryhm\u00e4n puheenjohtaja <a class=\"article-personlink\" href=\"https:\/\/www.hs.fi\/haku\/?query=Kim%20Liljequist\" rel=\"nofollow noopener\" target=\"_blank\">Kim Liljequist<\/a> sanoo.<\/p>\n<p class=\"article-body mb-nof-24 px-nof-16\">\u201dKritiikki kohdistuu siihen, ett\u00e4 L\u00e4nsiradan edut ovat Kirkkonummella pienemm\u00e4t kuin muilla kunnilla, mutta taloudellinen riski on iso. Osakassopimus olisi kuin avoin shekki\u201d, h\u00e4n sanoo.<\/p>\n<p class=\"article-body mb-nof-24 px-nof-16\">My\u00f6s seuraavaksi suurimmat ryhm\u00e4t, seitsem\u00e4n paikan vihre\u00e4t ja kuuden paikan Sdp, pit\u00e4v\u00e4t sis\u00e4ll\u00e4\u00e4n sopimuksen kannattajia ja vastustajia. Vihreiden valtuustoryhm\u00e4n puheenjohtaja <a class=\"article-personlink\" href=\"https:\/\/www.hs.fi\/haku\/?query=Lauri%20Lavanti\" rel=\"nofollow noopener\" target=\"_blank\">Lauri Lavanti<\/a> arvioi, ett\u00e4 ryhm\u00e4ss\u00e4 on t\u00e4ll\u00e4 hetkell\u00e4 hieman enemm\u00e4n kannattajia kuin vastustajia.<\/p>\n<p class=\"article-body mb-nof-24 px-nof-16\">\u201dEn ole omaa kantaani sanonut, mutta pahin huoleni on, ett\u00e4 rata tulee, mutta siin\u00e4 ei ole (Veikkolan) asemaa, Lavanti sanoo.<\/p>\n<p class=\"article-body mb-nof-24 px-nof-16\">Sdp:n kuuden edustajan ryhm\u00e4ss\u00e4 on enemm\u00e4n sopimuksen vastustajia kuin kannattajia, arvioi puolueen valtuutettu <a class=\"article-personlink\" href=\"https:\/\/www.hs.fi\/haku\/?query=Tuovi%20Ronkainen\" rel=\"nofollow noopener\" target=\"_blank\">Tuovi Ronkainen<\/a>.<\/p>\n<p class=\"article-body mb-nof-24 px-nof-16\">\u201dSopimukset eiv\u00e4t tunnu perustelluilta ja j\u00e4tt\u00e4v\u00e4t ep\u00e4ilyksen, ett\u00e4 maksumiehen\u00e4 joudumme olemaan enemm\u00e4n kuin sanotaan\u201d Ronkainen sanoo.<\/p>\n<p class=\"article-body mb-nof-24 px-nof-16\">Perussuomalaiset ovat L\u00e4nsirataa vastaan. Valtuustoryhm\u00e4n puheenjohtaja <a class=\"article-personlink\" href=\"https:\/\/www.hs.fi\/haku\/?query=Piia%20Aallonharja\" rel=\"nofollow noopener\" target=\"_blank\">Piia Aallonharja<\/a> sanoo, ett\u00e4 mahdollisesti ryhm\u00e4 hyv\u00e4ksyy kunnanhallituksen ev\u00e4styksen. Aallonharjan mukaan valtiovarainministeri <a class=\"article-personlink\" href=\"https:\/\/www.hs.fi\/haku\/?query=Riikka%20Purra\" rel=\"nofollow noopener\" target=\"_blank\">Riikka Purra<\/a> (ps) ei osallistu maanantain \u00e4\u00e4nestykseen, sill\u00e4 h\u00e4nell\u00e4 on muuta menoa.<\/p>\n<p class=\"article-body mb-nof-24 px-nof-16\">Kirkkonummen kunnanhallitus p\u00e4\u00e4tti maanantaina \u00e4\u00e4nin 8\u20135 <a class=\"article-genericlink\" href=\"https:\/\/kirkkonummi.fi\/kirkkonummen-kunnanhallitus-paatti-ehdottaa-valtuustolle-etta-lansirata-oyn-osakassopimusta-ei-hyvaksyta\/\" rel=\"nofollow noopener\" target=\"_blank\">esitt\u00e4\u00e4 valtuustolle<\/a>, ett\u00e4 osakassopimusta ei hyv\u00e4ksyt\u00e4. Kunnanhallituksen kantaan sis\u00e4ltyy ev\u00e4stys mahdollisesta jatkoneuvottelusta.<\/p>\n<p class=\"article-body mb-nof-24 px-nof-16\">Pro Kirkkonummi -ryhm\u00e4ll\u00e4 on valtuustossa nelj\u00e4 paikkaa. Ryhm\u00e4n puheenjohtaja <a class=\"article-personlink\" href=\"https:\/\/www.hs.fi\/haku\/?query=Lauri%20Valli\" rel=\"nofollow noopener\" target=\"_blank\">Lauri Valli<\/a> sanoo kannattavansa kunnanhallituksen esityst\u00e4.<\/p>\n<p class=\"article-body mb-nof-24 px-nof-16\">Jos Kirkkonummi hylk\u00e4\u00e4 sopimuksen, mutta muiden kuntien kannattamana rakentaminen alkaa, niin miten k\u00e4y Kirkkonummen Veikkolaan suunnitellun aseman? Kokoomuksen Blomin mukaan asema voisi tulla j\u00e4lkik\u00e4teen kunnan omilla rahoilla, mutta se olisi todenn\u00e4k\u00f6isesti kalliimpaa. Perussuomalaisten Aallonharja pit\u00e4\u00e4 Veikkolan aseman rakentamista ep\u00e4varmana, jos Kirkkonummi ei ole mukana sopimuksessa. Sdp:n Ronkainen uskoo, ett\u00e4 asema tulevaisuudessa rakennetaan, mutta aika n\u00e4ytt\u00e4\u00e4 miten se rahoitetaan. Rkp:n Liljequist pit\u00e4\u00e4 todenn\u00e4k\u00f6isen\u00e4, ett\u00e4 my\u00f6s asema jollain aikav\u00e4lill\u00e4 rakennetaan.<\/p>\n<p class=\"article-body mb-nof-24 px-nof-16\">Sek\u00e4 valtio ett\u00e4 osakaskunnat maksavat radan ensivaiheesta 400 miljoonaa euroa. Lis\u00e4ksi hankeyhti\u00f6 L\u00e4nsirata oy:lla on oikeus ottaa 500 miljoonaa euroa lainaa. Hankkeen toivotaan my\u00f6s saavan EU-tukia. Kirkkonummen osuus kuntien potista on kaikista pienin, joten maanantain \u00e4\u00e4nestys ei v\u00e4ltt\u00e4m\u00e4tt\u00e4 uhkaa koko rataa.<\/p>\n","protected":false},"excerpt":{"rendered":"L\u00e4nsirata|Kirkkonummen valtuustossa L\u00e4nsiradasta \u00e4\u00e4nestet\u00e4\u00e4n maanantaina. L\u00e4hes kaikki valtuustoryhm\u00e4t ovat jakautumassa kannattajiin ja vastustajiin. Lue tiivistelm\u00e4 Tiivistelm\u00e4 on teko\u00e4lyn&hellip;\n","protected":false},"author":2,"featured_media":106758,"comment_status":"","ping_status":"","sticky":false,"template":"","format":"standard","meta":{"footnotes":""},"categories":[12],"tags":[22,23,26,27,33,31,30,17,46,24,25,28,29,15,18,21,32,19,20,16],"class_list":{"0":"post-106757","1":"post","2":"type-post","3":"status-publish","4":"format-standard","5":"has-post-thumbnail","7":"category-suomi","8":"tag-breaking-news","9":"tag-breakingnews","10":"tag-featured-news","11":"tag-featurednews","12":"tag-fi","13":"tag-finland","14":"tag-finnish","15":"tag-headlines","16":"tag-helsingin-sanomat","17":"tag-latest-news","18":"tag-latestnews","19":"tag-main-news","20":"tag-mainnews","21":"tag-news","22":"tag-otsikot","23":"tag-paauutiset","24":"tag-suomi","25":"tag-top-stories","26":"tag-topstories","27":"tag-uutiset"},"share_on_mastodon":{"url":"https:\/\/pubeurope.com\/@fi\/115656433674663622","error":""},"_links":{"self":[{"href":"https:\/\/www.europesays.com\/fi\/wp-json\/wp\/v2\/posts\/106757","targetHints":{"allow":["GET"]}}],"collection":[{"href":"https:\/\/www.europesays.com\/fi\/wp-json\/wp\/v2\/posts"}],"about":[{"href":"https:\/\/www.europesays.com\/fi\/wp-json\/wp\/v2\/types\/post"}],"author":[{"embeddable":true,"href":"https:\/\/www.europesays.com\/fi\/wp-json\/wp\/v2\/users\/2"}],"replies":[{"embeddable":true,"href":"https:\/\/www.europesays.com\/fi\/wp-json\/wp\/v2\/comments?post=106757"}],"version-history":[{"count":0,"href":"https:\/\/www.europesays.com\/fi\/wp-json\/wp\/v2\/posts\/106757\/revisions"}],"wp:featuredmedia":[{"embeddable":true,"href":"https:\/\/www.europesays.com\/fi\/wp-json\/wp\/v2\/media\/106758"}],"wp:attachment":[{"href":"https:\/\/www.europesays.com\/fi\/wp-json\/wp\/v2\/media?parent=106757"}],"wp:term":[{"taxonomy":"category","embeddable":true,"href":"https:\/\/www.europesays.com\/fi\/wp-json\/wp\/v2\/categories?post=106757"},{"taxonomy":"post_tag","embeddable":true,"href":"https:\/\/www.europesays.com\/fi\/wp-json\/wp\/v2\/tags?post=106757"}],"curies":[{"name":"wp","href":"https:\/\/api.w.org\/{rel}","templated":true}]}}