{"id":106759,"date":"2025-12-03T15:51:09","date_gmt":"2025-12-03T15:51:09","guid":{"rendered":"https:\/\/www.europesays.com\/fi\/106759\/"},"modified":"2025-12-03T15:51:09","modified_gmt":"2025-12-03T15:51:09","slug":"video-on-paha-ja-vastenmielinen","status":"publish","type":"post","link":"https:\/\/www.europesays.com\/fi\/106759\/","title":{"rendered":"\u201dVideo on paha ja vastenmielinen\u201d"},"content":{"rendered":"<p>Sabrina Carpenterin musiikkia k\u00e4ytettiin osana Valkoisen talon videosis\u00e4lt\u00f6\u00e4.<\/p>\n<p><img decoding=\"async\" class=\"image image-show image-preview\" src=\"https:\/\/www.europesays.com\/fi\/wp-content\/uploads\/2025\/12\/cbc9c572e4c057de63bdab5d7658e79b467ba07b3303b43070805befcb7dbcec.jpg\" alt=\"\"\/><img decoding=\"async\" class=\"image image-show\" src=\"https:\/\/www.europesays.com\/fi\/wp-content\/uploads\/2025\/12\/1764777069_487_cbc9c572e4c057de63bdab5d7658e79b467ba07b3303b43070805befcb7dbcec.jpg\" alt=\"\"\/><\/p>\n<p>Sabrina Carpenter ei pit\u00e4nyt musiikkinsa k\u00e4yt\u00f6st\u00e4 Valkoisen talon sis\u00e4ll\u00f6ss\u00e4. All Over Press, EPA \/ AOP<\/p>\n<p class=\"paragraph\">Laulaja <a href=\"https:\/\/www.iltalehti.fi\/henkilot\/Sabrina Carpenter\" class=\"article-link-person-page\" rel=\"nofollow noopener\" target=\"_blank\">Sabrina Carpenter<\/a> laukoo kovaa teksti\u00e4 Yhdysvaltain presidentti Donald Trumpia vastaan, kertoo muun muassa <a href=\"https:\/\/www.mirror.co.uk\/news\/politics\/sabrina-carpenter-savages-donald-trump-36341874\" rel=\"noopener nofollow\" target=\"_blank\">Mirror<\/a>.<\/p>\n<p class=\"paragraph\">Valkoinen talo k\u00e4ytti artistin Juno-kappaletta vastik\u00e4\u00e4n Yhdysvaltain maahanmuutto- ja tullivalvontaviraston ratsioita kuvanneessa videokoosteessa.<\/p>\n<p class=\"paragraph\">T\u00e4h\u00e4n Carpenter vastasi kirjoittamalla viestipalvelu X:\u00e4\u00e4n p\u00e4ivityksen, joka ei j\u00e4tt\u00e4nyt ep\u00e4selv\u00e4ksi artistin kantaa videoon.<\/p>\n<p class=\"paragraph\">\u2013 T\u00e4m\u00e4 video on paha ja vastenmielinen. \u00c4lk\u00e4\u00e4 ikin\u00e4 liitt\u00e4k\u00f6 minua tai musiikkiani edist\u00e4m\u00e4\u00e4n ep\u00e4inhimillist\u00e4 agendaanne, Carpenter kirjoitti.<\/p>\n<p class=\"paragraph\"><a href=\"https:\/\/www.foxnews.com\/entertainment\/white-house-fires-back-sabrina-carpenter-ice-video-song\" rel=\"noopener nofollow\" target=\"_blank\">Fox Newsin<\/a> mukaan Valkoinen talo on nyt vastannut Carpenterin kommenttiin takaisin.<\/p>\n<p class=\"paragraph\">\u2013 T\u00e4ss\u00e4 on lyhyt ja ytimek\u00e4s viesti Sabrina Carpenterille: emme aio pyyt\u00e4\u00e4 anteeksi vaarallisten rikollisten, laittomien murhaajien, raiskaajien ja pedofiilien karkottamista maastamme. Kuka tahansa, joka puolustaa n\u00e4it\u00e4 sairaita hirvi\u00f6it\u00e4, on joko tyhm\u00e4 tai hidas, Valkoisen talon edustaja <strong>Abigail Jackson<\/strong> kommentoi Fox Newsille.<\/p>\n<p class=\"paragraph\">Carpenter ei ole ainut, joka on kielt\u00e4nyt Trumpia k\u00e4ytt\u00e4m\u00e4st\u00e4 musiikkia osana politiikkaansa. <a href=\"https:\/\/www.rollingstone.com\/music\/music-lists\/all-the-artists-who-dont-want-donald-trump-using-their-music-1235080043\/neil-young-28-1235080059\/\" rel=\"noopener nofollow\" target=\"_blank\">Rolling Stonen<\/a> mukaan aiemmin esimerkiksi <a href=\"https:\/\/www.iltalehti.fi\/henkilot\/Rihanna\" class=\"article-link-person-page\" rel=\"nofollow noopener\" target=\"_blank\">Rihanna<\/a>, <a href=\"https:\/\/www.iltalehti.fi\/henkilot\/Celine Dion\" class=\"article-link-person-page\" rel=\"nofollow noopener\" target=\"_blank\">Celine Dion<\/a> ja The Rolling Stones ovat ilmaisseet, etteiv\u00e4t halua Trumpin k\u00e4ytt\u00e4v\u00e4n musiikkiaan osana politiikkaansa.<\/p>\n","protected":false},"excerpt":{"rendered":"Sabrina Carpenterin musiikkia k\u00e4ytettiin osana Valkoisen talon videosis\u00e4lt\u00f6\u00e4. Sabrina Carpenter ei pit\u00e4nyt musiikkinsa k\u00e4yt\u00f6st\u00e4 Valkoisen talon sis\u00e4ll\u00f6ss\u00e4. All&hellip;\n","protected":false},"author":2,"featured_media":106760,"comment_status":"","ping_status":"","sticky":false,"template":"","format":"standard","meta":{"footnotes":""},"categories":[5],"tags":[35,138,22,23,26,27,33,31,30,17,24,25,28,29,47,141,15,18,21,142,637,32,19,20,16],"class_list":{"0":"post-106759","1":"post","2":"type-post","3":"status-publish","4":"format-standard","5":"has-post-thumbnail","7":"category-otsikot","8":"tag-24h","9":"tag-audio","10":"tag-breaking-news","11":"tag-breakingnews","12":"tag-featured-news","13":"tag-featurednews","14":"tag-fi","15":"tag-finland","16":"tag-finnish","17":"tag-headlines","18":"tag-latest-news","19":"tag-latestnews","20":"tag-main-news","21":"tag-mainnews","22":"tag-musiikki","23":"tag-muusikot-bandit","24":"tag-news","25":"tag-otsikot","26":"tag-paauutiset","27":"tag-poliitikot","28":"tag-politiikka","29":"tag-suomi","30":"tag-top-stories","31":"tag-topstories","32":"tag-uutiset"},"share_on_mastodon":{"url":"https:\/\/pubeurope.com\/@fi\/115656437637595479","error":""},"_links":{"self":[{"href":"https:\/\/www.europesays.com\/fi\/wp-json\/wp\/v2\/posts\/106759","targetHints":{"allow":["GET"]}}],"collection":[{"href":"https:\/\/www.europesays.com\/fi\/wp-json\/wp\/v2\/posts"}],"about":[{"href":"https:\/\/www.europesays.com\/fi\/wp-json\/wp\/v2\/types\/post"}],"author":[{"embeddable":true,"href":"https:\/\/www.europesays.com\/fi\/wp-json\/wp\/v2\/users\/2"}],"replies":[{"embeddable":true,"href":"https:\/\/www.europesays.com\/fi\/wp-json\/wp\/v2\/comments?post=106759"}],"version-history":[{"count":0,"href":"https:\/\/www.europesays.com\/fi\/wp-json\/wp\/v2\/posts\/106759\/revisions"}],"wp:featuredmedia":[{"embeddable":true,"href":"https:\/\/www.europesays.com\/fi\/wp-json\/wp\/v2\/media\/106760"}],"wp:attachment":[{"href":"https:\/\/www.europesays.com\/fi\/wp-json\/wp\/v2\/media?parent=106759"}],"wp:term":[{"taxonomy":"category","embeddable":true,"href":"https:\/\/www.europesays.com\/fi\/wp-json\/wp\/v2\/categories?post=106759"},{"taxonomy":"post_tag","embeddable":true,"href":"https:\/\/www.europesays.com\/fi\/wp-json\/wp\/v2\/tags?post=106759"}],"curies":[{"name":"wp","href":"https:\/\/api.w.org\/{rel}","templated":true}]}}