{"id":106761,"date":"2025-12-03T16:03:09","date_gmt":"2025-12-03T16:03:09","guid":{"rendered":"https:\/\/www.europesays.com\/fi\/106761\/"},"modified":"2025-12-03T16:03:09","modified_gmt":"2025-12-03T16:03:09","slug":"brendan-fraser-ei-usko-itseensa-edes-oscar-voiton-jalkeen-olen-julmempi-itselleni-kuin-yksikaan-netissa-heitetty-kommentti","status":"publish","type":"post","link":"https:\/\/www.europesays.com\/fi\/106761\/","title":{"rendered":"Brendan Fraser ei usko itseens\u00e4 edes Oscar-voiton j\u00e4lkeen: &#8221;Olen julmempi itselleni kuin yksik\u00e4\u00e4n netiss\u00e4 heitetty kommentti&#8221;"},"content":{"rendered":"<p>Brendan Fraser palkittiin Oscarilla vuonna 2023 elokuvan The Whale miesp\u00e4\u00e4osasta.<\/p>\n<p>Muumio-t\u00e4hten\u00e4kin tunnettu <a href=\"https:\/\/muropaketti.com\/avainsana\/brendan-fraser\/\" rel=\"nofollow noopener\" target=\"_blank\">Brendan Fraser<\/a> teki rys\u00e4ytt\u00e4v\u00e4n paluun elokuviin Darren Aronofskyn ohjaaman The Whale -elokuvan p\u00e4\u00e4osassa vuonna 2022. Fraser palkittiin roolistaan p\u00e4\u00e4osa-Oscarilla.<\/p>\n<p>Oscar-voittokaan ei helpottanut n\u00e4yttelij\u00e4n haasteita itsetunto-ongelmien suhteen. <a href=\"https:\/\/apnews.com\/article\/brendan-fraser-rental-family-interview-1d3895901593b28eccd6547be8ffbfcc\" target=\"_blank\" rel=\"noreferrer noopener nofollow\">AP:n<\/a> haastattelussa h\u00e4n kertoo edelleen ajattelevansa, ettei ole tarpeeksi hyv\u00e4.<\/p>\n<p>\u201dMinulla on vaikeuksia itseluottamuksen kanssa. Minulla on aina tunne, etten ole tarpeeksi hyv\u00e4. Uskokaa minua, kukaan ei voi olla minulle ankarampi kuin min\u00e4 itse. Yksik\u00e4\u00e4n kriitikko tai ytimek\u00e4s internet-kommentti ei tuntua purevammalta kuin min\u00e4 itse yksityisiss\u00e4 ajatuksissani\u201d, Fraser kertoo.<\/p>\n<p>Fraserin on uutisoitu palaavan tulevaisuudessa rooliinsa nelj\u00e4nness\u00e4 Muumio-elokuvassa. Seuraavaksi h\u00e4net voi kuitenkin n\u00e4hd\u00e4 Hikarin ohjaamassa elokuvassa The Rental Family, joka Suomessa saa ensi-iltansa 6. helmikuuta.<\/p>\n","protected":false},"excerpt":{"rendered":"Brendan Fraser palkittiin Oscarilla vuonna 2023 elokuvan The Whale miesp\u00e4\u00e4osasta. Muumio-t\u00e4hten\u00e4kin tunnettu Brendan Fraser teki rys\u00e4ytt\u00e4v\u00e4n paluun elokuviin&hellip;\n","protected":false},"author":2,"featured_media":106762,"comment_status":"","ping_status":"","sticky":false,"template":"","format":"standard","meta":{"footnotes":""},"categories":[136],"tags":[1701,407,137,33,31,30,408,9362,32,20077,109],"class_list":{"0":"post-106761","1":"post","2":"type-post","3":"status-publish","4":"format-standard","5":"has-post-thumbnail","7":"category-julkkikset","8":"tag-brendan-fraser","9":"tag-celebrities","10":"tag-entertainment","11":"tag-fi","12":"tag-finland","13":"tag-finnish","14":"tag-julkkikset","15":"tag-oscarit","16":"tag-suomi","17":"tag-the-whale","18":"tag-viihde"},"share_on_mastodon":{"url":"https:\/\/pubeurope.com\/@fi\/115656484663182306","error":""},"_links":{"self":[{"href":"https:\/\/www.europesays.com\/fi\/wp-json\/wp\/v2\/posts\/106761","targetHints":{"allow":["GET"]}}],"collection":[{"href":"https:\/\/www.europesays.com\/fi\/wp-json\/wp\/v2\/posts"}],"about":[{"href":"https:\/\/www.europesays.com\/fi\/wp-json\/wp\/v2\/types\/post"}],"author":[{"embeddable":true,"href":"https:\/\/www.europesays.com\/fi\/wp-json\/wp\/v2\/users\/2"}],"replies":[{"embeddable":true,"href":"https:\/\/www.europesays.com\/fi\/wp-json\/wp\/v2\/comments?post=106761"}],"version-history":[{"count":0,"href":"https:\/\/www.europesays.com\/fi\/wp-json\/wp\/v2\/posts\/106761\/revisions"}],"wp:featuredmedia":[{"embeddable":true,"href":"https:\/\/www.europesays.com\/fi\/wp-json\/wp\/v2\/media\/106762"}],"wp:attachment":[{"href":"https:\/\/www.europesays.com\/fi\/wp-json\/wp\/v2\/media?parent=106761"}],"wp:term":[{"taxonomy":"category","embeddable":true,"href":"https:\/\/www.europesays.com\/fi\/wp-json\/wp\/v2\/categories?post=106761"},{"taxonomy":"post_tag","embeddable":true,"href":"https:\/\/www.europesays.com\/fi\/wp-json\/wp\/v2\/tags?post=106761"}],"curies":[{"name":"wp","href":"https:\/\/api.w.org\/{rel}","templated":true}]}}