{"id":106763,"date":"2025-12-03T16:06:13","date_gmt":"2025-12-03T16:06:13","guid":{"rendered":"https:\/\/www.europesays.com\/fi\/106763\/"},"modified":"2025-12-03T16:06:13","modified_gmt":"2025-12-03T16:06:13","slug":"stranger-thingsin-uusissa-jaksoissa-on-useita-virheita-jotka-tosifanit-huomasivat-nopeasti-ei-mitaan-jarkea","status":"publish","type":"post","link":"https:\/\/www.europesays.com\/fi\/106763\/","title":{"rendered":"Stranger Thingsin uusissa jaksoissa on useita virheit\u00e4, jotka tosifanit huomasivat nopeasti: \u201cEi mit\u00e4\u00e4n j\u00e4rke\u00e4\u201d"},"content":{"rendered":"<p>Kuva: \u00a9 2025 Netflix, Inc.<\/p>\n<p>Stranger Things -sarjan viimeisen kauden nelj\u00e4 ensimm\u00e4ist\u00e4 jaksoa julkaistiin Netflixiss\u00e4 viime viikolla.<\/p>\n<p>Sis\u00e4lt\u00e4\u00e4 spoilereita!<\/p>\n<p><a href=\"https:\/\/muropaketti.com\/avainsana\/stranger-things\/\" rel=\"nofollow noopener\" target=\"_blank\">Stranger Things<\/a> on aloittanut Netflixiss\u00e4 viidennen ja samalla viimeisen kautensa. Viikko sitten kaudesta julkaistiin nelj\u00e4 ensimm\u00e4ist\u00e4 jaksoa, joista sarjan fanit ovat kuitenkin l\u00f6yt\u00e4neet useita jatkuvuusvirheit\u00e4, uutisoi <a href=\"https:\/\/ew.com\/stranger-things-fans-calling-out-continuity-errors-season-5-11859904\" target=\"_blank\" rel=\"noreferrer noopener nofollow\">Entertainment Weekly<\/a>.<\/p>\n<p>Esimerkiksi Upside Downiin napatun, Noah Schnappin esitt\u00e4m\u00e4n Willin ik\u00e4 on muuttunut. Uudessa jaksossa h\u00e4nen \u00e4itins\u00e4 mainitsee Willin olleen sieppauksen aikaan 11-vuotias, kun taas aiemmin h\u00e4nen ik\u00e4ns\u00e4 on kerrottu olleen 12.<\/p>\n<p>(Kerta ei ole ensimm\u00e4inen, kun Willin syntym\u00e4p\u00e4iv\u00e4n kanssa on ollut ongelmia. Nelj\u00e4nnen kauden aikana tapahtuneen k\u00f6mm\u00e4hdyksen aikaan sarjan luoneet Dufferit my\u00f6nsiv\u00e4t tehneens\u00e4 virheen ja pyysiv\u00e4t sit\u00e4 anteeksi.)<\/p>\n<p>My\u00f6s Willin takaumissa on jotain outoa. Takaumassa n\u00e4hd\u00e4\u00e4n esimerkiksi Will ja Jonathan Byersin rakentama \u201cmets\u00e4linna\u201d, jota veljekset rakentavat lapsena yhdess\u00e4. Er\u00e4\u00e4n tarkkasilm\u00e4isen katsojan mukaan sarjassa on aiemmin puhuttu, ett\u00e4 he rakensivat sit\u00e4 kaatosateessa, viettiv\u00e4t siell\u00e4 koko y\u00f6n ja tulivat siksi kipeiksi. Uudessa takaumassa p\u00e4iv\u00e4 on kuitenkin kuiva ja aurinkoinen.<\/p>\n<p>Uuden kauden seuraavat kolme jaksoa julkaistaan joulup\u00e4iv\u00e4n\u00e4 ja p\u00e4\u00e4t\u00f6sjakso uudenvuodenaattona.<\/p>\n","protected":false},"excerpt":{"rendered":"Kuva: \u00a9 2025 Netflix, Inc. Stranger Things -sarjan viimeisen kauden nelj\u00e4 ensimm\u00e4ist\u00e4 jaksoa julkaistiin Netflixiss\u00e4 viime viikolla. Sis\u00e4lt\u00e4\u00e4&hellip;\n","protected":false},"author":2,"featured_media":106764,"comment_status":"","ping_status":"","sticky":false,"template":"","format":"standard","meta":{"footnotes":""},"categories":[133],"tags":[137,33,31,30,217,1369,13249,32,206,156,109],"class_list":{"0":"post-106763","1":"post","2":"type-post","3":"status-publish","4":"format-standard","5":"has-post-thumbnail","7":"category-televisiot","8":"tag-entertainment","9":"tag-fi","10":"tag-finland","11":"tag-finnish","12":"tag-netflix","13":"tag-sarjat","14":"tag-stranger-things","15":"tag-suomi","16":"tag-televisiot","17":"tag-tv","18":"tag-viihde"},"share_on_mastodon":{"url":"https:\/\/pubeurope.com\/@fi\/115656496469656503","error":""},"_links":{"self":[{"href":"https:\/\/www.europesays.com\/fi\/wp-json\/wp\/v2\/posts\/106763","targetHints":{"allow":["GET"]}}],"collection":[{"href":"https:\/\/www.europesays.com\/fi\/wp-json\/wp\/v2\/posts"}],"about":[{"href":"https:\/\/www.europesays.com\/fi\/wp-json\/wp\/v2\/types\/post"}],"author":[{"embeddable":true,"href":"https:\/\/www.europesays.com\/fi\/wp-json\/wp\/v2\/users\/2"}],"replies":[{"embeddable":true,"href":"https:\/\/www.europesays.com\/fi\/wp-json\/wp\/v2\/comments?post=106763"}],"version-history":[{"count":0,"href":"https:\/\/www.europesays.com\/fi\/wp-json\/wp\/v2\/posts\/106763\/revisions"}],"wp:featuredmedia":[{"embeddable":true,"href":"https:\/\/www.europesays.com\/fi\/wp-json\/wp\/v2\/media\/106764"}],"wp:attachment":[{"href":"https:\/\/www.europesays.com\/fi\/wp-json\/wp\/v2\/media?parent=106763"}],"wp:term":[{"taxonomy":"category","embeddable":true,"href":"https:\/\/www.europesays.com\/fi\/wp-json\/wp\/v2\/categories?post=106763"},{"taxonomy":"post_tag","embeddable":true,"href":"https:\/\/www.europesays.com\/fi\/wp-json\/wp\/v2\/tags?post=106763"}],"curies":[{"name":"wp","href":"https:\/\/api.w.org\/{rel}","templated":true}]}}