{"id":106765,"date":"2025-12-03T16:10:10","date_gmt":"2025-12-03T16:10:10","guid":{"rendered":"https:\/\/www.europesays.com\/fi\/106765\/"},"modified":"2025-12-03T16:10:10","modified_gmt":"2025-12-03T16:10:10","slug":"venalaisille-lunta-tupaan-iltalehti","status":"publish","type":"post","link":"https:\/\/www.europesays.com\/fi\/106765\/","title":{"rendered":"Ven\u00e4l\u00e4isille lunta tupaan &#8211; Iltalehti"},"content":{"rendered":"<ol>\n<li><a href=\"https:\/\/news.google.com\/rss\/articles\/CBMiggFBVV95cUxQSzU4WVQtTy1ESTdxR21WRHVpOUx0SVJhQUF5dk4zQVZQRTlMbjRNZ1prSWt1WC1QcjRuTjc3ZEdpQUZoQXpvQVlVX1N0LUJ4b3A5Q25uSU1QRHR2cl9YTVhQNzhJN3RDbnNrZnJYeDlWUVozcUdoNmZTNHIyaXdVU0t3?oc=5\" target=\"_blank\" rel=\"nofollow noopener\">Ven\u00e4l\u00e4isille lunta tupaan<\/a>&nbsp;&nbsp;Iltalehti<\/li>\n<li><a href=\"https:\/\/news.google.com\/rss\/articles\/CBMiY0FVX3lxTFA1UWU3Z2g5aEU2MGE4bTVfM2JYdEFXU0EtcS1IbGZFTE5yTWtmY3UxZGpIUW1EVzhKWC1FcGRsc0R0T2tDMXdJNWdSekZrb082aFJxMmhhV2REcUV4VGpVOWotMA?oc=5\" target=\"_blank\" rel=\"nofollow noopener\">Ven\u00e4j\u00e4ll\u00e4 riemastuttiin olympiauutisesta \u2013 nyt l\u00e4v\u00e4hti tyly tieto kulisseista<\/a>&nbsp;&nbsp;Ilta-Sanomat<\/li>\n<li><a href=\"https:\/\/news.google.com\/rss\/articles\/CBMiXEFVX3lxTE9JRFBPRjVnWHpZMUJFUUVwREhTNUpFTElIUUp0RmljN3FOV1hFSF9YR0dxc2xBRF96MzhORTVtZ2pUZTRadUdPX0JHUVE0UjBzdUl4c0g0X0kzNEdk?oc=5\" target=\"_blank\" rel=\"nofollow noopener\">Kommentti | Vladimir Putin sai valtavan voiton<\/a>&nbsp;&nbsp;HS.fi<\/li>\n<li><a href=\"https:\/\/news.google.com\/rss\/articles\/CBMiQkFVX3lxTE1GUlhOQllmZTFOT3VtbnRMNkxMLWsySHhRZEd6UERGUjh3M0hrc0VFQWVKdmplNC1QZ29RNWk0dnh6Zw?oc=5\" target=\"_blank\" rel=\"nofollow noopener\">Ven\u00e4l\u00e4iset hiiht\u00e4j\u00e4t sittenkin olympialaisiin \u2013 n\u00e4ist\u00e4 syist\u00e4 Ven\u00e4j\u00e4n ja Valko-Ven\u00e4j\u00e4n valitukset meniv\u00e4t l\u00e4pi<\/a>&nbsp;&nbsp;Yle<\/li>\n<li><a href=\"https:\/\/news.google.com\/rss\/articles\/CBMiSkFVX3lxTE9qbXA0VGNlNnVJRUwya1l3MmdLWUZxNnFOY1VxOVpfeG1uazN0aXdyWWI5ZkVNeTk3SUZUaGZDTVRURGlZai1xQWpn?oc=5\" target=\"_blank\" rel=\"nofollow noopener\">CAS:lta p\u00e4\u00e4t\u00f6s: Toistakymment\u00e4 ven\u00e4l\u00e4ist\u00e4 ja valkoven\u00e4l\u00e4ist\u00e4 saa osallistua olympialaisiin ja paralympialaisiin<\/a>&nbsp;&nbsp;Etel\u00e4-Suomen Sanomat<\/li>\n<\/ol>\n","protected":false},"excerpt":{"rendered":"Ven\u00e4l\u00e4isille lunta tupaan&nbsp;&nbsp;Iltalehti Ven\u00e4j\u00e4ll\u00e4 riemastuttiin olympiauutisesta \u2013 nyt l\u00e4v\u00e4hti tyly tieto kulisseista&nbsp;&nbsp;Ilta-Sanomat Kommentti | Vladimir Putin sai valtavan&hellip;\n","protected":false},"author":2,"featured_media":106766,"comment_status":"","ping_status":"","sticky":false,"template":"","format":"standard","meta":{"footnotes":""},"categories":[158],"tags":[35,33,31,30,2096,41,923,159,32,1145,160,161],"class_list":{"0":"post-106765","1":"post","2":"type-post","3":"status-publish","4":"format-standard","5":"has-post-thumbnail","7":"category-urheilu","8":"tag-24h","9":"tag-fi","10":"tag-finland","11":"tag-finnish","12":"tag-hiihtolajit","13":"tag-liikunta-ja-urheilu","14":"tag-matkustaminen","15":"tag-sports","16":"tag-suomi","17":"tag-talviurheilu","18":"tag-urheilu","19":"tag-urheilutapahtumat"},"share_on_mastodon":{"url":"https:\/\/pubeurope.com\/@fi\/115656512538629766","error":""},"_links":{"self":[{"href":"https:\/\/www.europesays.com\/fi\/wp-json\/wp\/v2\/posts\/106765","targetHints":{"allow":["GET"]}}],"collection":[{"href":"https:\/\/www.europesays.com\/fi\/wp-json\/wp\/v2\/posts"}],"about":[{"href":"https:\/\/www.europesays.com\/fi\/wp-json\/wp\/v2\/types\/post"}],"author":[{"embeddable":true,"href":"https:\/\/www.europesays.com\/fi\/wp-json\/wp\/v2\/users\/2"}],"replies":[{"embeddable":true,"href":"https:\/\/www.europesays.com\/fi\/wp-json\/wp\/v2\/comments?post=106765"}],"version-history":[{"count":0,"href":"https:\/\/www.europesays.com\/fi\/wp-json\/wp\/v2\/posts\/106765\/revisions"}],"wp:featuredmedia":[{"embeddable":true,"href":"https:\/\/www.europesays.com\/fi\/wp-json\/wp\/v2\/media\/106766"}],"wp:attachment":[{"href":"https:\/\/www.europesays.com\/fi\/wp-json\/wp\/v2\/media?parent=106765"}],"wp:term":[{"taxonomy":"category","embeddable":true,"href":"https:\/\/www.europesays.com\/fi\/wp-json\/wp\/v2\/categories?post=106765"},{"taxonomy":"post_tag","embeddable":true,"href":"https:\/\/www.europesays.com\/fi\/wp-json\/wp\/v2\/tags?post=106765"}],"curies":[{"name":"wp","href":"https:\/\/api.w.org\/{rel}","templated":true}]}}