{"id":106773,"date":"2025-12-03T16:16:11","date_gmt":"2025-12-03T16:16:11","guid":{"rendered":"https:\/\/www.europesays.com\/fi\/106773\/"},"modified":"2025-12-03T16:16:11","modified_gmt":"2025-12-03T16:16:11","slug":"yksi-loukkaantui-kolarissa-haminassa-mtv-uutiset","status":"publish","type":"post","link":"https:\/\/www.europesays.com\/fi\/106773\/","title":{"rendered":"Yksi loukkaantui kolarissa Haminassa | MTV Uutiset"},"content":{"rendered":"<p><strong class=\"typography-bold\">Poliisi selvitt\u00e4\u00e4 Haminassa Kaakkois-Suomessa tapahtunutta henkil\u00f6autojen t\u00f6rm\u00e4ystilannetta.\u00a0<\/strong><\/p>\n<p>Yksi ihminen on loukkaantunut autojen t\u00f6rm\u00e4yksess\u00e4 Haminan Viipurinkadulla t\u00e4n\u00e4\u00e4n keskiviikkona.<\/p>\n<p>Poliisi sai ilmoituksen liikenneonnettomuudesta noin kello 14.\u00a0<\/p>\n<p>Poliisin tiedotteen mukaan tapaukseen liittyy osallisten v\u00e4linen v\u00e4lienselvittely.\u00a0<\/p>\n<p>Poliisi on ottanut kaksi ihmist\u00e4 kiinni.<\/p>\n<p>Yksi kolarissa loukkaantunut kuljetettiin hoitoon.<\/p>\n<p>Poliisi jatkaa asian selvitt\u00e4mist\u00e4 ja tiedottaa asiasta lis\u00e4\u00e4 aikaisintaan perjantaina.\u00a0<\/p>\n","protected":false},"excerpt":{"rendered":"Poliisi selvitt\u00e4\u00e4 Haminassa Kaakkois-Suomessa tapahtunutta henkil\u00f6autojen t\u00f6rm\u00e4ystilannetta.\u00a0 Yksi ihminen on loukkaantunut autojen t\u00f6rm\u00e4yksess\u00e4 Haminan Viipurinkadulla t\u00e4n\u00e4\u00e4n keskiviikkona. Poliisi&hellip;\n","protected":false},"author":2,"featured_media":26599,"comment_status":"","ping_status":"","sticky":false,"template":"","format":"standard","meta":{"footnotes":""},"categories":[12],"tags":[22,23,26,27,33,31,30,17,24,25,28,29,15,18,21,32,19,20,16],"class_list":{"0":"post-106773","1":"post","2":"type-post","3":"status-publish","4":"format-standard","5":"has-post-thumbnail","7":"category-suomi","8":"tag-breaking-news","9":"tag-breakingnews","10":"tag-featured-news","11":"tag-featurednews","12":"tag-fi","13":"tag-finland","14":"tag-finnish","15":"tag-headlines","16":"tag-latest-news","17":"tag-latestnews","18":"tag-main-news","19":"tag-mainnews","20":"tag-news","21":"tag-otsikot","22":"tag-paauutiset","23":"tag-suomi","24":"tag-top-stories","25":"tag-topstories","26":"tag-uutiset"},"share_on_mastodon":{"url":"https:\/\/pubeurope.com\/@fi\/115656535934726690","error":""},"_links":{"self":[{"href":"https:\/\/www.europesays.com\/fi\/wp-json\/wp\/v2\/posts\/106773","targetHints":{"allow":["GET"]}}],"collection":[{"href":"https:\/\/www.europesays.com\/fi\/wp-json\/wp\/v2\/posts"}],"about":[{"href":"https:\/\/www.europesays.com\/fi\/wp-json\/wp\/v2\/types\/post"}],"author":[{"embeddable":true,"href":"https:\/\/www.europesays.com\/fi\/wp-json\/wp\/v2\/users\/2"}],"replies":[{"embeddable":true,"href":"https:\/\/www.europesays.com\/fi\/wp-json\/wp\/v2\/comments?post=106773"}],"version-history":[{"count":0,"href":"https:\/\/www.europesays.com\/fi\/wp-json\/wp\/v2\/posts\/106773\/revisions"}],"wp:featuredmedia":[{"embeddable":true,"href":"https:\/\/www.europesays.com\/fi\/wp-json\/wp\/v2\/media\/26599"}],"wp:attachment":[{"href":"https:\/\/www.europesays.com\/fi\/wp-json\/wp\/v2\/media?parent=106773"}],"wp:term":[{"taxonomy":"category","embeddable":true,"href":"https:\/\/www.europesays.com\/fi\/wp-json\/wp\/v2\/categories?post=106773"},{"taxonomy":"post_tag","embeddable":true,"href":"https:\/\/www.europesays.com\/fi\/wp-json\/wp\/v2\/tags?post=106773"}],"curies":[{"name":"wp","href":"https:\/\/api.w.org\/{rel}","templated":true}]}}