{"id":106776,"date":"2025-12-03T16:29:12","date_gmt":"2025-12-03T16:29:12","guid":{"rendered":"https:\/\/www.europesays.com\/fi\/106776\/"},"modified":"2025-12-03T16:29:12","modified_gmt":"2025-12-03T16:29:12","slug":"video-kelly-kalonji-joi-vetta-vessanpontosta-500-eurosta","status":"publish","type":"post","link":"https:\/\/www.europesays.com\/fi\/106776\/","title":{"rendered":"Video: Kelly Kalonji joi vett\u00e4 vessanp\u00f6nt\u00f6st\u00e4 500 eurosta"},"content":{"rendered":"<p>            Atte Kajova\n        <\/p>\n<p class=\"subtitle \">Pacthouse on kuin Big Brother siirrettyn\u00e4 t\u00e4h\u00e4n p\u00e4iv\u00e4\u00e4n.<\/p>\n<p class=\"article-content article-content-width !bg-background\">Suomalais-kongolainen malli  tuli tunnetuksi voittaessaan Miss Helsinki -kilpailun vuonna 2013.<\/p>\n<p class=\"article-content article-content-width !bg-background\">Nyt 38-vuotias Kelly on juonut vett\u00e4 suoraan vessanp\u00f6nt\u00f6st\u00e4.<\/p>\n<p class=\"article-content article-content-width !bg-background\">Miksik\u00f6?<\/p>\n<p>        <a itemprop=\"url\" href=\"https:\/\/www.seiska.fi\/kotimaa\/nyt-puhuu-stagalan-pettajaeksa-mutta-kun-han-palasi\/1983789\" rel=\"nofollow noopener\" target=\"_blank\"><\/p>\n<p>\nKovia syyt\u00f6ksi\u00e4!\n<\/p>\n<p class=\"section-date\">\n        <strong class=\"article-section\" data-section=\"kotimaa\"><br \/>\n            kotimaa<br \/>\n        <\/strong><br \/>\n        5.11. 18:00\n    <\/p>\n<p>Nyt puhuu Stagalan \u201dpett\u00e4j\u00e4eks\u00e4\u201d: &#8221;Mutta kun h\u00e4n palasi&#8230;&#8221;\n    <\/p>\n<p itemprop=\"description\" class=\"subtitle \">\n    Stagalan ja Nannan suhde kesti lopulta puolisen vuotta. Erosta ja sen syist\u00e4 kaksikolla on melko erilaiset n\u00e4kemykset.\n<\/p>\n<p>        <\/a><\/p>\n<p class=\"article-content article-content-width !bg-background\">Siksi ett\u00e4 h\u00e4n sai siit\u00e4 rahaa \u2013 kaikkiaan 500 euroa.<\/p>\n<p>                <img decoding=\"async\" src=\"https:\/\/www.europesays.com\/fi\/wp-content\/uploads\/2025\/12\/2010612.webp\" width=\"576\" height=\"639\" alt=\"Pacthouse on Sainin luomus.\" loading=\"lazy\" \/>            <\/p>\n<p>\n            Pacthouse on Sainin luomus.<br \/>\n            Sainin albumi\n        <\/p>\n<p> Pacthouse <\/p>\n<p class=\"article-content article-content-width !bg-background\">Kellyn \u201duroty\u00f6\u201d on osa Kick-sivulla py\u00f6riv\u00e4\u00e4 Pacthouse-ohjelmaa, jota kuvataan isossa villassa Espanjan Marbellassa.<\/p>\n<p class=\"article-content article-content-width !bg-background\">Ohjelmaa mestaroi , joka tunnetaan paremmin nimell\u00e4 \u201dSaini\u201d.<\/p>\n<p>\n            Olemme ottaneet osallistujia jokaisesta kategoriasta, jotta syntyisi draamaa.\n            <\/p>\n<p class=\"article-content article-content-width !bg-background\">Pacthouse on jatkuva livestriimi, joka kuvaa viikon ajan tapahtumia villalla.<\/p>\n<p class=\"article-content article-content-width !bg-background\">Ohjelmassa esiintyy joukko enemm\u00e4n tai v\u00e4hemm\u00e4n julkisuudesta tuttuja henkil\u00f6it\u00e4.<\/p>\n<p>                <img decoding=\"async\" src=\"https:\/\/www.europesays.com\/fi\/wp-content\/uploads\/2025\/12\/2010615.webp\" width=\"576\" height=\"639\" alt=\"Ohjelman yll\u00e4tt\u00e4vin hahmo on eitt\u00e4m\u00e4tt\u00e4 pokerimies Ilari Sahamies (toinen vasemmalla).\" loading=\"lazy\" \/>            <\/p>\n<p>\n            Ohjelman yll\u00e4tt\u00e4vin hahmo on eitt\u00e4m\u00e4tt\u00e4 pokerimies Ilari Sahamies (toinen vasemmalla).<br \/>\n            Sainin albumi\n        <\/p>\n<p>Ilari Sahamies<\/p>\n<p class=\"article-content article-content-width !bg-background\">Paikalla ovat muun muassa suunsoittaja-nyrkkeilij\u00e4  eli \u201dStagala\u201d, somevaikuttaja  ja valioyksil\u00f6 .<\/p>\n<p class=\"article-content article-content-width !bg-background\">Yll\u00e4tt\u00e4vin osallistuja lienee nettipokerihai .<\/p>\n<p>\n            Itse n\u00e4en, ett\u00e4 t\u00e4ss\u00e4 yritet\u00e4\u00e4n tehd\u00e4 jotain suurempaa.\n            <\/p>\n<p class=\"article-content article-content-width !bg-background\">\u2013 Olemme ottaneet osallistujia jokaisesta kategoriasta, jotta syntyisi draamaa, Saini valaisee Seiskalle.<\/p>\n<p class=\"article-content article-content-width !bg-background\">Kuvaukset alkoivat maanantaina ja kest\u00e4v\u00e4t viikon eli sunnuntaihin.<\/p>\n<p>                <img decoding=\"async\" src=\"https:\/\/www.europesays.com\/fi\/wp-content\/uploads\/2025\/12\/2010619.webp\" width=\"576\" height=\"639\" alt=\"Menossa ovat yh\u00e4 mukana Stagala ja Joni Hesselgren, mutta oikealla olevan TIS-Isabellan kohtaloksi tuli tippu ensimm\u00e4inen.\" loading=\"lazy\" \/>            <\/p>\n<p>\n            Menossa ovat yh\u00e4 mukana Stagala ja Joni Hesselgren, mutta oikealla olevan TIS-Isabellan kohtaloksi tuli tippu ensimm\u00e4inen.<br \/>\n            Sainin albumi\n        <\/p>\n<p>Osa saa korvauksen, osa ei\u00a0<\/p>\n<p class=\"article-content article-content-width !bg-background\">Saini sanoo kaiken perustuvan striimin katselijoihin, jotka p\u00e4\u00e4tt\u00e4v\u00e4t l\u00e4hestulkoon kaikesta.<\/p>\n<p class=\"article-content article-content-width !bg-background\">Villalla nukutaan esimerkiksi pareittain katselijoiden valitsemina pareina.<\/p>\n<p class=\"article-content article-content-width !bg-background\">\u2013 Osa osallistujista saa korvaukset pelk\u00e4st\u00e4 osallistumisesta, osa ei.<\/p>\n<p class=\"article-content article-content-width !bg-background\">Saini ei luonnollisesti halua luetella tarkkoja summia.<\/p>\n<p class=\"article-content article-content-width !bg-background\">\u2013 Sen takia osallistumisesta ei kaikki saa rahaa, koska Pacthousesta saa itsest\u00e4\u00e4n niin paljon n\u00e4kyvyytt\u00e4, ja lis\u00e4ksi eri palkinnotkin ovat isoja.<\/p>\n<p>                <img decoding=\"async\" src=\"https:\/\/www.europesays.com\/fi\/wp-content\/uploads\/2025\/12\/1994798.webp\" width=\"576\" height=\"720\" alt=\"Kisaamassa on my\u00f6s kamppailutapahtumista tuttu Niluf\u00e4r Soleimani.\" loading=\"lazy\" \/>            <\/p>\n<p>\n            Kisaamassa on my\u00f6s kamppailutapahtumista tuttu Niluf\u00e4r Soleimani.<br \/>\n            Jani Korpela\n        <\/p>\n<p>Monen ohjelman hybridi<\/p>\n<p class=\"article-content article-content-width !bg-background\">N\u00e4in todella on, sill\u00e4 voittaja saa 20 000 euroa ja yksi onnekas striimin seuraaja yli 20 000 euron arvoisen auton.<\/p>\n<p class=\"article-content article-content-width !bg-background\">\u2013 Jep, rahapalkintoja jaetaan pitk\u00e4lti yli 40 000 euron edest\u00e4.<\/p>\n<p class=\"article-content article-content-width !bg-background\">Sainin puheissa Pacthouse ei ole pelkk\u00e4 jatkuva striimi, vaan ohjelma, johon on sotkettu Big Brotheria, Selviytyji\u00e4, Love Islandia ynn\u00e4 muita vastaavia formaatteja.<\/p>\n<p class=\"article-content article-content-width !bg-background\">\u2013 Pacthouse ei my\u00f6sk\u00e4\u00e4n ole lainkaan k\u00e4sikirjoitettu!<\/p>\n<p>                <img decoding=\"async\" src=\"https:\/\/www.europesays.com\/fi\/wp-content\/uploads\/2025\/12\/2010630.webp\" width=\"576\" height=\"639\" alt=\"Pacthousessa on sopivassa suhteessa naisia ja miehi\u00e4.\" loading=\"lazy\" \/>            <\/p>\n<p>\n            Pacthousessa on sopivassa suhteessa naisia ja miehi\u00e4.<br \/>\n            Sainin albumi\n        <\/p>\n<p>Stagala heilutti peittoa<\/p>\n<p class=\"article-content article-content-width !bg-background\">Jengi on ollut paikalla vasta pari p\u00e4iv\u00e4\u00e4, mutta kaikenlaista on jo tapahtunut.<\/p>\n<p class=\"article-content article-content-width !bg-background\">Stagala on muun muassa heiluttanut peittoa\u00a0 -nimisen kaunottaren kanssa.<\/p>\n<p>        <a itemprop=\"url\" href=\"https:\/\/www.seiska.fi\/kotimaa\/pottukoira-lahetti-torkyviestin-sanna-ukkolalle\/2007741\" rel=\"nofollow noopener\" target=\"_blank\"><\/p>\n<p>\nPottukoira rep\u00e4isi\n<\/p>\n<p class=\"section-date\">\n        <strong class=\"article-section\" data-section=\"kotimaa\"><br \/>\n            kotimaa<br \/>\n        <\/strong><br \/>\n        2.12. 17:00\n    <\/p>\n<p>Pottukoira l\u00e4hetti t\u00f6rkyviestin Sanna Ukkolalle\n    <\/p>\n<p itemprop=\"description\" class=\"subtitle \">\n    Taannoin Pottukoiran striimiss\u00e4 vedettiin huumeita, mink\u00e4 vuoksi h\u00e4nen tilins\u00e4 j\u00e4\u00e4dytettiin muutamaksi p\u00e4iv\u00e4ksi.\n<\/p>\n<p>        <\/a><\/p>\n<p class=\"article-content article-content-width !bg-background\">Suurinta viihdett\u00e4 lienev\u00e4t kuitenkin tarjonneet Juhana sek\u00e4 Ilari.<\/p>\n<p class=\"article-content article-content-width !bg-background\">Juhana tuli tunnetuksi alkujaan siit\u00e4, ett\u00e4 h\u00e4n uhkaili maahanmuuttajataustaista poikaa espoolaisessa uimahallissa.<\/p>\n<p>                <img decoding=\"async\" src=\"https:\/\/www.europesays.com\/fi\/wp-content\/uploads\/2025\/12\/2010635.webp\" width=\"576\" height=\"428\" alt=\"Juhana Tegelberg tunnetaan pullistelijana, joka ei ep\u00e4r\u00f6i haastaa isojakaan yrityksi\u00e4 'korporaatiotasolla'.\" loading=\"lazy\" \/>            <\/p>\n<p>\n            Juhana Tegelberg tunnetaan pullistelijana, joka ei ep\u00e4r\u00f6i haastaa isojakaan yrityksi\u00e4 &#8221;korporaatiotasolla&#8221;.<br \/>\n            Panu H\u00f6rkk\u00f6\n        <\/p>\n<p>&#8221;Tyls\u00e4\u00e4 ei tule&#8221;<\/p>\n<p class=\"article-content article-content-width !bg-background\">Ilarin arvo vaikuttaa perustuvan k\u00e4nnih\u00f6pin\u00f6ihin, kun taas Juhana tuo komediaa pelk\u00e4ll\u00e4 olemassaolollaan.<\/p>\n<p class=\"article-content article-content-width !bg-background\">\u2013 Tyls\u00e4\u00e4 ei tule, sill\u00e4 haasteita on joka p\u00e4iv\u00e4 jatkuvasti.<\/p>\n<p class=\"article-content article-content-width !bg-background\">Tiistaina n\u00e4htiin ensimm\u00e4inen pudotus, kun v\u00e4hiten \u00e4\u00e4ni\u00e4 saanut TIS-Isabellina tunnettu  joutui poistumaan villalta.<\/p>\n<p>        <a itemprop=\"url\" href=\"https:\/\/www.seiska.fi\/kotimaa\/tis-isabell-ottaa-kantaa-matias-petaiston-suhderulettiin\/1994363\" rel=\"nofollow noopener\" target=\"_blank\"><\/p>\n<p>\nReality-t\u00e4hti\n<\/p>\n<p class=\"section-date\">\n        <strong class=\"article-section\" data-section=\"kotimaa\"><br \/>\n            kotimaa<br \/>\n        <\/strong><br \/>\n        16.11. 16:00\n    <\/p>\n<p>TIS-Isabell ottaa kantaa Matias Pet\u00e4ist\u00f6n suhderulettiin\n    <\/p>\n<p itemprop=\"description\" class=\"subtitle \">\n    Temptation Island Suomesta tuttu Isabell avasi sanaisen arkkunsa Instagramissa.\n<\/p>\n<p>        <\/a><\/p>\n<p class=\"article-content article-content-width !bg-background\">Koska aivan kaikki kuvataan, on tuotantokin iso.<\/p>\n<p class=\"article-content article-content-width !bg-background\">Saini kertoo, ett\u00e4 pelk\u00e4st\u00e4\u00e4n kuvaajia on kuusi.<\/p>\n<p>                <img decoding=\"async\" src=\"https:\/\/www.europesays.com\/fi\/wp-content\/uploads\/2025\/12\/2010643.webp\" width=\"576\" height=\"274\" alt=\"Ilarilla on pysynyt Pacthousessa tukevasti viinilasi k\u00e4dess\u00e4 ja Myrttisen kurkut -pipo p\u00e4\u00e4ss\u00e4.\" loading=\"lazy\" \/>            <\/p>\n<p>\n            Ilarilla on pysynyt Pacthousessa tukevasti viinilasi k\u00e4dess\u00e4 ja Myrttisen kurkut -pipo p\u00e4\u00e4ss\u00e4.<br \/>\n            Sainin albumi\n        <\/p>\n<p>L\u00e4hes 20 ty\u00f6ntekij\u00e4\u00e4<\/p>\n<p class=\"article-content article-content-width !bg-background\">Samalla my\u00f6s jokainen hassu klippi lis\u00e4t\u00e4\u00e4n erikseen someen.<\/p>\n<p class=\"article-content article-content-width !bg-background\">\u2013 Yhteens\u00e4 t\u00e4ss\u00e4 on ty\u00f6ntekij\u00f6it\u00e4 19.<\/p>\n<p class=\"article-content article-content-width !bg-background\">Villan vuokra, rahapalkinnot, ty\u00f6ntekij\u00f6iden palkat ja niin edelleen\u2026<\/p>\n<p>        <a itemprop=\"url\" href=\"https:\/\/www.seiska.fi\/urheilu\/onko-tassa-suomen-kaunein-kamppailuvaikuttaja-nilufar-soleimanilla-erikoinen-suhde-makwan-amirkhaniin\/1992669\" rel=\"nofollow noopener\" target=\"_blank\"><\/p>\n<p>\nOnko t\u00e4ss\u00e4 Suomen kaunein kamppailuvaikuttaja?\n<\/p>\n<p class=\"section-date\">\n        <strong class=\"article-section\" data-section=\"urheilu\"><br \/>\n            urheilu<br \/>\n        <\/strong><br \/>\n        23.11. 17:30\n    <\/p>\n<p>Onko t\u00e4ss\u00e4 Suomen kaunein kamppailuvaikuttaja? Niluf\u00e4r Soleimanilla erikoinen suhde Makwan Amirkhaniin\n    <\/p>\n<p itemprop=\"description\" class=\"subtitle \">\n    Niluf\u00e4r &#8221;Nilu&#8221; Soleimanin nimi ja kasvot alkavat olemaan tuttuja kamppailuiltojen yhteydess\u00e4.\n<\/p>\n<p>        <\/a><\/p>\n<p class=\"article-content article-content-width !bg-background\">Onko t\u00e4m\u00e4 tuottoisaa?<\/p>\n<p class=\"article-content article-content-width !bg-background\">\u2013 Todenn\u00e4k\u00f6isesti ei, mutta itse n\u00e4en, ett\u00e4 t\u00e4ss\u00e4 yritet\u00e4\u00e4n tehd\u00e4 jotain suurempaa.<\/p>\n<p>&#8221;Ei leikata ollenkaan&#8221;<\/p>\n<p class=\"article-content article-content-width !bg-background\">Nyt k\u00e4ynniss\u00e4 oleva Pacthouse on j\u00e4rjestyksess\u00e4\u00e4n toinen.<\/p>\n<p class=\"article-content article-content-width !bg-background\">\u2013 Ensimm\u00e4inen j\u00e4rjestettiin Virossa hein\u00e4kuussa.<\/p>\n<p class=\"article-content article-content-width !bg-background\">Asiaan vihkiytym\u00e4tt\u00f6m\u00e4lle ihmiselle ohjelma kuulostaa suoraan t\u00e4h\u00e4n p\u00e4iv\u00e4\u00e4n siirrellylt\u00e4 BB:lt\u00e4.<\/p>\n<p class=\"article-content article-content-width !bg-background\">\u2013 BB:t\u00e4 kuvattiin ja leikattiin jatkuvasti.<\/p>\n<p class=\"article-content article-content-width !bg-background\">\u2013 T\u00e4t\u00e4 ei leikata ollenkaan, vaan kaikki n\u00e4kyy, Saini p\u00e4\u00e4tt\u00e4\u00e4 puhelimitse.<\/p>\n<p class=\"article-content article-content-width !bg-background\">Lopuksi mies viel\u00e4 lis\u00e4\u00e4, ett\u00e4 striimi alkaa p\u00e4ivitt\u00e4in kello 13.00 ja jatkuu aina siihen asti, kun &#8221;kontenttia riitt\u00e4\u00e4&#8221;.<\/p>\n<p class=\"article-content article-content-width !bg-background\"> \u2013 Joka p\u00e4iv\u00e4 kuvataan 14-16 tuntia. Esimerkiksi t\u00e4n\u00e4\u00e4n kuvaukset loppui aamuy\u00f6ll\u00e4 kello 4.30.\u00a0<\/p>\n","protected":false},"excerpt":{"rendered":"Atte Kajova Pacthouse on kuin Big Brother siirrettyn\u00e4 t\u00e4h\u00e4n p\u00e4iv\u00e4\u00e4n. Suomalais-kongolainen malli tuli tunnetuksi voittaessaan Miss Helsinki -kilpailun&hellip;\n","protected":false},"author":2,"featured_media":106777,"comment_status":"","ping_status":"","sticky":false,"template":"","format":"standard","meta":{"footnotes":""},"categories":[136],"tags":[20080,407,137,33,31,30,19950,408,3376,20079,9398,19958,32,109],"class_list":{"0":"post-106776","1":"post","2":"type-post","3":"status-publish","4":"format-standard","5":"has-post-thumbnail","7":"category-julkkikset","8":"tag-anthony-singh","9":"tag-celebrities","10":"tag-entertainment","11":"tag-fi","12":"tag-finland","13":"tag-finnish","14":"tag-ilari-sahamies","15":"tag-julkkikset","16":"tag-k18","17":"tag-kelly-kalonji","18":"tag-marbella","19":"tag-pacthouse","20":"tag-suomi","21":"tag-viihde"},"share_on_mastodon":{"url":"https:\/\/pubeurope.com\/@fi\/115656587718031061","error":""},"_links":{"self":[{"href":"https:\/\/www.europesays.com\/fi\/wp-json\/wp\/v2\/posts\/106776","targetHints":{"allow":["GET"]}}],"collection":[{"href":"https:\/\/www.europesays.com\/fi\/wp-json\/wp\/v2\/posts"}],"about":[{"href":"https:\/\/www.europesays.com\/fi\/wp-json\/wp\/v2\/types\/post"}],"author":[{"embeddable":true,"href":"https:\/\/www.europesays.com\/fi\/wp-json\/wp\/v2\/users\/2"}],"replies":[{"embeddable":true,"href":"https:\/\/www.europesays.com\/fi\/wp-json\/wp\/v2\/comments?post=106776"}],"version-history":[{"count":0,"href":"https:\/\/www.europesays.com\/fi\/wp-json\/wp\/v2\/posts\/106776\/revisions"}],"wp:featuredmedia":[{"embeddable":true,"href":"https:\/\/www.europesays.com\/fi\/wp-json\/wp\/v2\/media\/106777"}],"wp:attachment":[{"href":"https:\/\/www.europesays.com\/fi\/wp-json\/wp\/v2\/media?parent=106776"}],"wp:term":[{"taxonomy":"category","embeddable":true,"href":"https:\/\/www.europesays.com\/fi\/wp-json\/wp\/v2\/categories?post=106776"},{"taxonomy":"post_tag","embeddable":true,"href":"https:\/\/www.europesays.com\/fi\/wp-json\/wp\/v2\/tags?post=106776"}],"curies":[{"name":"wp","href":"https:\/\/api.w.org\/{rel}","templated":true}]}}