{"id":106794,"date":"2025-12-03T16:55:09","date_gmt":"2025-12-03T16:55:09","guid":{"rendered":"https:\/\/www.europesays.com\/fi\/106794\/"},"modified":"2025-12-03T16:55:09","modified_gmt":"2025-12-03T16:55:09","slug":"patrik-laineen-vaimon-mekko-heratti-huomiota-leuka-loksahti","status":"publish","type":"post","link":"https:\/\/www.europesays.com\/fi\/106794\/","title":{"rendered":"Patrik Laineen vaimon mekko her\u00e4tti huomiota \u2013 \u201dLeuka loksahti!!!\u201d"},"content":{"rendered":"<p>NHL-seura Montreal Canadiensin suomalaispelaaja <strong>Patrik Laine<\/strong> ja h\u00e4nen puolisonsa <strong>Jordan Leigh Laine<\/strong> palkittiin heid\u00e4n tekem\u00e4st\u00e4\u00e4n mielenterveysty\u00f6st\u00e4.<\/p>\n<p>Laineet johtavat From us to you -j\u00e4rjest\u00f6\u00e4. Sen tavoitteena on tarjota mielenterveysongelmien kanssa kamppaileville turvallinen paikka jakaa kokemuksia ja saada tukea. Se rohkaisee my\u00f6s puhumaan avoimesti mielenterveydest\u00e4.<\/p>\n<p>Rouva Laine oli pukeutunut tilaisuuteen paljon paljastavaan punaiseen mekkoon. H\u00e4n jakoi siit\u00e4 kuvan sometilill\u00e4\u00e4n. Se on her\u00e4tt\u00e4nyt h\u00e4nen someseuraajissaan paljon keskustelua.<\/p>\n<p>\u2013 Leuka loksahti!!! kommentoi joku vapaasti suomennettuna.<\/p>\n<p>\u2013 Niin kaunis! Tuo mekko on tyrm\u00e4\u00e4v\u00e4! kehuu yksi seuraajista.<\/p>\n<p>\u2013 Emm\u00e4 kest\u00e4. On ne n\u00e4ttej\u00e4, kirjoittaa er\u00e4s.<\/p>\n<p>Julkaisussa annetaan samalla my\u00f6s kiitokset palkinnosta. My\u00f6s Patrik oli pukeutunut paljon huomiota her\u00e4tt\u00e4v\u00e4\u00e4n asuun. Se ei kuitenkaan saanut yht\u00e4 paljon kehuja kuin vaimon asu. <\/p>\n<p>Jos upotus ei n\u00e4y, avaa se auki <a href=\"https:\/\/www.instagram.com\/p\/DRuwcyskbdI\/?utm_source=ig_web_copy_link&amp;igsh=MzRlODBiNWFlZA==\" target=\"_blank\" rel=\"noreferrer noopener nofollow\">t\u00e4st\u00e4<\/a>.<\/p>\n<p>Lue my\u00f6s: <a href=\"https:\/\/www.como.fi\/tilaa-comon-uutiskirje\/\" title=\"Tilaa Comon uutiskirje ja tied\u00e4t mist\u00e4 kahvitauolla puhutaan! Nappaa kotimaan tv-vinkit ja puheenaiheet suoraan s\u00e4hk\u00f6postiin t\u00e4st\u00e4.\" class=\"underline-custom !font-montserrat !font-bold !underline-offset-4 !decoration-4 !decoration-red-600 !text-md\" rel=\"nofollow noopener\" target=\"_blank\">Tilaa Comon uutiskirje ja tied\u00e4t mist\u00e4 kahvitauolla puhutaan! Nappaa kotimaan tv-vinkit ja puheenaiheet suoraan s\u00e4hk\u00f6postiin t\u00e4st\u00e4.<\/a><\/p>\n<p>\t\t\t<script async src=\"\/\/www.instagram.com\/embed.js\"><\/script><\/p>\n","protected":false},"excerpt":{"rendered":"NHL-seura Montreal Canadiensin suomalaispelaaja Patrik Laine ja h\u00e4nen puolisonsa Jordan Leigh Laine palkittiin heid\u00e4n tekem\u00e4st\u00e4\u00e4n mielenterveysty\u00f6st\u00e4. Laineet johtavat&hellip;\n","protected":false},"author":2,"featured_media":106795,"comment_status":"","ping_status":"","sticky":false,"template":"","format":"standard","meta":{"footnotes":""},"categories":[136],"tags":[407,137,33,31,30,408,7910,32,109],"class_list":{"0":"post-106794","1":"post","2":"type-post","3":"status-publish","4":"format-standard","5":"has-post-thumbnail","7":"category-julkkikset","8":"tag-celebrities","9":"tag-entertainment","10":"tag-fi","11":"tag-finland","12":"tag-finnish","13":"tag-julkkikset","14":"tag-patrik-laine","15":"tag-suomi","16":"tag-viihde"},"share_on_mastodon":{"url":"https:\/\/pubeurope.com\/@fi\/115656689159066930","error":""},"_links":{"self":[{"href":"https:\/\/www.europesays.com\/fi\/wp-json\/wp\/v2\/posts\/106794","targetHints":{"allow":["GET"]}}],"collection":[{"href":"https:\/\/www.europesays.com\/fi\/wp-json\/wp\/v2\/posts"}],"about":[{"href":"https:\/\/www.europesays.com\/fi\/wp-json\/wp\/v2\/types\/post"}],"author":[{"embeddable":true,"href":"https:\/\/www.europesays.com\/fi\/wp-json\/wp\/v2\/users\/2"}],"replies":[{"embeddable":true,"href":"https:\/\/www.europesays.com\/fi\/wp-json\/wp\/v2\/comments?post=106794"}],"version-history":[{"count":0,"href":"https:\/\/www.europesays.com\/fi\/wp-json\/wp\/v2\/posts\/106794\/revisions"}],"wp:featuredmedia":[{"embeddable":true,"href":"https:\/\/www.europesays.com\/fi\/wp-json\/wp\/v2\/media\/106795"}],"wp:attachment":[{"href":"https:\/\/www.europesays.com\/fi\/wp-json\/wp\/v2\/media?parent=106794"}],"wp:term":[{"taxonomy":"category","embeddable":true,"href":"https:\/\/www.europesays.com\/fi\/wp-json\/wp\/v2\/categories?post=106794"},{"taxonomy":"post_tag","embeddable":true,"href":"https:\/\/www.europesays.com\/fi\/wp-json\/wp\/v2\/tags?post=106794"}],"curies":[{"name":"wp","href":"https:\/\/api.w.org\/{rel}","templated":true}]}}