{"id":106806,"date":"2025-12-03T17:07:10","date_gmt":"2025-12-03T17:07:10","guid":{"rendered":"https:\/\/www.europesays.com\/fi\/106806\/"},"modified":"2025-12-03T17:07:10","modified_gmt":"2025-12-03T17:07:10","slug":"liika-on-liikaa-trumpillekin-jattikohu-kaatamassa-kohuministerin","status":"publish","type":"post","link":"https:\/\/www.europesays.com\/fi\/106806\/","title":{"rendered":"Liika on liikaa Trumpillekin \u2013\u2009J\u00e4ttikohu kaatamassa kohuministerin"},"content":{"rendered":"<p><img decoding=\"async\" class=\"image image-show image-preview\" src=\"https:\/\/www.europesays.com\/fi\/wp-content\/uploads\/2025\/12\/97c5f6991bb2056accef9fe1e6832be52485022a0108749daaab3118b77a97d5.jpg\" alt=\"\"\/><img decoding=\"async\" class=\"image image-show\" src=\"https:\/\/www.europesays.com\/fi\/wp-content\/uploads\/2025\/12\/1764781630_317_97c5f6991bb2056accef9fe1e6832be52485022a0108749daaab3118b77a97d5.jpg\" alt=\"\"\/><\/p>\n<p>Yhdysvaltain presidentti Donald Trumpin puolustusministeri Pete Hegsethi\u00e4 koskeva arviointi ollaan mediatietojen mukaan julkaisemassa torstaina. ZumaWire \/ MVPHOTOS<\/p>\n<p class=\"paragraph\">Yhdysvaltain presidentti <a href=\"https:\/\/www.iltalehti.fi\/henkilot\/Donald Trump\" class=\"article-link-person-page\" rel=\"nofollow noopener\" target=\"_blank\">Donald Trumpin<\/a> hallintoa kev\u00e4\u00e4ll\u00e4 kuohuttanut Signal-kohu saattaa pian viimein saada toisen uhrinsa, ja p\u00f6lkyll\u00e4 on kohun keski\u00f6ss\u00e4 alusta asti olleen puolustusministeri <a href=\"https:\/\/www.iltalehti.fi\/henkilot\/Pete Hegseth\" class=\"article-link-person-page\" rel=\"nofollow noopener\" target=\"_blank\">Pete Hegsethin<\/a> p\u00e4\u00e4.<\/p>\n<p class=\"paragraph\">Taustalla on Yhdysvalloissa Watergate-skandaalin mukaan Signalgateksi ristitty tapahtumasarja, jossa Hegseth on keski\u00f6ss\u00e4. H\u00e4n oli mukana Signal-viestisovelluksen ryhm\u00e4ss\u00e4, jossa keskusteltiin aroista ulko- ja turvallisuuspoliittisista aiheista.<\/p>\n<p class=\"paragraph\">Puolustusministeri\u00f6n valvontaviraston vt. ylivalvoja <strong>Steven Sebbins<\/strong> otti tapahtumat arvioitaviksi huhtikuussa. Nyt arvio on mediatietojen mukaan valmis ja sen tulokset julkistetaan verkkolehti Axiosin tietojen <a href=\"https:\/\/www.axios.com\/2025\/12\/02\/pentagon-signalgate-defense-department-congress-review\" target=\"_blank\" rel=\"noopener nofollow\">mukaan<\/a> sensuroimattomana torstaina.<\/p>\n<p class=\"paragraph\">Ryhm\u00e4ss\u00e4 jaettiin muun muassa tarkkoja tietoja Jemenin huthikapinallisia vastaan kohdistettavista iskuista. Ryhm\u00e4ss\u00e4 oli k\u00e4sitt\u00e4m\u00e4tt\u00f6m\u00e4n virheen johdosta my\u00f6s yhdysvaltalaislehti The Atlanticin p\u00e4\u00e4toimittaja <a href=\"https:\/\/www.iltalehti.fi\/henkilot\/Jeffrey Goldberg\" class=\"article-link-person-page\" rel=\"nofollow noopener\" target=\"_blank\">Jeffrey Goldberg<\/a>.<\/p>\n<p>Kuvakaappaus The Atlantic-lehden jakamista viesteist\u00e4. Kuvakaappaus\/The Atlantic<\/p>\n<p class=\"paragraph\">Goldbergin ryhm\u00e4\u00e4n oli lis\u00e4nnyt Trumpin entinen kansallisen turvallisuuden neuvonantaja <a href=\"https:\/\/www.iltalehti.fi\/henkilot\/Michael Waltz\" class=\"article-link-person-page\" rel=\"nofollow noopener\" target=\"_blank\">Mike Waltz<\/a>, joka siirrettiin kohun j\u00e4lkeen Yhdysvaltain YK-suurl\u00e4hettil\u00e4\u00e4ksi. H\u00e4nt\u00e4 voidaankin pit\u00e4\u00e4 kohun ensimm\u00e4isen\u00e4 uhrina.<\/p>\n<p class=\"paragraph\">Vaikka Waltz olikin lis\u00e4nnyt Goldbergin ryhm\u00e4\u00e4n, Hegseth oli se, joka jakoi tarkkoja tietoja iskusta sovelluksessa, jota Pentagon ei itsek\u00e4\u00e4n ollut hyv\u00e4ksynyt k\u00e4ytett\u00e4v\u00e4ksi arkaluontoisista tiedoista keskustelemiseen.<\/p>\n<p class=\"paragraph\">My\u00f6hemmin k\u00e4vi ilmi, ett\u00e4 Hegseth oli jakanut tietoja samasta iskusta my\u00f6s toisessa Signal-ryhm\u00e4ss\u00e4, jossa olivat j\u00e4senen\u00e4 h\u00e4nen vaimonsa, veljens\u00e4 ja henkil\u00f6kohtainen asianajajansa.<\/p>\n<p class=\"paragraph\">Kohun j\u00e4lkih\u00f6yryiss\u00e4 k\u00e4vi my\u00f6s ilmi, ett\u00e4 Hegsethin salasanoja \u2013 mukaan lukien Signal-tilin salasana \u2013 l\u00f6ytyi internetist\u00e4.<\/p>\n<p>Yhdysvaltain presidentti Donald Trump on katsellut puolustusministerins\u00e4 kohuja j\u00e4rk\u00e4ht\u00e4m\u00e4tt\u00e4. AOP<\/p>\n<p class=\"paragraph\">Sebbinsin arvio ei voisi tulla Hegsethille huonompaan aikaan julki. Viimeisimm\u00e4ss\u00e4 kohussa puolustusministeri\u00e4 syytet\u00e4\u00e4n niinkin kevyist\u00e4 asioista kuin sotarikoksista ja suoranaisesta murhasta.<\/p>\n<p class=\"paragraph\">Taustalla on yhdysvaltalaismedia The Washington Postin <a href=\"https:\/\/www.washingtonpost.com\/national-security\/2025\/11\/28\/hegseth-kill-them-all-survivors-boat-strike\/\" target=\"_blank\" rel=\"noopener nofollow\">skuuppi<\/a>, jonka mukaan Hegseth <a href=\"https:\/\/www.iltalehti.fi\/ulkomaat\/bcf6ad64-8717-4558-ba77-dea4e416211a\" rel=\"nofollow noopener\" target=\"_blank\">k\u00e4ski<\/a> syyskuun alussa tappaa kaksi Yhdysvaltain iskun seurauksesta veden varaan joutunutta v\u00e4itetty\u00e4 huumeiden salakuljettajaa Karibianmerell\u00e4.<\/p>\n<p class=\"paragraph\">Trump ja Hegseth ovat molemmat <a href=\"https:\/\/edition.cnn.com\/2025\/12\/02\/politics\/second-strike-drug-boat-trump-hegseth\" target=\"_blank\" rel=\"noopener nofollow\">kiist\u00e4neet<\/a> tienneens\u00e4 toisesta iskusta, joka kohdistui veden varaan joutuneisiin ihmisiin.<\/p>\n<p class=\"paragraph\">T\u00e4st\u00e4 huolimatta Hegseth koki tarpeelliseksi jakaa omassa sosiaalisessa mediassaan kuvan, jossa lasten animaatiosarjasta tunnettu Franklin-kilpikonna ampuu huumeiden salakuljettajia singolla helikopterista.<\/p>\n<p class=\"paragraph\">Puolustusministerin kirjoituksen perusteella kyseinen kuva olisi hyv\u00e4 lis\u00e4ys joulun lahjatoivelistalle.<\/p>\n<p class=\"paragraph\">Sebbins on itse painottanut, ett\u00e4 h\u00e4nen ty\u00f6st\u00e4m\u00e4ns\u00e4 ja ilmeisesti nyt valmistunut arviointinsa ei ole suora tutkinta.<\/p>\n<p class=\"paragraph\">\u2013 T\u00e4m\u00e4n arvioinnin tavoitteena on selvitt\u00e4\u00e4, miss\u00e4 m\u00e4\u00e4rin puolustusministeri ja muut puolustusministeri\u00f6n henkil\u00f6st\u00f6n j\u00e4senet ovat noudattaneet puolustusministeri\u00f6n k\u00e4yt\u00e4nt\u00f6j\u00e4 ja menettelyj\u00e4 kaupallisen viestisovelluksen k\u00e4yt\u00f6ss\u00e4 virallisissa asioissa, Sebbins <a href=\"https:\/\/www.nytimes.com\/2025\/07\/17\/us\/politics\/inspectors-general-trump.html\" target=\"_blank\" rel=\"noopener nofollow\">kirjoitti<\/a> Hegsethille.<\/p>\n<p class=\"paragraph\">Valkoinen talo on aiemmin kiist\u00e4nyt jyrk\u00e4sti Hegsethin jakaneen mit\u00e4\u00e4n arkaluontoisia tietoja Signal-ryhmiss\u00e4.<\/p>\n<p>Hegseth on itse kiist\u00e4nyt jyrk\u00e4sti jakaneensa arkaluontoisia tietoja Signal-viestisovelluksessa. EPA \/ AOP<\/p>\n<p class=\"paragraph\">V\u00e4ite on v\u00e4hint\u00e4\u00e4nkin kummallinen, koska The Atlanticin julkistamista viesteist\u00e4 k\u00e4y selv\u00e4sti ilmi iskujen aikataulun minuutilleen sek\u00e4 tietoja my\u00f6s tulevista iskuista.<\/p>\n<p class=\"paragraph\">\u2013 1415: Iskudroonit kohteessa (T\u00c4LL\u00d6IN ENSIMM\u00c4ISET POMMIT VARMASTI TIPPUVAT, aikaisemmat \u201dautomaattisesti suoritettavat\u201d tavoitteet odottavat), Hegseth <a href=\"https:\/\/www.theatlantic.com\/politics\/archive\/2025\/03\/signal-group-chat-attack-plans-hegseth-goldberg\/682176\/\" target=\"_blank\" rel=\"noopener nofollow\">kirjoitti<\/a> yhdess\u00e4 viestiss\u00e4.<\/p>\n<p class=\"paragraph\">Huomionarvoista arvioinnissa on my\u00f6s se, ett\u00e4 sen on ty\u00f6st\u00e4nyt jo kymmenen vuotta puolustusministeri\u00f6n valvontavirastossa ty\u00f6skennellyt Sebbins.<\/p>\n<p class=\"paragraph\">Vaikka h\u00e4net nostettiinkin viraston virkaa tekev\u00e4ksi ylivalvojaksi sen j\u00e4lkeen, kun Trump oli antanut edelliselle ylivalvojalle <strong>Robert Storchille<\/strong> kenk\u00e4\u00e4, ei Sebbinsin nimityst\u00e4 voi kutsua suoraan poliittiseksi.<\/p>\n<p class=\"paragraph\">T\u00e4st\u00e4 kielii my\u00f6s se, ett\u00e4 Hegsethin oma tiedottaja <strong>Sean Parnell<\/strong> on <a href=\"https:\/\/abcnews.go.com\/Politics\/hegseth-aide-berates-sham-review-ig-office-secretarys\/story?id=124209472\" target=\"_blank\" rel=\"noopener nofollow\">kutsunut<\/a> arviointia \u201dpoliittiseksi noitavainoksi\u201d ja \u201dhuijaukseksi\u201d.<\/p>\n<p class=\"paragraph\">Hegseth on Trumpin hallinnon ministereist\u00e4 se, jonka nimi nousee esille jatkuvasti erilaisten kohujen ja t\u00f6pp\u00e4ysten seurauksena. Nyt esill\u00e4 olleet tapaukset ovat niist\u00e4 vain viimeisimm\u00e4t.<\/p>\n<p class=\"paragraph\">Esimerkiksi lokakuussa Hegsethin <a href=\"https:\/\/www.iltalehti.fi\/ulkomaat\/217c3e86-b268-43f9-892b-70fb103fd843\" rel=\"nofollow noopener\" target=\"_blank\">p\u00e4\u00e4t\u00f6s<\/a> Pentagonia koskevan uutisoinnin rajoittamisesta koettiin niin t\u00f6rke\u00e4ksi, ett\u00e4 jopa h\u00e4nen entinen ty\u00f6nantajansa ja republikaanipuoluetta uutisoinnissaan tukeva Fox Newskin asettui sit\u00e4 vastaan.<\/p>\n<p class=\"paragraph\">Hegseth on my\u00f6s onnistunut ulostuloillaan <a href=\"https:\/\/www.iltalehti.fi\/ulkomaat\/e6cedef5-e4d5-479a-b051-2f16e5220d04\" rel=\"nofollow noopener\" target=\"_blank\">suututtamaan<\/a> Yhdysvaltain asevoimien ylint\u00e4 johtoa kutsumalla heit\u00e4 \u201dlihaviksi\u201d ja <a href=\"https:\/\/www.iltalehti.fi\/ulkomaat\/47fe3219-51ec-4165-bf97-cfb10351ae52\" rel=\"nofollow noopener\" target=\"_blank\">jakanut<\/a> naisten \u00e4\u00e4nioikeutta vastustavan videon omalla sosiaalisen median tilill\u00e4\u00e4n.<\/p>\n<p>Hegseth on Trumpin hallinnosta selv\u00e4sti pahimmin kohuissa ryvettynyt ministeri. EPA \/ AOP<\/p>\n<p class=\"paragraph\">Ministerin sekoilu on riitt\u00e4nyt my\u00f6s joillekin h\u00e4nen ty\u00f6ntekij\u00f6illeen. Pentagonin ovi onkin <a href=\"https:\/\/www.iltalehti.fi\/ulkomaat\/895c3647-dba2-441b-baaa-12bff61b6019\" rel=\"nofollow noopener\" target=\"_blank\">k\u00e4ynyt tiuhaan tahtiin<\/a> t\u00e4n\u00e4 vuonna.<\/p>\n<p class=\"paragraph\">Nykyist\u00e4 Yhdysvaltain puolustusministeri\u00e4 kuvaakin ehk\u00e4 parhaiten se, ett\u00e4 ensimm\u00e4iset kohut nousivat esille jo h\u00e4nen nimityksens\u00e4 aikaan.<\/p>\n<p class=\"paragraph\">Tuolloin etenkin Yhdysvaltain kongressin demokraatit <a href=\"https:\/\/www.nytimes.com\/2025\/04\/20\/us\/politics\/hegseth-yemen-attack-second-signal-chat.html\" target=\"_blank\" rel=\"noopener nofollow\">hiillostivat<\/a> Hegsethi\u00e4 h\u00e4nen ongelmistaan alkoholin kanssa ja seksuaaliseen v\u00e4kivaltaan sek\u00e4 taloudellisiin v\u00e4\u00e4rink\u00e4yt\u00f6ksiin liittyvist\u00e4 syyt\u00f6ksist\u00e4.<\/p>\n<p class=\"paragraph\">Hegsethin nimitykseen vaadittiin lopulta varapresidentti <a href=\"https:\/\/www.iltalehti.fi\/henkilot\/J. D. Vance\" class=\"article-link-person-page\" rel=\"nofollow noopener\" target=\"_blank\">J. D. Vancen<\/a> ratkaiseva \u00e4\u00e4ni senaatissa, kun kolme republikaanipuolueen omaakin senaattoria kielt\u00e4ytyi hyv\u00e4ksym\u00e4st\u00e4 Hegsethi\u00e4 puolustusministeriksi.<\/p>\n<p class=\"paragraph\">Vaikka Trump onkin seissyt j\u00e4rkkym\u00e4tt\u00f6m\u00e4sti \u201dsotaministerins\u00e4\u201d \u2013 kuten presidentti Hegsethi\u00e4 t\u00e4m\u00e4n esityksest\u00e4 kutsuu \u2013 takana, on selv\u00e4\u00e4, ett\u00e4 jossain vaiheessa liika on liikaa.<\/p>\n<p class=\"paragraph\">Mahdollisesti pian n\u00e4hd\u00e4\u00e4nkin, katkeaako Hegsethin alle vuoden kest\u00e4nyt kananlento viimein. Jos n\u00e4in tapahtuu, niin oli jo aikakin.<\/p>\n","protected":false},"excerpt":{"rendered":"Yhdysvaltain presidentti Donald Trumpin puolustusministeri Pete Hegsethi\u00e4 koskeva arviointi ollaan mediatietojen mukaan julkaisemassa torstaina. ZumaWire \/ MVPHOTOS Yhdysvaltain&hellip;\n","protected":false},"author":2,"featured_media":106807,"comment_status":"","ping_status":"","sticky":false,"template":"","format":"standard","meta":{"footnotes":""},"categories":[14],"tags":[35,22,23,26,27,33,31,30,17,24,25,28,29,15,18,21,142,144,32,19,20,56,16,59,60,61,143,146,751],"class_list":{"0":"post-106806","1":"post","2":"type-post","3":"status-publish","4":"format-standard","5":"has-post-thumbnail","7":"category-ulkomaat","8":"tag-24h","9":"tag-breaking-news","10":"tag-breakingnews","11":"tag-featured-news","12":"tag-featurednews","13":"tag-fi","14":"tag-finland","15":"tag-finnish","16":"tag-headlines","17":"tag-latest-news","18":"tag-latestnews","19":"tag-main-news","20":"tag-mainnews","21":"tag-news","22":"tag-otsikot","23":"tag-paauutiset","24":"tag-poliitikot","25":"tag-presidentti","26":"tag-suomi","27":"tag-top-stories","28":"tag-topstories","29":"tag-ulkomaat","30":"tag-uutiset","31":"tag-world","32":"tag-world-news","33":"tag-worldnews","34":"tag-yhdysvaltain-politiikka","35":"tag-yhdysvaltain-presidentti","36":"tag-yhdysvaltalaiset-poliitikot"},"share_on_mastodon":{"url":"https:\/\/pubeurope.com\/@fi\/115656736556105797","error":""},"_links":{"self":[{"href":"https:\/\/www.europesays.com\/fi\/wp-json\/wp\/v2\/posts\/106806","targetHints":{"allow":["GET"]}}],"collection":[{"href":"https:\/\/www.europesays.com\/fi\/wp-json\/wp\/v2\/posts"}],"about":[{"href":"https:\/\/www.europesays.com\/fi\/wp-json\/wp\/v2\/types\/post"}],"author":[{"embeddable":true,"href":"https:\/\/www.europesays.com\/fi\/wp-json\/wp\/v2\/users\/2"}],"replies":[{"embeddable":true,"href":"https:\/\/www.europesays.com\/fi\/wp-json\/wp\/v2\/comments?post=106806"}],"version-history":[{"count":0,"href":"https:\/\/www.europesays.com\/fi\/wp-json\/wp\/v2\/posts\/106806\/revisions"}],"wp:featuredmedia":[{"embeddable":true,"href":"https:\/\/www.europesays.com\/fi\/wp-json\/wp\/v2\/media\/106807"}],"wp:attachment":[{"href":"https:\/\/www.europesays.com\/fi\/wp-json\/wp\/v2\/media?parent=106806"}],"wp:term":[{"taxonomy":"category","embeddable":true,"href":"https:\/\/www.europesays.com\/fi\/wp-json\/wp\/v2\/categories?post=106806"},{"taxonomy":"post_tag","embeddable":true,"href":"https:\/\/www.europesays.com\/fi\/wp-json\/wp\/v2\/tags?post=106806"}],"curies":[{"name":"wp","href":"https:\/\/api.w.org\/{rel}","templated":true}]}}