{"id":106808,"date":"2025-12-03T17:08:08","date_gmt":"2025-12-03T17:08:08","guid":{"rendered":"https:\/\/www.europesays.com\/fi\/106808\/"},"modified":"2025-12-03T17:08:08","modified_gmt":"2025-12-03T17:08:08","slug":"vr-lisaa-useita-vuoroja-kuopion-ja-helsingin-valille-jo-tassa-kuussa-savo","status":"publish","type":"post","link":"https:\/\/www.europesays.com\/fi\/106808\/","title":{"rendered":"VR lis\u00e4\u00e4 useita vuoroja Kuopion ja Helsingin v\u00e4lille jo t\u00e4ss\u00e4 kuussa | Savo"},"content":{"rendered":"<p>VR tiedottaa lis\u00e4\u00e4v\u00e4ns\u00e4 uusia junavuoroja Kuopion ja Helsingin v\u00e4lille kysytyimmille ajankohdille. Rautatieyhti\u00f6 lis\u00e4\u00e4 14. joulukuuta alkaen kahdeksan uutta l\u00e4ht\u00f6\u00e4 perjantain ja sunnuntain v\u00e4lill\u00e4.<\/p>\n<p>Uudet l\u00e4hd\u00f6t Helsingin suuntaan ovat perjantaisin ja sunnuntaisin kello 9.30 Kuopiosta Kouvolan ja Mikkelin kautta, perjantaista sunnuntaihin kello 13 Kouvolan kautta ja sunnuntaisin kello 10.06 Jyv\u00e4skyl\u00e4n ja Tampereen kautta.<\/p>\n<p>Helsingist\u00e4 Kuopioon p\u00e4\u00e4see jatkossa vanhojen vuorojen lis\u00e4ksi lauantaisin kello 12 Tampereen ja Jyv\u00e4skyl\u00e4n kautta sek\u00e4 kello 15.24 Kouvolan kautta.<\/p>\n<p>Joulukuussa liikenteens\u00e4 aloittavien junavuorojen lis\u00e4ksi aikataulutarjontaa tullaan t\u00e4ydent\u00e4m\u00e4\u00e4n viel\u00e4 2. helmikuuta alkaen perjantaisin ja sunnuntaisin Helsingist\u00e4 Kuopioon klo 15.24 Kouvolan kautta kulkevalla vuorolla.<\/p>\n<p>Kuopion lis\u00e4ksi uusia vuoroja lis\u00e4t\u00e4\u00e4n erityisesti it\u00e4radalle Joensuun reitille sek\u00e4 Pendolino Plus -junien my\u00f6t\u00e4 Ouluun.<\/p>\n<p>VR:n mukaan junaliikenteen suosion matkustusmuotona on kasvanut viime vuoteen verrattuna entisest\u00e4\u00e4n.<\/p>\n","protected":false},"excerpt":{"rendered":"VR tiedottaa lis\u00e4\u00e4v\u00e4ns\u00e4 uusia junavuoroja Kuopion ja Helsingin v\u00e4lille kysytyimmille ajankohdille. Rautatieyhti\u00f6 lis\u00e4\u00e4 14. joulukuuta alkaen kahdeksan uutta&hellip;\n","protected":false},"author":2,"featured_media":106809,"comment_status":"","ping_status":"","sticky":false,"template":"","format":"standard","meta":{"footnotes":""},"categories":[12],"tags":[22,23,26,27,33,31,30,17,104,2887,425,1132,24,25,121,951,28,29,953,15,18,21,32,19,20,16],"class_list":{"0":"post-106808","1":"post","2":"type-post","3":"status-publish","4":"format-standard","5":"has-post-thumbnail","7":"category-suomi","8":"tag-breaking-news","9":"tag-breakingnews","10":"tag-featured-news","11":"tag-featurednews","12":"tag-fi","13":"tag-finland","14":"tag-finnish","15":"tag-headlines","16":"tag-helsinki","17":"tag-julkinen-liikenne","18":"tag-jyvaskyla","19":"tag-kuopio","20":"tag-latest-news","21":"tag-latestnews","22":"tag-liikenne-ja-kuljetus","23":"tag-maaliikenne-putkijohtokuljetus","24":"tag-main-news","25":"tag-mainnews","26":"tag-matkustajaliikenne","27":"tag-news","28":"tag-otsikot","29":"tag-paauutiset","30":"tag-suomi","31":"tag-top-stories","32":"tag-topstories","33":"tag-uutiset"},"share_on_mastodon":{"url":"","error":""},"_links":{"self":[{"href":"https:\/\/www.europesays.com\/fi\/wp-json\/wp\/v2\/posts\/106808","targetHints":{"allow":["GET"]}}],"collection":[{"href":"https:\/\/www.europesays.com\/fi\/wp-json\/wp\/v2\/posts"}],"about":[{"href":"https:\/\/www.europesays.com\/fi\/wp-json\/wp\/v2\/types\/post"}],"author":[{"embeddable":true,"href":"https:\/\/www.europesays.com\/fi\/wp-json\/wp\/v2\/users\/2"}],"replies":[{"embeddable":true,"href":"https:\/\/www.europesays.com\/fi\/wp-json\/wp\/v2\/comments?post=106808"}],"version-history":[{"count":0,"href":"https:\/\/www.europesays.com\/fi\/wp-json\/wp\/v2\/posts\/106808\/revisions"}],"wp:featuredmedia":[{"embeddable":true,"href":"https:\/\/www.europesays.com\/fi\/wp-json\/wp\/v2\/media\/106809"}],"wp:attachment":[{"href":"https:\/\/www.europesays.com\/fi\/wp-json\/wp\/v2\/media?parent=106808"}],"wp:term":[{"taxonomy":"category","embeddable":true,"href":"https:\/\/www.europesays.com\/fi\/wp-json\/wp\/v2\/categories?post=106808"},{"taxonomy":"post_tag","embeddable":true,"href":"https:\/\/www.europesays.com\/fi\/wp-json\/wp\/v2\/tags?post=106808"}],"curies":[{"name":"wp","href":"https:\/\/api.w.org\/{rel}","templated":true}]}}