{"id":106810,"date":"2025-12-03T17:09:09","date_gmt":"2025-12-03T17:09:09","guid":{"rendered":"https:\/\/www.europesays.com\/fi\/106810\/"},"modified":"2025-12-03T17:09:09","modified_gmt":"2025-12-03T17:09:09","slug":"nyt-puhuu-uusi-yle-pomo-tama-muuttuu-hanen-vahtivuorollaan","status":"publish","type":"post","link":"https:\/\/www.europesays.com\/fi\/106810\/","title":{"rendered":"Nyt puhuu uusi Yle-pomo \u2013 T\u00e4m\u00e4 muuttuu h\u00e4nen vahtivuorollaan"},"content":{"rendered":"<p>Ylen hallituksen puheenjohtajana kev\u00e4\u00e4ll\u00e4 2026 aloittava Kari Kivel\u00e4, 66, kertoo, mit\u00e4 h\u00e4n ajattelee Ylest\u00e4 ja Ylen rahoituksesta.<\/p>\n<p><img decoding=\"async\" class=\"image image-show image-preview\" src=\"https:\/\/www.europesays.com\/fi\/wp-content\/uploads\/2025\/12\/9da462fc6d23442e1c415ea2c0f2e56b023b98b7de906b68b53ba105ad1d386e.jpg\" alt=\"\"\/><img decoding=\"async\" class=\"image image-show\" src=\"https:\/\/www.europesays.com\/fi\/wp-content\/uploads\/2025\/12\/1764781749_984_9da462fc6d23442e1c415ea2c0f2e56b023b98b7de906b68b53ba105ad1d386e.jpg\" alt=\"\"\/><\/p>\n<p>Kari Kivel\u00e4 valittiin Ylen hallituksen seuraavaksi puheenjohtajaksi. H\u00e4n aloittaa teht\u00e4v\u00e4ss\u00e4\u00e4n toukokuussa 2026. Jenni G\u00e4stgivar<\/p>\n<p class=\"paragraph\">Iltalehden vastaavana p\u00e4\u00e4toimittajana ja kustantajana vuosina 2005\u20132018 toiminut <strong>Kari Kivel\u00e4<\/strong> aloittaa ensi vuoden kev\u00e4\u00e4ll\u00e4 Ylen hallituksen puheenjohtajana.<\/p>\n<p class=\"paragraph\">New Yorkissa lomamatkalla oleva Kivel\u00e4 kertoo t\u00e4ss\u00e4 haastattelussa, mit\u00e4 mielt\u00e4 h\u00e4n on Ylest\u00e4, Ylen rahoituksesta ja Ylen sis\u00e4ll\u00f6ist\u00e4. Kivel\u00e4 paljastaa my\u00f6s yhden asian, mihin h\u00e4n ei miss\u00e4\u00e4n nimess\u00e4 aio puuttua hallituksen puheenjohtajana.<\/p>\n<p class=\"paragraph\">Kivel\u00e4n mukaan h\u00e4nt\u00e4 kiinnostaa uudessa teht\u00e4v\u00e4ss\u00e4\u00e4n vastuullinen tiedonv\u00e4litys ja mahdollisuus auttaa Yle\u00e4 sen haasteissa.<\/p>\n<p class=\"paragraph\"><strong>Mit\u00e4 n\u00e4m\u00e4 haasteet ovat?<\/strong><\/p>\n<p class=\"paragraph\">\u2013 N\u00e4it\u00e4 haasteita ovat julkisuudessakin ollut tarve lis\u00e4t\u00e4 yhti\u00f6n avoimuutta ja l\u00e4pin\u00e4kyvyytt\u00e4 siihen, mihin veroeurot k\u00e4ytet\u00e4\u00e4n. Erityisesti nuorten ihmisten tavoittaminen on haaste, joka koskee kaikkia medioita, Kivel\u00e4 sanoo.<\/p>\n<p class=\"paragraph\"><strong>Suhtauduit Iltalehden vastaavana p\u00e4\u00e4toimittajana ja kustantajana Yleen kriittisesti. Aiotko suhtautua Yleen nyt my\u00f6nteisesti?<\/strong><\/p>\n<p class=\"paragraph\">\u2013 Joihinkin asioihin suhtauduimme kriittisesti, ja joihinkin asioihin tietenkin my\u00f6nteisesti. Olen aina puolustanut sit\u00e4, ett\u00e4 kansalaisille on hyv\u00e4, ett\u00e4 julkisen palvelun ja kaupallisen median v\u00e4lill\u00e4 on hyv\u00e4 tasapaino. Ylen vastuuseen ja veroeurojen k\u00e4ytt\u00f6\u00f6n kuuluu se, ett\u00e4 ollaan tarkkoja siin\u00e4, ettei valtion tuella ik\u00e4\u00e4n kuin v\u00e4\u00e4ristet\u00e4 kilpailua.<\/p>\n<p class=\"paragraph\"><strong>Mik\u00e4 muuttuu Yless\u00e4 vahtivuorollasi?<\/strong><\/p>\n<p class=\"paragraph\">\u2013 En usko, ett\u00e4 t\u00e4st\u00e4 on suurta erimielisyytt\u00e4, ja siit\u00e4 on yhti\u00f6n sis\u00e4ll\u00e4 varmasti jo puhuttu, mutta juuri t\u00e4m\u00e4 l\u00e4pin\u00e4kyvyys ja avoimuus, joka sopii hyvin julkisen palvelun yhti\u00f6n teht\u00e4v\u00e4\u00e4n.<\/p>\n<p class=\"paragraph\"><strong>Pit\u00e4\u00e4k\u00f6 Ylen toiminnan<\/strong> <strong>olla yht\u00e4 tehokkaasti suunniteltua ja toimivaa kuin kaupallisessa mediayhti\u00f6ss\u00e4?<\/strong><\/p>\n<p class=\"paragraph\">\u2013 Kyll\u00e4. Tehokkuuteen liittyy tietenkin my\u00f6s hyv\u00e4 yleis\u00f6suhde, mutta parhaista k\u00e4yt\u00e4nn\u00f6ist\u00e4 \u2013 olivat ne sitten julkiselta tai yksityiselt\u00e4 puolella \u2013 on aina hyv\u00e4 ottaa opiksi ja pyrki\u00e4 seuraamaan niit\u00e4.<\/p>\n<p class=\"paragraph\">Kivel\u00e4 ei halua viel\u00e4 ottaa kantaa siihen, miss\u00e4 Yle voisi tehostaa toimintaansa.<\/p>\n<p class=\"paragraph\">\u2013 Tietopohjani ei ole siihen viel\u00e4 riitt\u00e4v\u00e4.<\/p>\n<p>\u201dYlell\u00e4 erinomaiset mahdollisuudet\u201d<\/p>\n<p class=\"paragraph\"><strong>Matias Marttisen<\/strong> (kok) johtama parlamentaarinen ty\u00f6ryhm\u00e4 p\u00e4\u00e4tti Ylen rahoituksen <a href=\"https:\/\/valtioneuvosto.fi\/-\/1410829\/parlamentaarinen-yle-tyoryhma-vahentaa-ylen-rahoitusta-ja-edistaa-avoimuutta\" target=\"_blank\" rel=\"noopener nofollow\">leikkaamisesta<\/a> syyskuussa 2024. S\u00e4\u00e4st\u00f6jen seurauksena Yle antoi potkut 170 ihmiselle. L\u00e4hes yht\u00e4 suuri joukko ihmisi\u00e4 j\u00e4tti yhti\u00f6n muulla tavalla.<\/p>\n<p class=\"paragraph\"><strong>Mit\u00e4 mielt\u00e4 olit Ylen nykyisen hallituksen p\u00e4\u00e4t\u00f6ksest\u00e4 jatkaa johdon rahallista palkitsemista tilanteessa, jossa yhti\u00f6 oli juuri irtisanonut s\u00e4\u00e4st\u00f6jen takia 170 ihmist\u00e4?<\/strong><\/p>\n<p class=\"paragraph\">\u2013 Minulla ei ole t\u00e4h\u00e4n tarvittavaa taustatietoa, jotta voisin kommentoida t\u00e4t\u00e4 p\u00e4\u00e4t\u00f6st\u00e4 ja sen perusteita.<\/p>\n<p class=\"paragraph\"><strong>Onko Yle liian suuri mediayhti\u00f6 Suomeen?<\/strong><\/p>\n<p class=\"paragraph\">\u2013 Nyth\u00e4n siihen on otettu kantaa aika voimakkaasti, jos verrataan edelt\u00e4v\u00e4\u00e4n aikaan. Yhti\u00f6n on sopeuduttava pienempiin resursseihin, mutta edelleen n\u00e4en resurssit sellaisena, ett\u00e4 Ylell\u00e4 on erinomaiset mahdollisuudet onnistua siin\u00e4 lakis\u00e4\u00e4teisess\u00e4 teht\u00e4v\u00e4ss\u00e4\u00e4n, joka on toki aika laaja ja velvoittava.<\/p>\n<p>Kari Kivel\u00e4 toimi pitk\u00e4\u00e4n Iltalehden vastaavana p\u00e4\u00e4toimittajana ja kustantajana. Jenni G\u00e4stgivar<\/p>\n<p class=\"paragraph\">Kivel\u00e4n mukaan h\u00e4nen kaudellaan Yless\u00e4 tullaan pohtimaan toiminnan strategisia painopisteit\u00e4 eli sit\u00e4, mit\u00e4 Ylen on pakko tehd\u00e4 ja mik\u00e4 ei ole aivan v\u00e4ltt\u00e4m\u00e4t\u00f6nt\u00e4.<\/p>\n<p class=\"paragraph\">\u2013 N\u00e4it\u00e4 painopisteit\u00e4 on varmasti jouduttu jo pohtimaan yhti\u00f6ss\u00e4, kun t\u00e4m\u00e4 sopeuttamistarve on ollut esill\u00e4. Varmasti t\u00e4m\u00e4 ty\u00f6 tulee jatkumaan.<\/p>\n<p class=\"paragraph\"><strong>Mit\u00e4 Ylen sis\u00e4lt\u00f6j\u00e4 itse kulutat?<\/strong><\/p>\n","protected":false},"excerpt":{"rendered":"Ylen hallituksen puheenjohtajana kev\u00e4\u00e4ll\u00e4 2026 aloittava Kari Kivel\u00e4, 66, kertoo, mit\u00e4 h\u00e4n ajattelee Ylest\u00e4 ja Ylen rahoituksesta. Kari&hellip;\n","protected":false},"author":2,"featured_media":106811,"comment_status":"","ping_status":"","sticky":false,"template":"","format":"standard","meta":{"footnotes":""},"categories":[5],"tags":[35,22,23,26,27,33,31,30,17,24,25,28,29,1616,15,18,21,637,32,19,20,860,16,7249],"class_list":{"0":"post-106810","1":"post","2":"type-post","3":"status-publish","4":"format-standard","5":"has-post-thumbnail","7":"category-otsikot","8":"tag-24h","9":"tag-breaking-news","10":"tag-breakingnews","11":"tag-featured-news","12":"tag-featurednews","13":"tag-fi","14":"tag-finland","15":"tag-finnish","16":"tag-headlines","17":"tag-latest-news","18":"tag-latestnews","19":"tag-main-news","20":"tag-mainnews","21":"tag-media-viestinta","22":"tag-news","23":"tag-otsikot","24":"tag-paauutiset","25":"tag-politiikka","26":"tag-suomi","27":"tag-top-stories","28":"tag-topstories","29":"tag-tyoelama","30":"tag-uutiset","31":"tag-yrityksen-johtaminen"},"share_on_mastodon":{"url":"https:\/\/pubeurope.com\/@fi\/115656744327709810","error":""},"_links":{"self":[{"href":"https:\/\/www.europesays.com\/fi\/wp-json\/wp\/v2\/posts\/106810","targetHints":{"allow":["GET"]}}],"collection":[{"href":"https:\/\/www.europesays.com\/fi\/wp-json\/wp\/v2\/posts"}],"about":[{"href":"https:\/\/www.europesays.com\/fi\/wp-json\/wp\/v2\/types\/post"}],"author":[{"embeddable":true,"href":"https:\/\/www.europesays.com\/fi\/wp-json\/wp\/v2\/users\/2"}],"replies":[{"embeddable":true,"href":"https:\/\/www.europesays.com\/fi\/wp-json\/wp\/v2\/comments?post=106810"}],"version-history":[{"count":0,"href":"https:\/\/www.europesays.com\/fi\/wp-json\/wp\/v2\/posts\/106810\/revisions"}],"wp:featuredmedia":[{"embeddable":true,"href":"https:\/\/www.europesays.com\/fi\/wp-json\/wp\/v2\/media\/106811"}],"wp:attachment":[{"href":"https:\/\/www.europesays.com\/fi\/wp-json\/wp\/v2\/media?parent=106810"}],"wp:term":[{"taxonomy":"category","embeddable":true,"href":"https:\/\/www.europesays.com\/fi\/wp-json\/wp\/v2\/categories?post=106810"},{"taxonomy":"post_tag","embeddable":true,"href":"https:\/\/www.europesays.com\/fi\/wp-json\/wp\/v2\/tags?post=106810"}],"curies":[{"name":"wp","href":"https:\/\/api.w.org\/{rel}","templated":true}]}}