{"id":106812,"date":"2025-12-03T17:21:09","date_gmt":"2025-12-03T17:21:09","guid":{"rendered":"https:\/\/www.europesays.com\/fi\/106812\/"},"modified":"2025-12-03T17:21:09","modified_gmt":"2025-12-03T17:21:09","slug":"lotta-ja-pappa-kohun-keskella-lauluvideosta-kamalat-seuraamukset","status":"publish","type":"post","link":"https:\/\/www.europesays.com\/fi\/106812\/","title":{"rendered":"Lotta ja pappa kohun keskell\u00e4 \u2013 lauluvideosta kamalat seuraamukset"},"content":{"rendered":"<p>            Timo Korhonen\n        <\/p>\n<p class=\"subtitle \">Lotta teki rajun ratkaisun sen j\u00e4lkeen, kun jouluinen lauluvideo aiheutti kamalia seuraamuksia.<\/p>\n<p class=\"article-content article-content-width !bg-background\">Lotta ja pappa -duon videosta koitua harmia, jonka vuoksi\u00a0 joutui tekem\u00e4\u00e4n rajun ratkaisun.<\/p>\n<p class=\"font-weight-bold m-font-weight-bold article-content article-content-width !bg-background\">Video: Minna Kuukan piparitalot.<\/p>\n<p class=\"article-content article-content-width !bg-background\">Lotta on tehnyt isois\u00e4ns\u00e4 Jorman kanssa <a href=\"https:\/\/www.youtube.com\/watch?v=vAz4ngKsQ3E\" target=\"_blank\" rel=\"nofollow noopener\">Youtube-videon<\/a>, jolla laulaa Syd\u00e4meeni joulun teen -kappaletta.<\/p>\n<p class=\"article-content article-content-width !bg-background\">Video julkaistiin keskiviikkona 3. joulukuuta. Siin\u00e4 Jormalla on her\u00e4nnyt huoli joulunviettoon liittyv\u00e4st\u00e4 asiasta.<\/p>\n<p class=\"article-content article-content-width !bg-background\">\u2013 Voi voi, jos viel\u00e4 olisi saanut tuon saunan, ett\u00e4 se toimisi&#8230; h\u00e4n kertoo tilanteesta.<\/p>\n<p class=\"article-content article-content-width !bg-background\">Kiuas on hajonnut, eik\u00e4 saunaan toistaiseksi p\u00e4\u00e4se. Asialla on hieman kiire, ja Lotta ja Pappa toteavatkin yhdess\u00e4, ett\u00e4 se pit\u00e4isi saada jouluksi. Sauna kun on olennainen osa joulunviettoa.<\/p>\n<p class=\"article-content article-content-width !bg-background\">\u2013 T\u00e4m\u00e4 meni nyt saunakeskusteluksi, mutta sauna kuuluu jouluun! Lotta tokaisee iloisena.<\/p>\n<p>&#8221;Rahastaa papalla&#8221;<\/p>\n<p class=\"article-content article-content-width !bg-background\">Videolle on kuitenkin tullut <a href=\"https:\/\/www.facebook.com\/lottajapappa\" target=\"_blank\" rel=\"nofollow noopener\">Facebookin puolella <\/a>varsin ilkeit\u00e4 kommentteja. Lottaaa on syytetty j\u00e4lleen kerran papalla &#8221;rahastamisesta&#8221; ja heid\u00e4n saunaan liittyv\u00e4 huolenaiheensakin ole her\u00e4tt\u00e4nyt mielipahaa. Lotta on vastannut er\u00e4\u00e4seen kommenttiin:<\/p>\n<p class=\"article-content article-content-width !bg-background\">\u2013\u00a0Nyt en ollenkaan ymm\u00e4rr\u00e4 mist\u00e4 on kyse. N\u00e4ill\u00e4 videoilla emme tienaa yht\u00e4\u00e4n mit\u00e4\u00e4n. Ne ovat t\u00e4ysin harrastus. Kuka rahastaa ja mill\u00e4? Ja jos tarkoitat ett\u00e4 puhun v\u00e4lill\u00e4 t\u00f6ist\u00e4ni, niin onko se kielletty\u00e4? Vai ovatko vain tietyt ammatit kiellettyj\u00e4 \u2013 jos ty\u00f6skentelisin kaupan kassalla, saisinko siit\u00e4 puhua? Olisi kiva kuulla mitk\u00e4 aiheet ovat kiellettyj\u00e4 ja mist\u00e4 saa puhua. Kiitos. t. Lotta, h\u00e4n kommentoi.<\/p>\n<p>        <a itemprop=\"url\" href=\"https:\/\/www.seiska.fi\/katso\/unohtumattomat-hammentaa-katsojia-mika-on-totuus-lotasta\/1941206\" rel=\"nofollow noopener\" target=\"_blank\"><\/p>\n<p>\nLotta ja pappa\n<\/p>\n<p class=\"section-date\">\n        <strong class=\"article-section\" data-section=\"katso\"><br \/>\n            katso<br \/>\n        <\/strong><br \/>\n        25.9. 13:15\n    <\/p>\n<p>Unohtumattomat h\u00e4mment\u00e4\u00e4 katsojia: Mik\u00e4 on totuus Lotasta?\n    <\/p>\n<p itemprop=\"description\" class=\"subtitle \">\n    Lotta-Sofia Saahko vastaa katsojien kummasteluun pappansa omaishoitajuudesta.\n<\/p>\n<p>        <\/a><\/p>\n<p>Puuttui peliin<\/p>\n<p class=\"article-content article-content-width !bg-background\">Kommentointi eksyi lopulta sellaisille raiteille, ett\u00e4 Lotan oli teht\u00e4v\u00e4 painava p\u00e4\u00e4t\u00f6s ja puututtava asiaan.\u00a0<\/p>\n<p class=\"article-content article-content-width !bg-background\">Lis\u00e4ksi Lotan on t\u00e4ytynyt kokonaan poistaa inhottavat kommentit, mutta h\u00e4n kertoo Facebook-tilill\u00e4, ett\u00e4 poistamisesta huolimatta ne tuntuvat pahalta.\u00a0<\/p>\n<p class=\"article-content article-content-width !bg-background\">Lotan oli tarkoitus lukea kivoja kommentteja papalle \u00e4\u00e4neen, mutta niiden sijaan kommenteissa oli syyttely\u00e4 ja pahantahtoisia huomautuksia.<\/p>\n<p class=\"article-content article-content-width !bg-background\">\u2013 Hei, laulujemme tarkoitus on aina ollut ilahduttaa. Emme toivo niiden kommenttikenttiin riitoja. Olemme aina jutelleet avoimesti el\u00e4m\u00e4st\u00e4mme, joten jos et kest\u00e4 sit\u00e4 tietoa ett\u00e4 pappa haaveilee kiukaasta tai ett\u00e4 min\u00e4 kirjoitan kirjaa, ole yst\u00e4v\u00e4llinen \u00e4l\u00e4k\u00e4 katso videoita \u2013 mutta \u00e4l\u00e4 my\u00f6sk\u00e4\u00e4n kirjoita ilkeit\u00e4 kommentteja, h\u00e4n <a href=\"https:\/\/www.facebook.com\/lottajapappa\" target=\"_blank\" rel=\"nofollow noopener\">kirjoittaa Facebookissa<\/a>.<\/p>\n<p class=\"article-content article-content-width !bg-background\">Viel\u00e4 t\u00e4m\u00e4n artikkelin kirjoittamisen aikaan Lotta puntaroi, pit\u00e4isik\u00f6 h\u00e4nen leikata kokonaan lauluvideolta pois se osuus, jossa he kertovat saunan kiukaasta. Toistaiseksi osuus on videolla viel\u00e4 tallella.<\/p>\n<p>        <a itemprop=\"url\" href=\"https:\/\/www.seiska.fi\/katso\/ylen-kotimainen-uutuussarja-sai-katsojat-itkemaan-silmat-paastaan\/1935195\" rel=\"nofollow noopener\" target=\"_blank\"><\/p>\n<p>\nYlen kotimainen uutuussarja\n<\/p>\n<p class=\"section-date\">\n        <strong class=\"article-section\" data-section=\"katso\"><br \/>\n            katso<br \/>\n        <\/strong><br \/>\n        19.9. 06:15\n    <\/p>\n<p>Ylen kotimainen uutuussarja sai katsojat itkem\u00e4\u00e4n silm\u00e4t p\u00e4\u00e4st\u00e4\u00e4n\n    <\/p>\n<p itemprop=\"description\" class=\"subtitle \">\n    Lotta ja pappa -duo on sulattanut katsojien syd\u00e4met.\n<\/p>\n<p>        <\/a><\/p>\n","protected":false},"excerpt":{"rendered":"Timo Korhonen Lotta teki rajun ratkaisun sen j\u00e4lkeen, kun jouluinen lauluvideo aiheutti kamalia seuraamuksia. Lotta ja pappa -duon&hellip;\n","protected":false},"author":2,"featured_media":106813,"comment_status":"","ping_status":"","sticky":false,"template":"","format":"standard","meta":{"footnotes":""},"categories":[136],"tags":[407,137,33,31,30,10716,5856,408,1749,3002,11612,15796,32,109,20082],"class_list":{"0":"post-106812","1":"post","2":"type-post","3":"status-publish","4":"format-standard","5":"has-post-thumbnail","7":"category-julkkikset","8":"tag-celebrities","9":"tag-entertainment","10":"tag-fi","11":"tag-finland","12":"tag-finnish","13":"tag-jorma-saahko","14":"tag-joulu","15":"tag-julkkikset","16":"tag-kommentit","17":"tag-lotta-ja-pappa","18":"tag-lotta-sofia-saahko","19":"tag-sauna","20":"tag-suomi","21":"tag-viihde","22":"tag-youtube-video"},"share_on_mastodon":{"url":"https:\/\/pubeurope.com\/@fi\/115656791412765356","error":""},"_links":{"self":[{"href":"https:\/\/www.europesays.com\/fi\/wp-json\/wp\/v2\/posts\/106812","targetHints":{"allow":["GET"]}}],"collection":[{"href":"https:\/\/www.europesays.com\/fi\/wp-json\/wp\/v2\/posts"}],"about":[{"href":"https:\/\/www.europesays.com\/fi\/wp-json\/wp\/v2\/types\/post"}],"author":[{"embeddable":true,"href":"https:\/\/www.europesays.com\/fi\/wp-json\/wp\/v2\/users\/2"}],"replies":[{"embeddable":true,"href":"https:\/\/www.europesays.com\/fi\/wp-json\/wp\/v2\/comments?post=106812"}],"version-history":[{"count":0,"href":"https:\/\/www.europesays.com\/fi\/wp-json\/wp\/v2\/posts\/106812\/revisions"}],"wp:featuredmedia":[{"embeddable":true,"href":"https:\/\/www.europesays.com\/fi\/wp-json\/wp\/v2\/media\/106813"}],"wp:attachment":[{"href":"https:\/\/www.europesays.com\/fi\/wp-json\/wp\/v2\/media?parent=106812"}],"wp:term":[{"taxonomy":"category","embeddable":true,"href":"https:\/\/www.europesays.com\/fi\/wp-json\/wp\/v2\/categories?post=106812"},{"taxonomy":"post_tag","embeddable":true,"href":"https:\/\/www.europesays.com\/fi\/wp-json\/wp\/v2\/tags?post=106812"}],"curies":[{"name":"wp","href":"https:\/\/api.w.org\/{rel}","templated":true}]}}